{"id":9790,"date":"2021-07-01T17:08:39","date_gmt":"2021-07-01T14:08:39","guid":{"rendered":"http:\/\/basarabeasca.md\/?p=9790"},"modified":"2021-07-01T17:09:14","modified_gmt":"2021-07-01T14:09:14","slug":"cu-privire-la-convocarea-consiliului-raional-basarabeasca-in-sedinta-extraordinara","status":"publish","type":"post","link":"https:\/\/basarabeasca.md\/ru\/2021\/07\/cu-privire-la-convocarea-consiliului-raional-basarabeasca-in-sedinta-extraordinara\/","title":{"rendered":"Cu privire la convocarea Consiliului  raional Basarabeasca \u00een \u015fedin\u0163\u0103 extraordinar\u0103"},"content":{"rendered":"<p><a href=\"http:\/\/basarabeasca.md\/wp-content\/uploads\/2021\/07\/Cu-privire-la-convocarea-Consiliului-raional-Basarabeasca-in-sedinta-extraordinara.pdf\">Cu privire la convocarea Consiliului raional Basarabeasca \u00een \u015fedin\u0163\u0103 extraordinar\u0103<\/a> PDF<\/p>\n<ol>\n<li>Se convoac\u0103 Consiliul raional Basarabeasca \u00een \u015fedin\u0163\u0103 extraordinar\u0103 la 05 iulie 2021, ora 10.00, \u00een incinta Centrului Raional de Crea\u0163ie a Copiilor \u201eLuceaf\u0103rul\u201d, str. Karl Marx, 56, sala de \u015fedin\u0163e, etajul II, cu urm\u0103torul proiect al ordinii de zi:<\/li>\n<\/ol>\n<p><strong>\u00a0\u00a0\u00a0\u00a0 Cu privire la acceptarea \u00een\u00a0 proprietatea raionului a unui mijloc de\u00a0\u00a0 <\/strong><\/p>\n<p><strong>\u00a0\u00a0\u00a0\u00a0 transport.<\/strong><\/p>\n<p><em>\u00a0\u00a0\u00a0\u00a0\u00a0\u00a0\u00a0\u00a0\u00a0 <\/em><em>Raportor: Piotr Pu\u015fcari, pre\u015fedinte al raionului<\/em><\/p>\n<p><strong>\u00a0\u00a0\u00a0\u00a0\u00a0\u00a0\u00a0\u00a0\u00a0 <\/strong><strong>Cu privire la unele complet\u0103ri \u00een decizia Consiliului rational\u00a0\u00a0 <\/strong><\/p>\n<p><strong>\u00a0\u00a0\u00a0\u00a0\u00a0\u00a0\u00a0\u00a0\u00a0 Basarabeasca\u00a0 nr. 01\/05 din 25 martie 2021.<\/strong><\/p>\n<p><em>Raportor: Gheorghe Livi\u0163chi, secretar interimar al Consiliului raional<\/em><\/p>\n<p>&nbsp;<\/p>\n<ol start=\"2\">\n<li>Se stabile\u015fte c\u0103 \u015fedin\u0163a extraordinar\u0103 a Consiliului raional Basarabeasca din data de 05 iulie 2021 se va desf\u0103\u015fura cu respectarea m\u0103surilor de protec\u0163ie stabilite \u00een leg\u0103tur\u0103 cu situa\u0163ia epidemiologic\u0103 a infec\u0163iei COVID \u2013 19.<\/li>\n<li>Responsabilitatea pentru organizarea \u015fi desf\u0103\u015furarea \u015fedin\u0163ei Consiliului raional mi-o asum personal.<\/li>\n<\/ol>\n<p><\/p>","protected":false},"excerpt":{"rendered":"<p>Cu privire la convocarea Consiliului raional Basarabeasca \u00een \u015fedin\u0163\u0103 extraordinar\u0103 PDF Se convoac\u0103 Consiliul raional Basarabeasca \u00een \u015fedin\u0163\u0103 extraordinar\u0103 la 05 iulie 2021, ora 10.00, \u00een incinta Centrului Raional de Crea\u0163ie a Copiilor \u201eLuceaf\u0103rul\u201d, str. Karl Marx, 56, sala de \u015fedin\u0163e, etajul II, cu urm\u0103torul proiect al ordinii de zi: \u00a0\u00a0\u00a0\u00a0 Cu privire la acceptarea [&hellip;]<\/p>\n","protected":false},"author":6,"featured_media":8483,"comment_status":"open","ping_status":"open","sticky":false,"template":"","format":"standard","meta":{"footnotes":""},"categories":[9],"tags":[],"class_list":["post-9790","post","type-post","status-publish","format-standard","has-post-thumbnail","hentry","category-noutati-si-evenimente"],"_links":{"self":[{"href":"https:\/\/basarabeasca.md\/ru\/wp-json\/wp\/v2\/posts\/9790","targetHints":{"allow":["GET"]}}],"collection":[{"href":"https:\/\/basarabeasca.md\/ru\/wp-json\/wp\/v2\/posts"}],"about":[{"href":"https:\/\/basarabeasca.md\/ru\/wp-json\/wp\/v2\/types\/post"}],"author":[{"embeddable":true,"href":"https:\/\/basarabeasca.md\/ru\/wp-json\/wp\/v2\/users\/6"}],"replies":[{"embeddable":true,"href":"https:\/\/basarabeasca.md\/ru\/wp-json\/wp\/v2\/comments?post=9790"}],"version-history":[{"count":1,"href":"https:\/\/basarabeasca.md\/ru\/wp-json\/wp\/v2\/posts\/9790\/revisions"}],"predecessor-version":[{"id":9792,"href":"https:\/\/basarabeasca.md\/ru\/wp-json\/wp\/v2\/posts\/9790\/revisions\/9792"}],"wp:featuredmedia":[{"embeddable":true,"href":"https:\/\/basarabeasca.md\/ru\/wp-json\/wp\/v2\/media\/8483"}],"wp:attachment":[{"href":"https:\/\/basarabeasca.md\/ru\/wp-json\/wp\/v2\/media?parent=9790"}],"wp:term":[{"taxonomy":"category","embeddable":true,"href":"https:\/\/basarabeasca.md\/ru\/wp-json\/wp\/v2\/categories?post=9790"},{"taxonomy":"post_tag","embeddable":true,"href":"https:\/\/basarabeasca.md\/ru\/wp-json\/wp\/v2\/tags?post=9790"}],"curies":[{"name":"wp","href":"https:\/\/api.w.org\/{rel}","templated":true}]}}