{"id":8798,"date":"2020-08-21T12:07:46","date_gmt":"2020-08-21T09:07:46","guid":{"rendered":"http:\/\/basarabeasca.md\/?p=8798"},"modified":"2020-08-21T12:08:15","modified_gmt":"2020-08-21T09:08:15","slug":"anunt-de-convocare-in-sedinta-ordinara-a-consiliului-raional-basarabeasca","status":"publish","type":"post","link":"https:\/\/basarabeasca.md\/ru\/2020\/08\/anunt-de-convocare-in-sedinta-ordinara-a-consiliului-raional-basarabeasca\/","title":{"rendered":"Anun\u021b de convocare \u00een \u0219edin\u021b\u0103 ordinar\u0103 a Consiliului Raional Basarabeasca"},"content":{"rendered":"<p>\u00cen conformitate cu art. 45 alin. (1) \u015fi (3) al Legii nr. 436-XVI din 28 decembrie 2006 privind administra\u0163ia public\u0103 local\u0103, <em>(MO nr. 32-35\/2007 art.116)<\/em>,<\/p>\n<p><strong>\u00a0<\/strong>Se convoac\u0103 Consiliul raional Basarabeasca \u00een \u015fedin\u0163\u0103 ordinar\u0103 la <strong>25 august 2020, ora 10.00<\/strong>, \u00een incinta Centrului Raional de Crea\u0163ie a Copiilor \u201eLuceaf\u0103rul\u201d, str. Karl Marx, 56, sala de \u015fedin\u0163e, etajul II, cu urm\u0103torul proiect al ordinii de zi <em>(proiectul se anexeaz\u0103)<\/em>.<\/p>\n<ol>\n<li>Se stabile\u015fte c\u0103 \u015fedin\u0163a ordinar\u0103 a Consiliului raional Basarabeasca din data de 25 august 2020 se va desf\u0103\u015fura cu respectarea distan\u0163ei sociale stabilite \u00een leg\u0103tur\u0103 cu situa\u0163ia epidemiologic\u0103 a infec\u0163iei COVID \u2013 19, asigurarea tuturor participan\u0163ilor la \u015fedin\u0163a Consiliului cu m\u0103\u015fti \u015fi m\u0103nu\u015fi medicale, dezinfectan\u0163i pentru igiena personal\u0103 la intrarea \u00een sala de \u015fedin\u0163\u0103.<\/li>\n<li>Responsabilitatea pentru organizarea \u015fi desf\u0103\u015furarea \u015fedin\u0163ei Consiliului raional mi-o asum personal.<\/li>\n<li>Prezenta dispozi\u0163ie urmeaz\u0103 a fi adus\u0103 la cuno\u015ftin\u0163a consilierilor raionali, precum \u015fi la cuno\u015ftin\u0163\u0103 public\u0103 prin publicarea pe pagina oficial\u0103 a Consiliului raional: <a href=\"http:\/\/www.basarabeasca.md\">basarabeasca.md<\/a>.<\/li>\n<\/ol>\n<p>Pre\u015fedintele raionului Basarabeasca\u00a0\u00a0\u00a0\u00a0\u00a0\u00a0\u00a0\u00a0\u00a0\u00a0\u00a0\u00a0\u00a0\u00a0\u00a0\u00a0\u00a0\u00a0\u00a0\u00a0\u00a0\u00a0\u00a0\u00a0\u00a0\u00a0\u00a0\u00a0\u00a0\u00a0\u00a0\u00a0\u00a0\u00a0\u00a0\u00a0\u00a0\u00a0\u00a0\u00a0\u00a0\u00a0\u00a0\u00a0\u00a0\u00a0\u00a0\u00a0 Piotr PU\u015eCARI<\/p>\n<p>&nbsp;<\/p>\n<p>&nbsp;<\/p>\n<p><strong>PROIECTUL ORDINII DE ZI\u00a0<\/strong><strong>a \u015fedin\u0163ei ordinare a Consiliului Raional Basarabeasca\u00a0<\/strong><strong>din 25 august 2020<\/strong><\/p>\n<p><strong>\u00a0<\/strong><\/p>\n<p><strong><u>Ora controlului:<\/u><\/strong><\/p>\n<p><strong>Cu privire la rezultatele preg\u0103tirii institu\u0163iilor educa\u0163ionale, din raion, c\u0103tre noul an de studii 2020-2021.<\/strong><\/p>\n<p><em>Raportor: Ecaterina Pascal, \u015fef adjunct al Direc\u0163iei \u00eenv\u0103\u0163\u0103m\u00e2nt general <\/em><\/p>\n<p><em>\u00a0\u00a0\u00a0\u00a0\u00a0\u00a0\u00a0\u00a0\u00a0 Basarabeasca\u00a0\u00a0\u00a0\u00a0\u00a0\u00a0\u00a0\u00a0\u00a0\u00a0\u00a0\u00a0\u00a0\u00a0\u00a0\u00a0\u00a0\u00a0\u00a0\u00a0\u00a0 <\/em><\/p>\n<p><strong>\u00a0<\/strong><\/p>\n<ol>\n<li><strong>Cu privire la executarea bugetului raional pe semestrul I al anului 2020.<\/strong><\/li>\n<\/ol>\n<p><em>\u00a0\u00a0\u00a0\u00a0 Raportor: Maria Muntean, \u015fef adjunct\u00a0 al Direc\u0163iei finan\u0163e<\/em><\/p>\n<p><em>\u00a0<\/em><\/p>\n<ol start=\"2\">\n<li><strong> Cu privire la aprobarea Programului de activitate al Consiliului Raional <\/strong><\/li>\n<\/ol>\n<p><strong>\u00a0\u00a0\u00a0 Basarabeasca pe trimestrul\u00a0 IV al anului 2020.<\/strong><\/p>\n<p><em>\u00a0\u00a0\u00a0 Raportor: Gheorghe Livi\u0163chi, secretar interimar al Consiliului raional<\/em><\/p>\n<ol start=\"3\">\n<li><strong> Cu privire la aprobarea unor dispozi\u0163ii ale pre\u015fedintelui raionului. <\/strong><\/li>\n<\/ol>\n<p><em>\u00a0\u00a0\u00a0 Raportor: Gheorghe Livi\u0163chi, secretar interimar al Consiliului raional<\/em><\/p>\n<ol start=\"4\">\n<li><strong> Cu privire la propunerea CEC a candidaturilor membrilor Consiliului <\/strong><\/li>\n<\/ol>\n<p><strong>\u00a0\u00a0\u00a0 electoral de circumscrip\u0163ie raional\u0103 Basarabeasca.<\/strong><\/p>\n<p><em>\u00a0\u00a0\u00a0 Raportor: Gheorghe Livi\u0163chi, secretar interimar al Consiliului raional<\/em><\/p>\n<ol start=\"5\">\n<li><strong> Cu privire la \u00eencorporarea, \u00een octombrie 2020 &#8212; ianuarie 2021, \u00een <\/strong><\/li>\n<\/ol>\n<p><strong>\u00a0\u00a0\u00a0 r\u00eendurile For\u0163elor Armate \u015fi \u00een Serviciul Civil (de alternativ\u0103) ale <\/strong><\/p>\n<p><strong>\u00a0\u00a0\u00a0 Republicii Moldova, a cet\u0103\u0163enilor n\u0103scu\u0163i \u00een anii 1993-2002.<\/strong><\/p>\n<p><em>\u00a0\u00a0\u00a0 Raportor:Vitali Aculov, specialist superior al Sec\u0163iei administrativ-militare<\/em><\/p>\n<ol start=\"6\">\n<li><strong>\u0421<\/strong><strong>u privire la deschiderea, cu titlu de excep\u0163ie, a unei singure clase a X-a <\/strong><\/li>\n<\/ol>\n<p><strong>\u00a0\u00a0\u00a0\u00a0 liceale \u00een cadrul unor institu\u0163ii de \u00eenv\u0103\u0163\u0103m\u00eent din raion.<\/strong><\/p>\n<p><em>\u00a0\u00a0\u00a0\u00a0 Raportor: Ecaterina Pascal, \u015fef adjunct al Direc\u0163iei \u00eenv\u0103\u0163\u0103m\u00e2nt general<\/em><\/p>\n<ol start=\"7\">\n<li><strong> Cu privire la modificarea deciziei Consiliului raional nr. 02\/04 din 31 <\/strong><\/li>\n<\/ol>\n<p><strong>\u00a0\u00a0\u00a0\u00a0 martie 2020<\/strong><\/p>\n<p><em>\u00a0\u00a0\u00a0 Raportor: Petru Scutari, vicepre\u015fedinte al raionului pe probleme economice<\/em><\/p>\n<ol start=\"8\">\n<li><strong> Cu privire la m\u0103surile de preg\u0103tire a economiei \u015fi sferei sociale a <\/strong><\/li>\n<\/ol>\n<p><strong>\u00a0\u00a0\u00a0 raionului Basarabeasca pentru activitate \u00een perioada de toamn\u0103-iarn\u0103 <\/strong><\/p>\n<p><strong>\u00a0\u00a0\u00a0 2020-2021.<\/strong><\/p>\n<p><em>\u00a0\u00a0\u00a0 Raportor: Egor Nichita, \u015fef al Sec\u0163iei economie<\/em><\/p>\n<p>&nbsp;<\/p>\n","protected":false},"excerpt":{"rendered":"<p>\u00cen conformitate cu art. 45 alin. (1) \u015fi (3) al Legii nr. 436-XVI din 28 decembrie 2006 privind administra\u0163ia public\u0103 local\u0103, (MO nr. 32-35\/2007 art.116), \u00a0Se convoac\u0103 Consiliul raional Basarabeasca \u00een \u015fedin\u0163\u0103 ordinar\u0103 la 25 august 2020, ora 10.00, \u00een incinta Centrului Raional de Crea\u0163ie a Copiilor \u201eLuceaf\u0103rul\u201d, str. Karl Marx, 56, sala de \u015fedin\u0163e, [&hellip;]<\/p>\n","protected":false},"author":2,"featured_media":8483,"comment_status":"open","ping_status":"open","sticky":false,"template":"","format":"standard","meta":{"footnotes":""},"categories":[8],"tags":[],"class_list":["post-8798","post","type-post","status-publish","format-standard","has-post-thumbnail","hentry","category-anunturi"],"_links":{"self":[{"href":"https:\/\/basarabeasca.md\/ru\/wp-json\/wp\/v2\/posts\/8798","targetHints":{"allow":["GET"]}}],"collection":[{"href":"https:\/\/basarabeasca.md\/ru\/wp-json\/wp\/v2\/posts"}],"about":[{"href":"https:\/\/basarabeasca.md\/ru\/wp-json\/wp\/v2\/types\/post"}],"author":[{"embeddable":true,"href":"https:\/\/basarabeasca.md\/ru\/wp-json\/wp\/v2\/users\/2"}],"replies":[{"embeddable":true,"href":"https:\/\/basarabeasca.md\/ru\/wp-json\/wp\/v2\/comments?post=8798"}],"version-history":[{"count":1,"href":"https:\/\/basarabeasca.md\/ru\/wp-json\/wp\/v2\/posts\/8798\/revisions"}],"predecessor-version":[{"id":8799,"href":"https:\/\/basarabeasca.md\/ru\/wp-json\/wp\/v2\/posts\/8798\/revisions\/8799"}],"wp:featuredmedia":[{"embeddable":true,"href":"https:\/\/basarabeasca.md\/ru\/wp-json\/wp\/v2\/media\/8483"}],"wp:attachment":[{"href":"https:\/\/basarabeasca.md\/ru\/wp-json\/wp\/v2\/media?parent=8798"}],"wp:term":[{"taxonomy":"category","embeddable":true,"href":"https:\/\/basarabeasca.md\/ru\/wp-json\/wp\/v2\/categories?post=8798"},{"taxonomy":"post_tag","embeddable":true,"href":"https:\/\/basarabeasca.md\/ru\/wp-json\/wp\/v2\/tags?post=8798"}],"curies":[{"name":"wp","href":"https:\/\/api.w.org\/{rel}","templated":true}]}}