{"id":7673,"date":"2020-01-16T12:59:15","date_gmt":"2020-01-16T10:59:15","guid":{"rendered":"http:\/\/basarabeasca.md\/?p=7673"},"modified":"2020-01-16T13:04:08","modified_gmt":"2020-01-16T11:04:08","slug":"anunt-cu-privire-la-convocarea-consiliului-raional-basarabeasca-in-sedinta-extraordinara-21-ianuarie-2020","status":"publish","type":"post","link":"https:\/\/basarabeasca.md\/ru\/2020\/01\/anunt-cu-privire-la-convocarea-consiliului-raional-basarabeasca-in-sedinta-extraordinara-21-ianuarie-2020\/","title":{"rendered":"ANUN\u021a Cu privire la convocarea Consiliului Raional Basarabeasca \u00een \u015fedin\u0163\u0103 extraordinar\u0103  la 21 ianuarie 2020"},"content":{"rendered":"<p><a href=\"http:\/\/basarabeasca.md\/wp-content\/uploads\/2020\/01\/Dispozi\u0163ie-convocare-2.pdf\">Dispozi\u0163ie convocare (PDF)<\/a><\/p>\n<p>\u00cen conformitate cu art. 45 alin. (2) \u015fi alin. (3) al Legii nr. 436-XVI din 28 decembrie 2006 privind administra\u0163ia public\u0103 local\u0103,<\/p>\n<p><strong>\u00a0 \u00a0\u00a0<\/strong>Se convoac\u0103 Consiliul raional Basarabeasca \u00een \u015fedin\u0163\u0103 extraordinar\u0103 la 21 ianuarie 2020, ora 10.00, \u00een incinta Consiliului raional, etajul II, cu urm\u0103torul proiect al\u00a0 ordinii de zi:<\/p>\n<ol>\n<li><strong> Cu privire la mandatul de consilier atribuit \u00een Consiliul raional <\/strong><\/li>\n<\/ol>\n<p><strong>\u00a0\u00a0\u00a0 Basarabeasca.<\/strong><\/p>\n<p><em>\u00a0\u00a0\u00a0 Raportor: Gheorghe Livi\u0163chi, secretar interimar al Consiliului raional<\/em><\/p>\n<ol start=\"2\">\n<li><strong> Cu privire la corelarea bugetului raional pe anul curent cu Legea<\/strong> <strong>bugetului <\/strong><\/li>\n<\/ol>\n<p><strong>\u00a0\u00a0\u00a0\u00a0 <\/strong><strong>de stat pe anul 2020<\/strong><strong>.<\/strong><\/p>\n<p><strong>\u00a0\u00a0\u00a0 <\/strong><strong>\u00a0\u00a0\u00a0\u00a0<\/strong><em>Raportor:<\/em><em> Maria Muntean, \u0219ef adjunct al Direc\u021biei finan\u021be<\/em><\/p>\n<p><em>\u00a0<\/em><strong>3<\/strong><strong>.<\/strong> <strong>Cu privire la primirea bunurilor, lucr\u0103rilor, serviciilor, \u00eembun\u0103t\u0103\u0163irilor.<\/strong><\/p>\n<p><em>\u00a0\u00a0\u00a0\u00a0 Raportor: Vera Ghimi\u015fli, \u015fef interimar al Sec\u0163iei economie<\/em><\/p>\n<p><strong>\u00a0<\/strong><strong>Cu privire la acceptarea procur\u0103rii unui bun imobil pentru \u0218coala raional\u0103<\/strong><\/p>\n<p><strong>\u00a0\u00a0\u00a0\u00a0 de arte.<\/strong><\/p>\n<p><em>\u00a0 <\/em><em>\u00a0\u00a0\u00a0<\/em><em>Raportor: Piotr Pu\u015fcari, pre\u015fedintele raionului Basarabeasca<\/em><\/p>\n<p><em>\u00a0<\/em><\/p>\n<ol start=\"5\">\n<li><strong>Cu privire la desemnarea unui consilier care va semna deciziile Consiliului <\/strong><\/li>\n<\/ol>\n<p><strong>\u00a0\u00a0\u00a0\u00a0 \u00een cazul \u00een care pre\u015fedintele \u015fedin\u0163ei va fi \u00een imposibilitate de a le semna.<\/strong><\/p>\n<p>&nbsp;<\/p>\n<p>Pre\u015fedintele<\/p>\n<p>raionului Basarabeasca\u00a0\u00a0\u00a0\u00a0\u00a0\u00a0\u00a0\u00a0\u00a0 \u00a0\u00a0\u00a0\u00a0\u00a0\u00a0\u00a0\u00a0\u00a0\u00a0\u00a0\u00a0\u00a0\u00a0\u00a0\u00a0\u00a0\u00a0\u00a0\u00a0\u00a0\u00a0\u00a0\u00a0\u00a0\u00a0\u00a0\u00a0\u00a0\u00a0\u00a0\u00a0\u00a0\u00a0\u00a0\u00a0\u00a0\u00a0\u00a0Piotr PU\u015eCARI<\/p>","protected":false},"excerpt":{"rendered":"<p>Dispozi\u0163ie convocare (PDF) \u00cen conformitate cu art. 45 alin. (2) \u015fi alin. (3) al Legii nr. 436-XVI din 28 decembrie 2006 privind administra\u0163ia public\u0103 local\u0103, \u00a0 \u00a0\u00a0Se convoac\u0103 Consiliul raional Basarabeasca \u00een \u015fedin\u0163\u0103 extraordinar\u0103 la 21 ianuarie 2020, ora 10.00, \u00een incinta Consiliului raional, etajul II, cu urm\u0103torul proiect al\u00a0 ordinii de zi: Cu privire [&hellip;]<\/p>\n","protected":false},"author":2,"featured_media":7472,"comment_status":"open","ping_status":"open","sticky":false,"template":"","format":"standard","meta":{"footnotes":""},"categories":[8],"tags":[],"class_list":["post-7673","post","type-post","status-publish","format-standard","has-post-thumbnail","hentry","category-anunturi"],"_links":{"self":[{"href":"https:\/\/basarabeasca.md\/ru\/wp-json\/wp\/v2\/posts\/7673","targetHints":{"allow":["GET"]}}],"collection":[{"href":"https:\/\/basarabeasca.md\/ru\/wp-json\/wp\/v2\/posts"}],"about":[{"href":"https:\/\/basarabeasca.md\/ru\/wp-json\/wp\/v2\/types\/post"}],"author":[{"embeddable":true,"href":"https:\/\/basarabeasca.md\/ru\/wp-json\/wp\/v2\/users\/2"}],"replies":[{"embeddable":true,"href":"https:\/\/basarabeasca.md\/ru\/wp-json\/wp\/v2\/comments?post=7673"}],"version-history":[{"count":3,"href":"https:\/\/basarabeasca.md\/ru\/wp-json\/wp\/v2\/posts\/7673\/revisions"}],"predecessor-version":[{"id":7679,"href":"https:\/\/basarabeasca.md\/ru\/wp-json\/wp\/v2\/posts\/7673\/revisions\/7679"}],"wp:featuredmedia":[{"embeddable":true,"href":"https:\/\/basarabeasca.md\/ru\/wp-json\/wp\/v2\/media\/7472"}],"wp:attachment":[{"href":"https:\/\/basarabeasca.md\/ru\/wp-json\/wp\/v2\/media?parent=7673"}],"wp:term":[{"taxonomy":"category","embeddable":true,"href":"https:\/\/basarabeasca.md\/ru\/wp-json\/wp\/v2\/categories?post=7673"},{"taxonomy":"post_tag","embeddable":true,"href":"https:\/\/basarabeasca.md\/ru\/wp-json\/wp\/v2\/tags?post=7673"}],"curies":[{"name":"wp","href":"https:\/\/api.w.org\/{rel}","templated":true}]}}