{"id":5690,"date":"2018-07-11T15:52:12","date_gmt":"2018-07-11T12:52:12","guid":{"rendered":"http:\/\/basarabeasca.md\/?p=5690"},"modified":"2018-07-11T15:55:29","modified_gmt":"2018-07-11T12:55:29","slug":"%d1%80%d1%83%d1%81%d1%81%d0%ba%d0%b8%d0%b9-%d0%be%d0%b1%d1%8a%d1%8f%d0%b2%d0%bb%d0%b5%d0%bd%d0%b8%d0%b5-%d0%be-%d1%81%d0%be%d0%b7%d1%8b%d0%b2%d0%b5-%d0%b2%d0%bd%d0%b5%d0%be%d1%87%d0%b5%d1%80%d0%b5-3","status":"publish","type":"post","link":"https:\/\/basarabeasca.md\/ru\/2018\/07\/%d1%80%d1%83%d1%81%d1%81%d0%ba%d0%b8%d0%b9-%d0%be%d0%b1%d1%8a%d1%8f%d0%b2%d0%bb%d0%b5%d0%bd%d0%b8%d0%b5-%d0%be-%d1%81%d0%be%d0%b7%d1%8b%d0%b2%d0%b5-%d0%b2%d0%bd%d0%b5%d0%be%d1%87%d0%b5%d1%80%d0%b5-3\/","title":{"rendered":"\u041e\u0431\u044a\u044f\u0432\u043b\u0435\u043d\u0438\u0435 \u043e \u0441\u043e\u0437\u044b\u0432\u0435 \u0432\u043d\u0435\u043e\u0447\u0435\u0440\u0435\u0434\u043d\u043e\u0433\u043e \u0437\u0430\u0441\u0435\u0434\u0430\u043d\u0438\u044f \u0420\u0430\u0439\u043e\u043d\u043d\u043e\u0433\u043e \u0421\u043e\u0432\u0435\u0442\u0430 \u0411\u0430\u0441\u0430\u0440\u0430\u0431\u044f\u0441\u043a\u0430"},"content":{"rendered":"<p>\u0412\u043d\u0435\u043e\u0447\u0435\u0440\u0435\u0434\u043d\u043e\u0435 \u0437\u0430\u0441\u0435\u0434\u0430\u043d\u0438\u0435 \u0420\u0430\u0439\u043e\u043d\u043d\u043e\u0433\u043e \u0421\u043e\u0432\u0435\u0442\u0430 \u0411\u0430\u0441\u0430\u0440\u0430\u0431\u044f\u0441\u043a\u0430 \u0441\u043e\u0441\u0442\u043e\u0438\u0442\u0441\u044f <strong>16 \u0438\u044e\u043b\u044f 2018 \u0433 \u0432 10 \u0447\u0430\u0441\u043e\u0432<\/strong>, \u0432 \u0437\u0430\u043b\u0435 \u0437\u0430\u0441\u0435\u0434\u0430\u043d\u0438\u044f (\u0437\u0434\u0430\u043d\u0438\u0435 \u0420\u0430\u0439\u043e\u043d\u043d\u043e\u0433\u043e \u0441\u043e\u0432\u0435\u0442\u0430, \u0443\u043b. \u041a.\u041c\u0430\u0440\u043a\u0441\u0430,55) \u0432\u0442\u043e\u0440\u043e\u0439 \u044d\u0442\u0430\u0436 \u0441\u043e \u0441\u043b\u0435\u0434\u0443\u044e\u0449\u0435\u0439 \u043f\u043e\u0432\u0435\u0441\u0442\u043a\u043e\u0439 \u0434\u043d\u044f:<\/p>\n<p>&nbsp;<\/p>\n<p><strong>\u00a0<\/strong><\/p>\n<p><strong>PROIECTUL ORDINEI DE ZI<\/strong><\/p>\n<p><strong>a \u015fedin\u0163ei extraordinare a Consiliului Raional Basarabeasca din 16 iulie\u00a0 2018<\/strong><\/p>\n<p><strong>\u00a0<\/strong><\/p>\n<p><strong><u>Ora controlului:<\/u><\/strong><\/p>\n<ol start=\"2018\">\n<li><strong>a) Cu privire la totalizarea rezultatelor bilunarului ecologic desf\u0103\u015furat \u00een raion, \u00een prim\u0103vara anului 2018. <\/strong><\/li>\n<\/ol>\n<p><em>\u00a0\u00a0\u00a0\u00a0 Raportor: Vasile Guzun, vicepre\u015fedintele raionului pe probleme economice<\/em><\/p>\n<ol>\n<li><strong> Cu privire la executarea bugetului raional Basarabeasca pe anul 2017<\/strong><strong>.<\/strong><\/li>\n<\/ol>\n<p><em>\u00a0\u00a0\u00a0\u00a0 Raportor: Maria Muntean, \u015fef adjunct al Direc\u0163iei finan\u0163e<\/em><\/p>\n<ol start=\"2\">\n<li><strong>Cu privire la modificarea bugetului raional pentru anul 2018 \u015fi alocarea <\/strong><\/li>\n<\/ol>\n<p><strong>\u00a0\u00a0\u00a0\u00a0 mijloacelor financiare.<\/strong><\/p>\n<p><em>\u00a0\u00a0\u00a0\u00a0 Raportor: Maria Muntean, \u015fef adjunct al Direc\u0163iei finan\u0163e<\/em><\/p>\n<ol start=\"3\">\n<li><strong>Cu privire la alocarea mijloacelor financiare din componenta raional\u0103.<\/strong><\/li>\n<\/ol>\n<p><em>\u00a0\u00a0\u00a0\u00a0 Raportor: Ecaterina Pascal, \u015fef interimar al Direc\u0163iei \u00eenv\u0103\u0163\u0103m\u00eent general<\/em><\/p>\n<ol start=\"4\">\n<li><strong> Cu privire la <\/strong><strong>m\u0103surile de<\/strong> <strong>preg\u0103tire a institu\u0163iilor educa\u0163ionale c\u0103tre noul an de <\/strong><\/li>\n<\/ol>\n<p><strong>\u00a0\u00a0\u00a0\u00a0 studii 2018-19.<\/strong><\/p>\n<p><em>\u00a0\u00a0\u00a0\u00a0 Raportor: Ecaterina Pascal, \u015fef interimar al Direc\u0163iei \u00eenv\u0103\u0163\u0103m\u00eent general<\/em><\/p>\n<ol start=\"5\">\n<li><strong> Cu privire la reorganizarea unor institu\u0163ii de \u00eenv\u0103\u0163\u0103m\u00eent din raion.<\/strong><\/li>\n<\/ol>\n<p><em>\u00a0\u00a0\u00a0 Raportor: Ecaterina Pascal, \u015fef interimar al Direc\u0163iei \u00eenv\u0103\u0163\u0103m\u00eent general<\/em><\/p>\n<ol start=\"6\">\n<li><strong> Cu privire la executarea deciziilor Consiliului raional Basarabeasca, adoptate \u00een <\/strong><\/li>\n<\/ol>\n<p><strong>\u00a0\u00a0\u00a0\u00a0 semestrul II al anului 2017.<\/strong><\/p>\n<p><em>\u00a0\u00a0\u00a0\u00a0 Raportor: Gheorghe Livi\u0163chi, secretar interimar al Consiliului raional<\/em><\/p>\n<ol start=\"7\">\n<li><strong> Cu privire la aprobarea Programului de activitate al Consiliului Raional <\/strong><\/li>\n<\/ol>\n<p><strong>\u00a0\u00a0\u00a0\u00a0 Basarabeasca pe trimestrul III al anului 2018.<\/strong><\/p>\n<p><em>\u00a0\u00a0\u00a0\u00a0 Raportor: Gheorghe Livi\u0163chi, secretar interimar al Consiliului raional<\/em><\/p>\n<ol start=\"8\">\n<li><strong> Cu privire la aprobarea unor dispozi\u0163ii ale pre\u015fedintelui raionului emise \u00een <\/strong><\/li>\n<\/ol>\n<p><strong>\u00a0\u00a0\u00a0 perioada dintre \u015fedin\u0163ele Consiliului raional.<\/strong><\/p>\n<p><em>\u00a0\u00a0\u00a0\u00a0 Raportor: Piotr Pu\u015fcari, pre\u015fedinte al raionului<\/em><\/p>\n<ol start=\"9\">\n<li><strong> Cu privire la aprobarea \u00een redac\u0163ie nou\u0103 a statelor de personal ale IMSP <\/strong><\/li>\n<\/ol>\n<p><strong>\u00a0\u00a0\u00a0\u00a0 Spitalul Raional Basarabeasca.<\/strong><\/p>\n<p><em>\u00a0\u00a0\u00a0\u00a0 Raportor: Andrei Mihailov, vicepre\u015fedinte al raionului pe probleme sociale<\/em><\/p>\n<p><em>\u00a0\u00a0\u00a0 Coraportor: Dorina Belous, director al IMSP Spitalul raional <\/em><\/p>\n<ol start=\"10\">\n<li><strong> Cu privire la unele modific\u0103ri \u00een decizia Consiliului raional nr. 01\/07 din 23 <\/strong><\/li>\n<\/ol>\n<p><strong>\u00a0 \u00a0\u00a0\u00a0martie 2018 cu privire la salarizarea personalului de conducere din institu\u0163iile <\/strong><\/p>\n<p><strong>\u00a0\u00a0\u00a0 \u00a0medicale din raion.<\/strong><\/p>\n<p><em>\u00a0\u00a0\u00a0 Raportor: Andrei Mihailov, vicepre\u015fedinte al raionului pe probleme sociale<\/em><\/p>\n<ol start=\"11\">\n<li><strong> Cu privire la operarea modific\u0103rilor \u015fi complet\u0103rilor \u00een unele decizii ale <\/strong><\/li>\n<\/ol>\n<p><strong>\u00a0\u00a0\u00a0\u00a0 Consiliului raional Basarabeasca. <\/strong><\/p>\n<p><em>\u00a0\u00a0\u00a0\u00a0 Raportor: Mihail Mart\u00eenov, \u015fef interimar al Direc\u0163iei asisten\u0163\u0103 social\u0103 \u015fi protec\u0163ie a <\/em><\/p>\n<p><em>\u00a0\u00a0\u00a0\u00a0\u00a0\u00a0\u00a0\u00a0\u00a0\u00a0\u00a0\u00a0\u00a0\u00a0\u00a0\u00a0\u00a0\u00a0\u00a0 familiei<\/em><\/p>\n<ol start=\"12\">\n<li><strong> Cu privire la aprobarea Regulamentului cu privire la gestionarea veniturilor <\/strong><\/li>\n<\/ol>\n<p><strong>\u00a0\u00a0\u00a0\u00a0\u00a0 colectate de institu\u0163iile publice finan\u0163ate de la bugetul raional. <\/strong><\/p>\n<p><em>\u00a0\u00a0\u00a0\u00a0\u00a0 Raportor: Maria Muntean, \u015fef adjunct al Direc\u0163iei finan\u0163e<\/em><\/p>\n<ol start=\"13\">\n<li><strong> Cu privire la corelarea bugetului raional pe anul curent cu Legea<\/strong> <strong>bugetului de <\/strong><\/li>\n<\/ol>\n<p><strong>\u00a0\u00a0\u00a0\u00a0\u00a0\u00a0 stat pe anul 2018<\/strong><strong>.<\/strong><\/p>\n<p><strong>\u00a0\u00a0\u00a0 <\/strong><strong>\u00a0\u00a0\u00a0\u00a0<\/strong><em>Raportor:<\/em><em> Maria Muntean, \u015fef adjunct al Direc\u0163iei finan\u0163e<\/em><\/p>\n<ol start=\"14\">\n<li><strong>Cu privire la unele modific\u0103ri \u015fi complet\u0103ri \u00een decizia Consiliului rational <\/strong><\/li>\n<\/ol>\n<p><strong>\u00a0\u00a0\u00a0\u00a0\u00a0 Basarabeasca nr. 06\/09 din 29.09.2017.<\/strong><\/p>\n<p><em>Raportor: Galina \u015eadura, specialist principal pe problemele privatiz\u0103rii \u00een Aparatul <\/em><\/p>\n<p><em>\u00a0\u00a0\u00a0\u00a0\u00a0\u00a0\u00a0\u00a0\u00a0\u00a0\u00a0\u00a0\u00a0\u00a0\u00a0\u00a0\u00a0 \u00a0\u00a0\u00a0\u00a0pre\u015fedintelui raionului<\/em><\/p>\n<ol start=\"15\">\n<li><strong> Cu privire la stabilirea termenului de angajare \u015fi desf\u0103\u015furarea concursului de <\/strong><\/li>\n<\/ol>\n<p><strong>\u00a0\u00a0\u00a0\u00a0\u00a0 desemnare a managerului de proiect.<\/strong><\/p>\n<p><em>\u00a0\u00a0\u00a0\u00a0 Raportor: Tatiana Untila, consilier raional<\/em><\/p>\n<ol start=\"16\">\n<li><strong> Cu privire la stabilirea termenului de angajare \u015fi desf\u0103\u015furarea concursului de <\/strong><\/li>\n<\/ol>\n<p><strong>\u00a0\u00a0\u00a0\u00a0 ocupare a func\u0163iilor publice de conducere vacante din cadrul Consiliului <\/strong><\/p>\n<p><strong>\u00a0\u00a0\u00a0\u00a0 raional.<\/strong><\/p>\n<p><em>\u00a0\u00a0\u00a0\u00a0 Raportor: Tatiana Untila, consilier raional<\/em><\/p>\n<p>&nbsp;<\/p>\n<p>&nbsp;<\/p>\n<p><em>\u00a0<\/em><\/p>\n<p><em>\u00a0<\/em><\/p>\n<p><em>\u00a0<\/em><\/p>\n<p>&nbsp;<\/p>","protected":false},"excerpt":{"rendered":"<p>\u0412\u043d\u0435\u043e\u0447\u0435\u0440\u0435\u0434\u043d\u043e\u0435 \u0437\u0430\u0441\u0435\u0434\u0430\u043d\u0438\u0435 \u0420\u0430\u0439\u043e\u043d\u043d\u043e\u0433\u043e \u0421\u043e\u0432\u0435\u0442\u0430 \u0411\u0430\u0441\u0430\u0440\u0430\u0431\u044f\u0441\u043a\u0430 \u0441\u043e\u0441\u0442\u043e\u0438\u0442\u0441\u044f 16 \u0438\u044e\u043b\u044f 2018 \u0433 \u0432 10 \u0447\u0430\u0441\u043e\u0432, \u0432 \u0437\u0430\u043b\u0435 \u0437\u0430\u0441\u0435\u0434\u0430\u043d\u0438\u044f (\u0437\u0434\u0430\u043d\u0438\u0435 \u0420\u0430\u0439\u043e\u043d\u043d\u043e\u0433\u043e \u0441\u043e\u0432\u0435\u0442\u0430, \u0443\u043b. \u041a.\u041c\u0430\u0440\u043a\u0441\u0430,55) \u0432\u0442\u043e\u0440\u043e\u0439 \u044d\u0442\u0430\u0436 \u0441\u043e \u0441\u043b\u0435\u0434\u0443\u044e\u0449\u0435\u0439 \u043f\u043e\u0432\u0435\u0441\u0442\u043a\u043e\u0439 \u0434\u043d\u044f: &nbsp; \u00a0 PROIECTUL ORDINEI DE ZI a \u015fedin\u0163ei extraordinare a Consiliului Raional Basarabeasca din 16 iulie\u00a0 2018 \u00a0 Ora controlului: a) Cu privire la totalizarea rezultatelor bilunarului ecologic [&hellip;]<\/p>\n","protected":false},"author":2,"featured_media":5523,"comment_status":"open","ping_status":"open","sticky":false,"template":"","format":"standard","meta":{"footnotes":""},"categories":[8],"tags":[],"class_list":["post-5690","post","type-post","status-publish","format-standard","has-post-thumbnail","hentry","category-anunturi"],"_links":{"self":[{"href":"https:\/\/basarabeasca.md\/ru\/wp-json\/wp\/v2\/posts\/5690","targetHints":{"allow":["GET"]}}],"collection":[{"href":"https:\/\/basarabeasca.md\/ru\/wp-json\/wp\/v2\/posts"}],"about":[{"href":"https:\/\/basarabeasca.md\/ru\/wp-json\/wp\/v2\/types\/post"}],"author":[{"embeddable":true,"href":"https:\/\/basarabeasca.md\/ru\/wp-json\/wp\/v2\/users\/2"}],"replies":[{"embeddable":true,"href":"https:\/\/basarabeasca.md\/ru\/wp-json\/wp\/v2\/comments?post=5690"}],"version-history":[{"count":1,"href":"https:\/\/basarabeasca.md\/ru\/wp-json\/wp\/v2\/posts\/5690\/revisions"}],"predecessor-version":[{"id":5691,"href":"https:\/\/basarabeasca.md\/ru\/wp-json\/wp\/v2\/posts\/5690\/revisions\/5691"}],"wp:featuredmedia":[{"embeddable":true,"href":"https:\/\/basarabeasca.md\/ru\/wp-json\/wp\/v2\/media\/5523"}],"wp:attachment":[{"href":"https:\/\/basarabeasca.md\/ru\/wp-json\/wp\/v2\/media?parent=5690"}],"wp:term":[{"taxonomy":"category","embeddable":true,"href":"https:\/\/basarabeasca.md\/ru\/wp-json\/wp\/v2\/categories?post=5690"},{"taxonomy":"post_tag","embeddable":true,"href":"https:\/\/basarabeasca.md\/ru\/wp-json\/wp\/v2\/tags?post=5690"}],"curies":[{"name":"wp","href":"https:\/\/api.w.org\/{rel}","templated":true}]}}