{"id":3603,"date":"2017-07-18T09:20:29","date_gmt":"2017-07-18T06:20:29","guid":{"rendered":"http:\/\/basarabeasca.md\/?p=3603"},"modified":"2017-07-18T09:23:26","modified_gmt":"2017-07-18T06:23:26","slug":"an-u-n-t-cu-privire-la-convocarea-consiliului-raional-basarabeasca-in-sedinta-extraordinara","status":"publish","type":"post","link":"https:\/\/basarabeasca.md\/ru\/2017\/07\/an-u-n-t-cu-privire-la-convocarea-consiliului-raional-basarabeasca-in-sedinta-extraordinara\/","title":{"rendered":"AN U N \u0162 Cu privire la convocarea Consiliului Raional Basarabeasca \u00een \u015fedin\u0163\u0103 extraordinar\u0103"},"content":{"rendered":"<p>19 \u0438\u044e\u043b\u044f 2017 \u00a0\u0433\u043e\u0434\u0430 \u0441\u043e\u0441\u0442\u043e\u0438\u0442\u0441\u044f \u0432\u043d\u0435\u043e\u0447\u0435\u0440\u0435\u0434\u043d\u043e\u0435 \u0437\u0430\u0441\u0435\u0434\u0430\u043d\u0438\u0435 \u0420\u0430\u0439\u043e\u043d\u043d\u043e\u0433\u043e \u0421\u043e\u0432\u0435\u0442\u0430 \u0411\u0430\u0441\u0430\u0440\u0430\u0431\u044f\u0441\u043a\u0430, \u00a0\u0432 10 \u0447\u0430\u0441\u043e\u0432 , \u0437\u0434\u0430\u043d\u0438\u0435 \u0420\u0430\u0439\u043e\u043d\u043d\u043e\u0433\u043e \u0441\u043e\u0432\u0435\u0442\u0430, II \u044d\u0442\u0430\u0436<\/p>\n<p><strong>Cu privire la convocarea Consiliului<\/strong><\/p>\n<p><strong>Raional Basarabeasca \u00een \u015fedin\u0163\u0103 extraordinar\u0103<\/strong><\/p>\n<p>&nbsp;<\/p>\n<p>&nbsp;<\/p>\n<p>\u00cen conformitate cu art. 45 alin. (2) \u015fi alin. (3) al Legii nr. 436-XVI din 28 decembrie 2006 privind administra\u0163ia public\u0103 local\u0103,<\/p>\n<p>&nbsp;<\/p>\n<p><strong>D I S P U N:<\/strong><\/p>\n<p><strong>\u00a0<\/strong><\/p>\n<p><strong>\u00a0\u00a0\u00a0\u00a0 <\/strong>Se convoac\u0103 Consiliul Raional Basarabeasca \u00een \u015fedin\u0163\u0103 extraordinar\u0103 la 19 iulie 2017, ora 10.00, \u00een incinta Consiliului raional, etajul II, cu urm\u0103torul proiect al\u00a0 ordinii de zi:<\/p>\n<p>&nbsp;<\/p>\n<ol>\n<li><strong> Cu privire la aprobarea dispozi\u0163iei pre\u015fedintelui raionului nr. 17p din 12 iunie <\/strong><\/li>\n<\/ol>\n<p><strong>\u00a0\u00a0\u00a0\u00a0 2017.<\/strong><\/p>\n<p><em>\u00a0\u00a0\u00a0\u00a0\u00a0 Raportor: Piotr Pu\u015fcari, pre\u015fedinte al raionului<\/em><\/p>\n<p><em>\u00a0<\/em><\/p>\n<ol start=\"2\">\n<li><strong>Cu privire la modificarea \u015fi completarea anexei nr. 1 la decizia Consiliului <\/strong><\/li>\n<\/ol>\n<p><strong>\u00a0\u00a0\u00a0\u00a0\u00a0 raional nr. 01\/18 din\u00a0 23.03.2017.<\/strong><\/p>\n<p><em>\u00a0\u00a0\u00a0\u00a0\u00a0 Raportor: Andrei Mihailov, vicepre\u015fedinte al raionului pe probleme sociale<\/em><\/p>\n<p>&nbsp;<\/p>\n<p>&nbsp;<\/p>\n<p>&nbsp;<\/p>\n<p>&nbsp;<\/p>\n<p>Pre\u015fedintele<\/p>\n<p>raionului Basarabeasca\u00a0\u00a0\u00a0\u00a0\u00a0\u00a0\u00a0\u00a0\u00a0\u00a0\u00a0\u00a0\u00a0\u00a0\u00a0\u00a0\u00a0\u00a0\u00a0\u00a0\u00a0\u00a0\u00a0\u00a0\u00a0\u00a0\u00a0\u00a0\u00a0\u00a0\u00a0\u00a0\u00a0\u00a0\u00a0\u00a0\u00a0\u00a0\u00a0\u00a0\u00a0\u00a0\u00a0\u00a0\u00a0\u00a0\u00a0\u00a0 Piotr PU\u015eCARI<\/p>","protected":false},"excerpt":{"rendered":"<p>19 \u0438\u044e\u043b\u044f 2017 \u00a0\u0433\u043e\u0434\u0430 \u0441\u043e\u0441\u0442\u043e\u0438\u0442\u0441\u044f \u0432\u043d\u0435\u043e\u0447\u0435\u0440\u0435\u0434\u043d\u043e\u0435 \u0437\u0430\u0441\u0435\u0434\u0430\u043d\u0438\u0435 \u0420\u0430\u0439\u043e\u043d\u043d\u043e\u0433\u043e \u0421\u043e\u0432\u0435\u0442\u0430 \u0411\u0430\u0441\u0430\u0440\u0430\u0431\u044f\u0441\u043a\u0430, \u00a0\u0432 10 \u0447\u0430\u0441\u043e\u0432 , \u0437\u0434\u0430\u043d\u0438\u0435 \u0420\u0430\u0439\u043e\u043d\u043d\u043e\u0433\u043e \u0441\u043e\u0432\u0435\u0442\u0430, II \u044d\u0442\u0430\u0436 Cu privire la convocarea Consiliului Raional Basarabeasca \u00een \u015fedin\u0163\u0103 extraordinar\u0103 &nbsp; &nbsp; \u00cen conformitate cu art. 45 alin. (2) \u015fi alin. (3) al Legii nr. 436-XVI din 28 decembrie 2006 privind administra\u0163ia public\u0103 local\u0103, &nbsp; D [&hellip;]<\/p>\n","protected":false},"author":2,"featured_media":0,"comment_status":"open","ping_status":"open","sticky":false,"template":"","format":"standard","meta":{"footnotes":""},"categories":[8],"tags":[],"class_list":["post-3603","post","type-post","status-publish","format-standard","hentry","category-anunturi"],"_links":{"self":[{"href":"https:\/\/basarabeasca.md\/ru\/wp-json\/wp\/v2\/posts\/3603","targetHints":{"allow":["GET"]}}],"collection":[{"href":"https:\/\/basarabeasca.md\/ru\/wp-json\/wp\/v2\/posts"}],"about":[{"href":"https:\/\/basarabeasca.md\/ru\/wp-json\/wp\/v2\/types\/post"}],"author":[{"embeddable":true,"href":"https:\/\/basarabeasca.md\/ru\/wp-json\/wp\/v2\/users\/2"}],"replies":[{"embeddable":true,"href":"https:\/\/basarabeasca.md\/ru\/wp-json\/wp\/v2\/comments?post=3603"}],"version-history":[{"count":1,"href":"https:\/\/basarabeasca.md\/ru\/wp-json\/wp\/v2\/posts\/3603\/revisions"}],"predecessor-version":[{"id":3604,"href":"https:\/\/basarabeasca.md\/ru\/wp-json\/wp\/v2\/posts\/3603\/revisions\/3604"}],"wp:attachment":[{"href":"https:\/\/basarabeasca.md\/ru\/wp-json\/wp\/v2\/media?parent=3603"}],"wp:term":[{"taxonomy":"category","embeddable":true,"href":"https:\/\/basarabeasca.md\/ru\/wp-json\/wp\/v2\/categories?post=3603"},{"taxonomy":"post_tag","embeddable":true,"href":"https:\/\/basarabeasca.md\/ru\/wp-json\/wp\/v2\/tags?post=3603"}],"curies":[{"name":"wp","href":"https:\/\/api.w.org\/{rel}","templated":true}]}}