{"id":11749,"date":"2024-01-30T15:39:57","date_gmt":"2024-01-30T13:39:57","guid":{"rendered":"http:\/\/basarabeasca.md\/?p=11749"},"modified":"2024-02-01T15:27:34","modified_gmt":"2024-02-01T13:27:34","slug":"anunt-cu-privire-la-convocarea-consiliului-raional-basarabeasca-in-sedinta-ordinara-8","status":"publish","type":"post","link":"https:\/\/basarabeasca.md\/ru\/2024\/01\/anunt-cu-privire-la-convocarea-consiliului-raional-basarabeasca-in-sedinta-ordinara-8\/","title":{"rendered":"ANUN\u021a Cu privire la convocarea Consiliului raional  Basarabeasca \u00een \u015fedin\u0163\u0103 ordinar\u0103"},"content":{"rendered":"<p><a href=\"http:\/\/basarabeasca.md\/wp-content\/uploads\/2024\/01\/Dispozitie-07.pdf\">Disp. nr. 07 din 30.01.2024 Cu privire la convocarea\u00a0 Consiliului raional Basarabeasca \u00een \u0219edin\u021b\u0103 ordinar\u0103 (PDF)<\/a><\/p>\n<p>\u00cen conformitate cu art. 45 alin. (1) \u015fi (3) al Legii nr. 436\/2006 privind administra\u0163ia public\u0103 local\u0103 <em>(MO nr. 32-35\/2007 art.116)<\/em>,<\/p>\n<p>&nbsp;<\/p>\n<ol>\n<li>Se convoac\u0103 Consiliul raional Basarabeasca \u00een \u015fedin\u0163\u0103 ordinar\u0103 la <strong>14 <\/strong><strong>februarie 2024, ora 09.00,<\/strong> \u00een incinta Consiliului raional Basarabeasca, str. Karl Marx, 55, sala de \u015fedin\u0163e, etajul II, cu urm\u0103torul proiect al ordinei de zi:<\/li>\n<\/ol>\n<p>&nbsp;<\/p>\n<ol>\n<li><strong> Cu privire la executarea bugetului raional pe 9 luni ale anului 2023.<\/strong><\/li>\n<\/ol>\n<p><em>\u00a0<\/em><em>Raportor<\/em><em>: Maria Muntean, \u015fef adjunct al Direc\u0163iei finan\u0163e<\/em><\/p>\n<ol start=\"2\">\n<li><strong> Cu privire la aprobarea, \u00een prima lectur\u0103, a bugetului raional Basarabeasca pe anul 2024.<\/strong><\/li>\n<\/ol>\n<p><em>Raportor<\/em><em>: Gheorghe Livi\u0163chi, secretarul Consiliului raional Basarabeasca<\/em><\/p>\n<ol start=\"3\">\n<li><strong> Cu privire la aprobarea, \u00een lectura a doua, a bugetului raional Basarabeasca pe anul 2024.<\/strong><\/li>\n<\/ol>\n<p><em>Raportor<\/em><em>: Maria Muntean, \u015fef adjunct al Direc\u0163iei finan\u0163e<\/em><\/p>\n<ol start=\"4\">\n<li><strong> Cu privire la aprobarea Regulamentului de constituire \u015fi func\u0163ionare al\u00a0 <\/strong><strong>Consiliului raional.<\/strong><\/li>\n<\/ol>\n<p><em>Raportor: Gheorghe Livi\u0163chi, secretar al Consiliului rational<\/em><\/p>\n<ol start=\"5\">\n<li><strong>Cu privire la aprobarea Programului de activitate al Consiliului raional <\/strong><strong>Basarabeasca pentru trimestrul I al anului 2024.<\/strong><\/li>\n<\/ol>\n<p><em>Raportor<\/em><em>: Gheorghe Livi\u0163chi, secretar al <\/em><em>Consiliului raional<\/em><\/p>\n<ol start=\"6\">\n<li><strong>Cu privire la mersul execut\u0103rii deciziilor Consiliului raional, adoptate \u00een <\/strong><strong>semestrul I al anului 2023.<\/strong><\/li>\n<\/ol>\n<p><em>Raportor<\/em><em>: Gheorghe Livi\u0163chi, secretar al <\/em><em>Consiliului raional<\/em><\/p>\n<ol start=\"7\">\n<li><strong>Cu privire la aprobarea graficului concediilor de odihn\u0103 pentru anul 2024.<\/strong><\/li>\n<\/ol>\n<p><em>Raportor<\/em><em>: <\/em><em>Evghenia Jileznaia, specialist principal \u00een cadrul Aparatului\u00a0 pre\u015fedintelui raionului<\/em><\/p>\n<ol start=\"8\">\n<li><strong> Cu privire la dispozi\u021biile pre\u0219edintelui raionului emise \u00een perioada dintre \u015fedin\u0163ele Consiliului raional.<\/strong><\/li>\n<\/ol>\n<p><em>Raportor<\/em><em>: <\/em><em>Evghenia Jileznaia, specialist principal \u00een cadrul Aparatului\u00a0 pre\u015fedintelui raionului<\/em><\/p>\n<ol start=\"9\">\n<li><strong>Cu privire la rezultatele inspect\u0103rii financiare complexe efectuate la Direc\u0163ia \u00eenv\u0103\u021b\u0103m\u00e2nt general Basarabeasca.<\/strong><\/li>\n<\/ol>\n<p><em>\u00a0<\/em><em>Raportor: Ecaterina Pascal, \u0219ef interimar al Direc\u021biei \u00eenv\u0103\u021b\u0103m\u00e2nt general<\/em><\/p>\n<ol start=\"10\">\n<li><strong> Cu privire la reducerea statelor de personal ale Serviciului de asisten\u0163\u0103 <\/strong><\/li>\n<\/ol>\n<p><strong>psihopedagogic\u0103.<\/strong><\/p>\n<p><em>Raportor: Ecaterina Pascal, \u0219ef interimar al Direc\u021biei \u00eenv\u0103\u021b\u0103m\u00e2nt general<\/em><\/p>\n<ol start=\"11\">\n<li><strong> Cu privire la stabilirea salariilor de func\u021bie personalului de conducere din <\/strong><\/li>\n<\/ol>\n<p><strong>institu\u021biile medico-sanitare publice.<\/strong><\/p>\n<p><em>Raportor<\/em><em>: Gheorghe Livi\u0163chi, secretar al <\/em><em>Consiliului raional<\/em><\/p>\n<ol start=\"12\">\n<li><strong> Cu privire la primirea \u00een proprietatea raionului a costurilor investi\u0163ionale ale proiectului <em>\u201eSporirea eficien\u0163ei energetice a cl\u0103dirii Liceului Teoretic \u201eMatei Basarab\u201d din or. Basarabeasca\u201d<\/em><\/strong><\/li>\n<\/ol>\n<p><em>Raportor<\/em><em>: Egor Nichita, \u0219ef Sec\u021bie Economie, Construc\u021bii \u0219i dezvoltarea\u00a0\u00a0\u00a0\u00a0 teritoriului<\/em><\/p>\n<ol start=\"13\">\n<li><strong> Cu privire la aprobarea Planului de asigurare a durabilit\u0103\u0163ii proiectului <\/strong><strong><em>\u201eSporirea eficien\u0163ei energetice a cl\u0103dirii Liceului Teoretic \u201eMatei Basarab\u201d din or. Basarabeasca\u201d<\/em><\/strong><\/li>\n<\/ol>\n<p><em>Raportor<\/em><em>: Egor Nichita, \u0219ef Sec\u021bie Economie, Construc\u021bii \u0219i dezvoltarea\u00a0\u00a0\u00a0\u00a0 teritoriului<\/em><\/p>\n<ol start=\"14\">\n<li><strong> Cu privire la transmiterea costurilor investi\u021bionale ale proiectului la balan\u0163a IP Liceul Teoretic \u201eMatei Basarab\u201d din or. Basarabeasca<\/strong><\/li>\n<\/ol>\n<p><em>Raportor<\/em><em>: Egor Nichita, \u0219ef Sec\u021bie Economie, Construc\u021bii \u0219i dezvoltarea\u00a0\u00a0\u00a0 <\/em><\/p>\n<p><em>teritoriului<\/em><\/p>\n<ol start=\"15\">\n<li><strong> Cu privire la arendarea unor spa\u021bii \u00een incinta cl\u0103dirii administrative a<\/strong><strong>\u00a0Consiliului raional.<\/strong><\/li>\n<\/ol>\n<p><em>\u00a0Raportor<\/em><em>: Silvia Niculi\u021ba, contabil-\u0219ef Aparatul pre\u0219edintelui raionului<\/em><\/p>\n<ol start=\"16\">\n<li><strong>Cu privire la transmiterea unor bunuri<\/strong><\/li>\n<\/ol>\n<p><em>\u00a0<\/em><em>Raportor: <\/em><em>Petru Scutari, vicepre\u015fedintele\u00a0 raionului \u00een exerci\u0163iu<\/em><\/p>\n<ol start=\"17\">\n<li><strong>Cu privire la sesizarea Inspectoratului de Poli\u0163ie Basarabeasca.<\/strong><\/li>\n<\/ol>\n<p><em>Raportor<\/em><em>:Petru Scutari, vicepre\u015fedintele\u00a0 raionului \u00een exerci\u0163iu<\/em><\/p>\n<ol start=\"18\">\n<li><strong>Cu privire la acordarea premiului anual persoanelor cu func\u0163ii de demnitate public\u0103.<\/strong><\/li>\n<\/ol>\n<p><em>\u00a0Raportor: Gheorghe Livi\u0163chi, secretar al Consiliului raional<\/em><\/p>\n<ol start=\"19\">\n<li><strong> Cu privire la reamplasarea Sec\u0163iei administrativ-militar\u0103 (l.d.p.Basarabeasca)<\/strong><\/li>\n<\/ol>\n<p><em>Raportor: Vasile Baciu, \u015fef Sec\u0163ie administra\u0163ie public\u0103<\/em><\/p>\n<ol start=\"20\">\n<li><strong> Cu privire la transmiterea unor bunuri<\/strong><\/li>\n<\/ol>\n<p><em>Raportor: Olga Baciu, \u015fef Sec\u0163ie cultur\u0103<\/em><\/p>\n<p><u>\u00a0<\/u><\/p>\n<p>&nbsp;<\/p>\n<p>Pre\u015fedinte interimar al<\/p>\n<p>raionului Basarabeasca\u00a0\u00a0\u00a0\u00a0\u00a0\u00a0\u00a0\u00a0\u00a0\u00a0\u00a0\u00a0\u00a0\u00a0\u00a0\u00a0\u00a0\u00a0\u00a0\u00a0\u00a0\u00a0\u00a0\u00a0\u00a0 \u00a0\u00a0\u00a0\u00a0\u00a0\u00a0\u00a0\u00a0\u00a0\u00a0\u00a0\u00a0\u00a0\u00a0\u00a0\u00a0\u00a0\u00a0\u00a0\u00a0\u00a0\u00a0\u00a0\u00a0\u00a0\u00a0\u00a0\u00a0\u00a0\u00a0\u00a0\u00a0Petru SCUTARI<\/p>\n","protected":false},"excerpt":{"rendered":"<p>Disp. nr. 07 din 30.01.2024 Cu privire la convocarea\u00a0 Consiliului raional Basarabeasca \u00een \u0219edin\u021b\u0103 ordinar\u0103 (PDF) \u00cen conformitate cu art. 45 alin. (1) \u015fi (3) al Legii nr. 436\/2006 privind administra\u0163ia public\u0103 local\u0103 (MO nr. 32-35\/2007 art.116), &nbsp; Se convoac\u0103 Consiliul raional Basarabeasca \u00een \u015fedin\u0163\u0103 ordinar\u0103 la 14 februarie 2024, ora 09.00, \u00een incinta Consiliului [&hellip;]<\/p>\n","protected":false},"author":6,"featured_media":11692,"comment_status":"open","ping_status":"open","sticky":false,"template":"","format":"standard","meta":{"footnotes":""},"categories":[8],"tags":[],"class_list":["post-11749","post","type-post","status-publish","format-standard","has-post-thumbnail","hentry","category-anunturi"],"_links":{"self":[{"href":"https:\/\/basarabeasca.md\/ru\/wp-json\/wp\/v2\/posts\/11749","targetHints":{"allow":["GET"]}}],"collection":[{"href":"https:\/\/basarabeasca.md\/ru\/wp-json\/wp\/v2\/posts"}],"about":[{"href":"https:\/\/basarabeasca.md\/ru\/wp-json\/wp\/v2\/types\/post"}],"author":[{"embeddable":true,"href":"https:\/\/basarabeasca.md\/ru\/wp-json\/wp\/v2\/users\/6"}],"replies":[{"embeddable":true,"href":"https:\/\/basarabeasca.md\/ru\/wp-json\/wp\/v2\/comments?post=11749"}],"version-history":[{"count":2,"href":"https:\/\/basarabeasca.md\/ru\/wp-json\/wp\/v2\/posts\/11749\/revisions"}],"predecessor-version":[{"id":11763,"href":"https:\/\/basarabeasca.md\/ru\/wp-json\/wp\/v2\/posts\/11749\/revisions\/11763"}],"wp:featuredmedia":[{"embeddable":true,"href":"https:\/\/basarabeasca.md\/ru\/wp-json\/wp\/v2\/media\/11692"}],"wp:attachment":[{"href":"https:\/\/basarabeasca.md\/ru\/wp-json\/wp\/v2\/media?parent=11749"}],"wp:term":[{"taxonomy":"category","embeddable":true,"href":"https:\/\/basarabeasca.md\/ru\/wp-json\/wp\/v2\/categories?post=11749"},{"taxonomy":"post_tag","embeddable":true,"href":"https:\/\/basarabeasca.md\/ru\/wp-json\/wp\/v2\/tags?post=11749"}],"curies":[{"name":"wp","href":"https:\/\/api.w.org\/{rel}","templated":true}]}}