{"id":11589,"date":"2023-07-31T15:32:38","date_gmt":"2023-07-31T12:32:38","guid":{"rendered":"http:\/\/basarabeasca.md\/?p=11589"},"modified":"2023-07-31T15:32:38","modified_gmt":"2023-07-31T12:32:38","slug":"anunt-cu-privire-la-convocarea-consiliului-raional-basarabeasca-in-sedinta-ordinara-6","status":"publish","type":"post","link":"https:\/\/basarabeasca.md\/ru\/2023\/07\/anunt-cu-privire-la-convocarea-consiliului-raional-basarabeasca-in-sedinta-ordinara-6\/","title":{"rendered":"ANUN\u021a Cu privire la convocarea Consiliului  raional Basarabeasca \u00een \u015fedin\u0163\u0103 ordinar\u0103"},"content":{"rendered":"<p>&nbsp;<\/p>\n<p>\u00cen conformitate cu art. 45 alin. (1) \u015fi (3) al Legii nr. 436\/2006 privind administra\u0163ia public\u0103 local\u0103 <em>(MO nr. 32-35\/2007 art.116)<\/em>, cu modific\u0103rile \u015fi complet\u0103rile ulterioare<\/p>\n<p><strong>\u00a0<\/strong><\/p>\n<ol>\n<li>Se convoac\u0103 Consiliul raional Basarabeasca \u00een \u015fedin\u0163\u0103 ordinar\u0103 la 08 august 2023,<\/li>\n<\/ol>\n<p>ora 10.00, \u00een incinta Consiliului raional Basarabeasca, str. Karl Marx, 55, sala de \u015fedin\u0163e, etajul II, cu urm\u0103torul proiect al\u00a0 ordinii de zi <em>(proiectul se anexeaz\u0103)<\/em>.<\/p>\n<p><em>\u00a0<\/em><strong>\u00a0<\/strong><\/p>\n<p>Pre\u015fedintele<\/p>\n<p>raionului Basarabeasca\u00a0 \u00a0 \u00a0 \u00a0 \u00a0 \u00a0 \u00a0 \u00a0 \u00a0 \u00a0 \u00a0 \u00a0 \u00a0 \u00a0 \u00a0 \u00a0 \u00a0 \u00a0 \u00a0 \u00a0 \u00a0 \u00a0 \u00a0 \u00a0 \u00a0 \u00a0 Piotr PU\u015eCARI<\/p>\n<p>&nbsp;<\/p>\n<p>&nbsp;<\/p>\n<p style=\"text-align: center;\"><strong>PROIECTUL ORDINEI DE ZI<\/strong><\/p>\n<p style=\"text-align: center;\"><strong>a \u015fedin\u0163ei ordinare a Consiliului raional Basarabeasca<\/strong><\/p>\n<p style=\"text-align: center;\"><strong>\u00a0din 08 august 2023<\/strong><\/p>\n<p><strong>\u00a0<\/strong><\/p>\n<p><strong><u>Ora controlului:<\/u><\/strong><\/p>\n<ol start=\"2023\">\n<li><strong>a) Cu privire la rezultatele organiz\u0103rii odihnei copiilor \u00een sezonul estival 2023.<\/strong><\/li>\n<\/ol>\n<p><em>Raportor: Ecaterina Pascal, \u015fef adjunct al Direc\u0163iei \u00eenv\u0103\u0163\u0103m\u00e2nt general\u00a0\u00a0\u00a0\u00a0\u00a0\u00a0\u00a0\u00a0 <\/em><\/p>\n<p><strong>\u00a0<\/strong><\/p>\n<ol>\n<li><strong> Cu privire la corelarea bugetului raional cu Legea bugetului de stat pe anul <\/strong><\/li>\n<\/ol>\n<p><strong>\u00a0 2023.<\/strong><\/p>\n<p><em>\u00a0\u00a0 Raportor: Maria Muntean, \u015fef adjunct al Direc\u0163iei finan\u0163e<\/em><\/p>\n<ol start=\"2\">\n<li><strong>Cu privire la modificarea bugetului raional pe anul 2023 \u015fi alocarea <\/strong><\/li>\n<\/ol>\n<p><strong>\u00a0\u00a0 mijloacelor financiare.<\/strong><\/p>\n<p><em>\u00a0\u00a0\u00a0 Raportor: Maria Muntean, \u015fef adjunct al Direc\u0163iei finan\u0163e<\/em><\/p>\n<ol start=\"3\">\n<li><strong>Cu privire la desemnarea candida\u021bilor pentru func\u021bia de membru al <\/strong><\/li>\n<\/ol>\n<p><strong>\u00a0\u00a0\u00a0 Consiliului\u00a0 electoral al circumscrip\u0163ie electorale Basarabeasca.<\/strong><\/p>\n<p><em>\u00a0\u00a0\u00a0 Raportor: Gheorghe Livi\u021bchi, secretar al Consiliului raional Basarabeasca<\/em><\/p>\n<ol start=\"4\">\n<li><strong>Cu privire la \u00eencorporarea, \u00een octombrie 2023-ianuarie 2024, \u00een r\u00e2ndurile <\/strong><\/li>\n<\/ol>\n<p><strong>\u00a0\u00a0\u00a0 For\u0163elor Armate \u015fi \u00een Serviciul Civil (de alternativ\u0103) ale Republicii Moldova, <\/strong><\/p>\n<p><strong>\u00a0\u00a0\u00a0 a cet\u0103\u0163enilor n\u0103scu\u0163i \u00een anii 1996-2006.<\/strong><\/p>\n<p><em>\u00a0\u00a0\u00a0 Raportor: Vitali Aculov, specialist superior al Sec\u0163iei administrativ-militare<\/em><\/p>\n<ol start=\"5\">\n<li><strong>Cu privire la desf\u0103\u015furarea, \u00een anul 2024, \u00een raionul Basarabeasca a <\/strong><\/li>\n<\/ol>\n<p><strong>\u00a0\u00a0\u00a0 controlului medical \u015fi la trecerea \u00een eviden\u0163a militar\u0103 a tinerilor n\u0103scu\u0163i <\/strong><\/p>\n<p><strong>\u00a0\u00a0\u00a0 \u00een anul 2008.<\/strong><\/p>\n<p><strong>\u00a0\u00a0\u00a0\u00a0\u00a0 <\/strong><em>Raportor:Vitali Aculov, specialist superior al Sec\u0163iei administrativ-militare<\/em><\/p>\n<p>&nbsp;<\/p>\n","protected":false},"excerpt":{"rendered":"<p>&nbsp; \u00cen conformitate cu art. 45 alin. (1) \u015fi (3) al Legii nr. 436\/2006 privind administra\u0163ia public\u0103 local\u0103 (MO nr. 32-35\/2007 art.116), cu modific\u0103rile \u015fi complet\u0103rile ulterioare \u00a0 Se convoac\u0103 Consiliul raional Basarabeasca \u00een \u015fedin\u0163\u0103 ordinar\u0103 la 08 august 2023, ora 10.00, \u00een incinta Consiliului raional Basarabeasca, str. Karl Marx, 55, sala de \u015fedin\u0163e, etajul [&hellip;]<\/p>\n","protected":false},"author":6,"featured_media":10646,"comment_status":"open","ping_status":"open","sticky":false,"template":"","format":"standard","meta":{"footnotes":""},"categories":[8],"tags":[],"class_list":["post-11589","post","type-post","status-publish","format-standard","has-post-thumbnail","hentry","category-anunturi"],"_links":{"self":[{"href":"https:\/\/basarabeasca.md\/ru\/wp-json\/wp\/v2\/posts\/11589","targetHints":{"allow":["GET"]}}],"collection":[{"href":"https:\/\/basarabeasca.md\/ru\/wp-json\/wp\/v2\/posts"}],"about":[{"href":"https:\/\/basarabeasca.md\/ru\/wp-json\/wp\/v2\/types\/post"}],"author":[{"embeddable":true,"href":"https:\/\/basarabeasca.md\/ru\/wp-json\/wp\/v2\/users\/6"}],"replies":[{"embeddable":true,"href":"https:\/\/basarabeasca.md\/ru\/wp-json\/wp\/v2\/comments?post=11589"}],"version-history":[{"count":1,"href":"https:\/\/basarabeasca.md\/ru\/wp-json\/wp\/v2\/posts\/11589\/revisions"}],"predecessor-version":[{"id":11590,"href":"https:\/\/basarabeasca.md\/ru\/wp-json\/wp\/v2\/posts\/11589\/revisions\/11590"}],"wp:featuredmedia":[{"embeddable":true,"href":"https:\/\/basarabeasca.md\/ru\/wp-json\/wp\/v2\/media\/10646"}],"wp:attachment":[{"href":"https:\/\/basarabeasca.md\/ru\/wp-json\/wp\/v2\/media?parent=11589"}],"wp:term":[{"taxonomy":"category","embeddable":true,"href":"https:\/\/basarabeasca.md\/ru\/wp-json\/wp\/v2\/categories?post=11589"},{"taxonomy":"post_tag","embeddable":true,"href":"https:\/\/basarabeasca.md\/ru\/wp-json\/wp\/v2\/tags?post=11589"}],"curies":[{"name":"wp","href":"https:\/\/api.w.org\/{rel}","templated":true}]}}