{"id":11385,"date":"2023-05-18T08:45:09","date_gmt":"2023-05-18T05:45:09","guid":{"rendered":"http:\/\/basarabeasca.md\/?p=11385"},"modified":"2023-05-18T08:45:09","modified_gmt":"2023-05-18T05:45:09","slug":"anunt-cu-privire-la-convocarea-consiliului-raional-basarabeasca-in-sedinta-extraordinara-3","status":"publish","type":"post","link":"https:\/\/basarabeasca.md\/ru\/2023\/05\/anunt-cu-privire-la-convocarea-consiliului-raional-basarabeasca-in-sedinta-extraordinara-3\/","title":{"rendered":"Anun\u021b Cu privire la convocarea Consiliului raional Basarabeasca \u00een \u015fedin\u0163\u0103 extraordinar\u0103"},"content":{"rendered":"<h4>Se convoac\u0103 Consiliul raional Basarabeasca \u00een \u015fedin\u0163\u0103 extraordinar\u0103 la <strong>23 mai <\/strong><strong>2023<\/strong>, ora 10.00, \u00een incinta Consiliului raional Basarabeasca, str. Karl Marx, 55, sala de \u015fedin\u0163e, etajul II, conform proiectului\u00a0 ordinii de zi anexat.<\/h4>\n<p style=\"text-align: center;\"><strong>Proiectul ordinei de zi<\/strong><\/p>\n<p style=\"text-align: center;\"><strong>a \u015fedin\u0163ei extraordinare a Consiliului raional Basarabeasca <\/strong><\/p>\n<p style=\"text-align: center;\"><strong>din 23 mai\u00a0 2023<\/strong><\/p>\n<p><strong>\u00a0<\/strong><\/p>\n<ol>\n<li><strong>Cu privire la modificarea bugetului raional pe anul 2023 \u015fi alocarea <\/strong><\/li>\n<\/ol>\n<p><strong>\u00a0\u00a0\u00a0\u00a0 mijloacelor financiare.<\/strong><\/p>\n<p><em>\u00a0\u00a0\u00a0 Raportor: Maria Muntean, \u015fef adjunct al Direc\u0163iei finan\u0163e<\/em><\/p>\n<ol start=\"2\">\n<li><strong>Cu privire la unele modific\u0103ri \u0219i complet\u0103ri \u00een decizia Consiliului raional <\/strong><\/li>\n<\/ol>\n<p><strong>\u00a0\u00a0\u00a0 Basarabeasca nr. 02\/02 din 24.03.2023<\/strong><strong>.<\/strong><\/p>\n<p><em>\u00a0\u00a0\u00a0 Raportor: Maria Muntean, \u015fef adjunct al Direc\u0163iei finan\u0163e<\/em><\/p>\n<ol start=\"3\">\n<li><strong>Cu privire la aprobarea Programului de activitate al Consiliului raional<\/strong><\/li>\n<\/ol>\n<p><strong>\u00a0\u00a0\u00a0 Basarabeasca pe trimestrul III al anului 2023.<\/strong><\/p>\n<p><em>\u00a0\u00a0\u00a0 Raportor: <\/em><em>Vasile Baciu, \u015fef al Sec\u0163iei administra\u0163ie public\u0103<\/em><\/p>\n<ol start=\"4\">\n<li><strong> Cu privire la mersul execut\u0103rii deciziilor Consiliului raional, adoptate <\/strong><\/li>\n<\/ol>\n<p><strong>\u00a0\u00a0\u00a0\u00a0\u00a0\u00a0 \u00een semestrul II al anului 2022.<\/strong><\/p>\n<p><em>\u00a0\u00a0\u00a0\u00a0\u00a0\u00a0 Raportor: <\/em><em>Vasile Baciu, \u015fef al Sec\u0163iei administra\u0163ie public\u0103<\/em><\/p>\n<ol start=\"5\">\n<li><strong> Cu privire la m\u0103surile de preg\u0103tirea institu\u0163iilor educa\u0163ionale c\u0103tre noul <\/strong><\/li>\n<\/ol>\n<p><strong>\u00a0\u00a0\u00a0 an de studii 2023-2024.<\/strong><\/p>\n<p><em>\u00a0\u00a0\u00a0 Raportor: <\/em><em>Ecaterina Pascal, \u015fef adjunct al Direc\u0163iei \u00eenv\u0103\u0163\u0103m\u00e2nt general<\/em><\/p>\n<ol start=\"6\">\n<li><strong>Cu privire la aprobarea \u00eencheierii Acordului de Cooperare \u00eentre Jude\u021bul <\/strong><\/li>\n<\/ol>\n<p><strong>\u00a0\u00a0\u00a0 Ia\u0219i \u00a0din Rom\u00e2nia \u0219i Raionul Basarabeasca din Republica Moldova.<\/strong><\/p>\n<p><em>\u00a0\u00a0\u00a0 Raportor: Vasile Baciu, \u015fef al Sec\u0163iei administra\u0163ie public\u0103<\/em><\/p>\n<p><strong>7 Cu privire la rezultatele inspect\u0103rii financiare complexe efectuate la Direc\u0163ia <\/strong><\/p>\n<p><strong>\u00a0\u00a0\u00a0 finan\u0163e a Consiliului raional Basarabeasca.<\/strong><\/p>\n<p><em>\u00a0\u00a0\u00a0 Raportor: Maria Muntean, \u015fef adjunct al Direc\u0163iei finan\u0163e<\/em><\/p>\n<ol start=\"8\">\n<li><strong>Cu privire la transmiterea unui autoturism de serviciu.<\/strong><\/li>\n<\/ol>\n<p><em>\u00a0\u00a0\u00a0 Raportor: Piotr Pu\u015fcari, pre\u015fedintele raionului Basarabeasca<\/em><\/p>\n<ol start=\"9\">\n<li><strong>Cu privire la rezultatele inspect\u0103rii financiare complexe efectuate la <\/strong><\/li>\n<\/ol>\n<p><strong>\u00a0\u00a0\u00a0 Consiliul raional Basarabeasca.<\/strong><\/p>\n<p><em>\u00a0\u00a0 Raportor: Piotr Pu\u015fcari, pre\u015fedintele raionului Basarabeasca<\/em><\/p>\n","protected":false},"excerpt":{"rendered":"<p>Se convoac\u0103 Consiliul raional Basarabeasca \u00een \u015fedin\u0163\u0103 extraordinar\u0103 la 23 mai 2023, ora 10.00, \u00een incinta Consiliului raional Basarabeasca, str. Karl Marx, 55, sala de \u015fedin\u0163e, etajul II, conform proiectului\u00a0 ordinii de zi anexat. Proiectul ordinei de zi a \u015fedin\u0163ei extraordinare a Consiliului raional Basarabeasca din 23 mai\u00a0 2023 \u00a0 Cu privire la modificarea bugetului [&hellip;]<\/p>\n","protected":false},"author":6,"featured_media":10646,"comment_status":"open","ping_status":"open","sticky":false,"template":"","format":"standard","meta":{"footnotes":""},"categories":[8],"tags":[],"class_list":["post-11385","post","type-post","status-publish","format-standard","has-post-thumbnail","hentry","category-anunturi"],"_links":{"self":[{"href":"https:\/\/basarabeasca.md\/ru\/wp-json\/wp\/v2\/posts\/11385","targetHints":{"allow":["GET"]}}],"collection":[{"href":"https:\/\/basarabeasca.md\/ru\/wp-json\/wp\/v2\/posts"}],"about":[{"href":"https:\/\/basarabeasca.md\/ru\/wp-json\/wp\/v2\/types\/post"}],"author":[{"embeddable":true,"href":"https:\/\/basarabeasca.md\/ru\/wp-json\/wp\/v2\/users\/6"}],"replies":[{"embeddable":true,"href":"https:\/\/basarabeasca.md\/ru\/wp-json\/wp\/v2\/comments?post=11385"}],"version-history":[{"count":1,"href":"https:\/\/basarabeasca.md\/ru\/wp-json\/wp\/v2\/posts\/11385\/revisions"}],"predecessor-version":[{"id":11386,"href":"https:\/\/basarabeasca.md\/ru\/wp-json\/wp\/v2\/posts\/11385\/revisions\/11386"}],"wp:featuredmedia":[{"embeddable":true,"href":"https:\/\/basarabeasca.md\/ru\/wp-json\/wp\/v2\/media\/10646"}],"wp:attachment":[{"href":"https:\/\/basarabeasca.md\/ru\/wp-json\/wp\/v2\/media?parent=11385"}],"wp:term":[{"taxonomy":"category","embeddable":true,"href":"https:\/\/basarabeasca.md\/ru\/wp-json\/wp\/v2\/categories?post=11385"},{"taxonomy":"post_tag","embeddable":true,"href":"https:\/\/basarabeasca.md\/ru\/wp-json\/wp\/v2\/tags?post=11385"}],"curies":[{"name":"wp","href":"https:\/\/api.w.org\/{rel}","templated":true}]}}