{"id":11027,"date":"2022-12-06T09:11:34","date_gmt":"2022-12-06T07:11:34","guid":{"rendered":"http:\/\/basarabeasca.md\/?p=11027"},"modified":"2022-12-06T09:11:34","modified_gmt":"2022-12-06T07:11:34","slug":"%d1%80%d1%83%d1%81%d1%81%d0%ba%d0%b8%d0%b9-anunt-cu-privire-la-convocarea-consiliului-raional-basarabeasca-in-sedinta-ordinara-14-decembrie-2022","status":"publish","type":"post","link":"https:\/\/basarabeasca.md\/ru\/2022\/12\/%d1%80%d1%83%d1%81%d1%81%d0%ba%d0%b8%d0%b9-anunt-cu-privire-la-convocarea-consiliului-raional-basarabeasca-in-sedinta-ordinara-14-decembrie-2022\/","title":{"rendered":"ANUN\u021a.Cu privire la convocarea Consiliului  raional Basarabeasca \u00een \u015fedin\u0163\u0103 ordinar\u0103.14 decembrie 2022,"},"content":{"rendered":"<p><strong><a href=\"http:\/\/basarabeasca.md\/wp-content\/uploads\/2022\/12\/Cu-privire-la-convocarea-Consiliului-raional-Basarabeasca-in-sedinta-ordinara-9.pdf\">Cu privire la convocarea Consiliului raional Basarabeasca \u00een \u015fedin\u0163\u0103 ordinar\u0103 (PDF)<\/a><\/strong><\/p>\n<p>\u00cen conformitate cu art. 45 alin. (1) \u015fi (3) din Legea nr. 436\/2006 privind administra\u0163ia public\u0103 local\u0103 <em>(MO nr. 32-35\/2007 art.116)<\/em>,<\/p>\n<p><strong>\u00a0<\/strong><strong>D I S P U N:<\/strong><\/p>\n<p>Se convoac\u0103 Consiliul raional Basarabeasca \u00een \u015fedin\u0163\u0103 ordinar\u0103 la <strong>14 decembrie 20<\/strong><strong>22<\/strong><strong>, ora 09.00<\/strong>, \u00een incinta Consiliului raional Basarabeasca, str. Karl Marx, 55, sala de \u015fedin\u0163e, etajul II, cu urm\u0103torul proiect al ordinii de zi .<\/p>\n<ol start=\"2\">\n<li>Responsabilitatea pentru organizarea \u015fi desf\u0103\u015furarea \u015fedin\u0163ei Consiliului raional<\/li>\n<\/ol>\n<p>mi-o asum personal.<\/p>\n<p>Pre\u015fedintele raionului Basarabeasca\u00a0\u00a0\u00a0\u00a0\u00a0\u00a0\u00a0\u00a0\u00a0\u00a0\u00a0\u00a0\u00a0\u00a0\u00a0\u00a0\u00a0\u00a0\u00a0\u00a0\u00a0\u00a0\u00a0\u00a0\u00a0\u00a0\u00a0\u00a0\u00a0\u00a0\u00a0\u00a0\u00a0\u00a0\u00a0\u00a0\u00a0\u00a0\u00a0\u00a0\u00a0\u00a0\u00a0\u00a0\u00a0\u00a0\u00a0\u00a0\u00a0\u00a0\u00a0\u00a0\u00a0\u00a0\u00a0\u00a0 Piotr PU\u015eCARI<\/p>\n<p><a href=\"http:\/\/basarabeasca.md\/wp-content\/uploads\/2022\/12\/convocare.docx-19.doc\">convocare.docx (cu ordinea de zi) WORD<\/a><\/p>\n<p style=\"text-align: center;\"><strong>ORDINEA DE ZI<\/strong><\/p>\n<p style=\"text-align: center;\"><strong>a \u015fedin\u0163ei ordinare a Consiliului raional Basarabeasca<\/strong><\/p>\n<p><strong>din 1<\/strong><strong>4<\/strong><strong> decembrie 2022<\/strong><\/p>\n<p><strong>\u00a0<\/strong><\/p>\n<ol>\n<li><strong>Cu privire la aprobarea cheltuielilor efectuate prin dispozi\u0163ia pre\u015fedintelui raionului nr. 89 din 31.10.2022.<\/strong><\/li>\n<\/ol>\n<p><em>Raportor<\/em><em>: Piotr Pu\u015fcari, pre\u015fedinte al raionului Basarabeasca<\/em><\/p>\n<ol start=\"2\">\n<li><strong>Cu privire la executarea\u00a0 bugetului raional pe 9 luni\u00a0 ale anului 2022.<\/strong><\/li>\n<\/ol>\n<p><em>\u00a0\u00a0\u00a0\u00a0\u00a0 Raportor<\/em><em>: Maria Muntean, \u015fef adjunct al Direc\u0163iei finan\u0163e<\/em><\/p>\n<ol start=\"3\">\n<li><strong>Cu privire la aprobarea, \u00een prima lectur\u0103, a bugetului raional Basarabeasca pe anul 2023.<\/strong><\/li>\n<\/ol>\n<p><em>Raportor<\/em><em>: Piotr Pu\u015fcari, pre\u015fedinte al raionului Basarabeasca<\/em><\/p>\n<ol start=\"4\">\n<li><strong>Cu privire la aprobarea, \u00een lectura a doua, a bugetului raional Basarabeasca pe anul 2023.<\/strong><\/li>\n<\/ol>\n<p><em>Raportor<\/em><em>: Maria Muntean, \u015fef adjunct al Direc\u0163iei finan\u0163e<\/em><\/p>\n<ol start=\"5\">\n<li><strong>Cu privire la modificarea bugetului raional pe anul 2022 \u015fi alocarea mijloacelor financiare.<\/strong><\/li>\n<\/ol>\n<p><em>Raportor<\/em><em>: <\/em><em>Maria Muntean, \u015fef adjunct al Direc\u0163iei finan\u0163e<\/em><\/p>\n<ol start=\"6\">\n<li><strong>Cu privire la modificarea unor decizii ale Consiliului raional Basarabeasca.<\/strong><\/li>\n<\/ol>\n<p><em>Raportori<\/em><em>: <\/em><em>Maria Muntean, \u015fef adjunct al Direc\u0163iei finan\u0163e<\/em><\/p>\n<p><em>\u00a0\u00a0\u00a0\u00a0\u00a0\u00a0\u00a0\u00a0\u00a0\u00a0\u00a0\u00a0\u00a0\u00a0\u00a0 Ecaterina Pascal, \u015fef adjunct al Direc\u0163iei \u00eenv\u0103\u0163\u0103m\u00e2nt general<\/em><\/p>\n<ol start=\"7\">\n<li><strong>Cu privire la aprobarea Programului de activitate al Consiliului raional <\/strong><\/li>\n<\/ol>\n<p><strong>Basarabeasca pentru\u00a0 trimestrul I al anului 2023.<\/strong><\/p>\n<p><em>Raportor<\/em><em>: Gheorghe Livi\u0163chi, secretar al <\/em><em>Consiliului raional<\/em><\/p>\n<ol start=\"8\">\n<li><strong>Cu privire la mersul execut\u0103rii deciziilor Consiliului raional, adoptate \u00een <\/strong><\/li>\n<\/ol>\n<p><strong>semestrul I al anului 2022.<\/strong><\/p>\n<p><em>Raportor<\/em><em>: Gheorghe Livi\u0163chi, secretar al <\/em><em>Consiliului raional<\/em><\/p>\n<ol start=\"9\">\n<li><strong>Cu privire la operarea unor modific\u0103ri \u00een decizia Consiliului raional nr. 05\/09 din 24.09.2021.<\/strong><\/li>\n<\/ol>\n<p><em>Raportor<\/em><em>: <\/em><em>Gheorghe Livi\u0163chi, secretar al <\/em><em>Consiliului raional<\/em><\/p>\n<ol start=\"10\">\n<li><strong>Cu privire la transmiterea \u00een gestiune, prin contract de comodat, a unui bun imobil.<\/strong><\/li>\n<\/ol>\n<p><em>Raportor<\/em><em>: Piotr Pu\u015fcari, pre\u015fedinte al raionului <\/em><\/p>\n<ol start=\"11\">\n<li><strong>Cu privire la aprobarea graficului concediilor de odihn\u0103 pentru anul 2023.<\/strong><\/li>\n<\/ol>\n<p><em>Raportor<\/em><em>: <\/em><em>Evghenia Jileznaia, specialist principal, Aparatul pre\u015fedintelui raionului\u00a0\u00a0\u00a0\u00a0\u00a0\u00a0\u00a0\u00a0\u00a0\u00a0\u00a0\u00a0\u00a0\u00a0 <\/em><\/p>\n<ol start=\"12\">\n<li><strong>Cu privire la aprobarea Planului raional de ac\u0163iuni pentru men\u0163inerea statutului Republicii Moldova de \u0163ar\u0103 liber\u0103 de poliomielita pentru anii 2022-2024.<\/strong><\/li>\n<\/ol>\n<p><em>\u00a0\u00a0\u00a0\u00a0 Raportor<\/em><em>: Ion Popov, vicepre\u015fedinte al raionului pe probleme sociale<\/em><\/p>\n<p><em>\u00a0\u00a0\u00a0 Coraportor: Zinaida Ra\u0163\u0103, <\/em><em>\u0441<\/em><em>oordonator CSPH\u00eence\u015fti, sector Basarabeasca<\/em><\/p>\n<ol start=\"13\">\n<li><strong>Cu privire la aprobarea <\/strong><strong>Programului teritorial de prevenire \u0219i control al infec\u021biei HIV\/SIDA \u0219i al infec\u021biilor cu transmitere sexual\u0103 pentru anii 2022-2025 \u00een raionul Basarabeasca.<\/strong><\/li>\n<\/ol>\n<p><em>Raportor<\/em><em>: Ion Popov, vicepre\u015fedinte al raionului pe probleme sociale<\/em><\/p>\n<p><em>Coraportor: Zinaida Ra\u0163\u0103, <\/em><em>\u0441<\/em><em>oordonator CSPH\u00eence\u015fti, sector Basarabeasca<\/em><\/p>\n<ol start=\"14\">\n<li><strong>Cu privire la folosirea \u00een scopuri de serviciu a unui autoturism personal.<\/strong><\/li>\n<\/ol>\n<p><em>Raportor<\/em><em>: Piotr Pu\u015fcari, pre\u015fedinte al raionului Basarabeasca<\/em><\/p>\n<ol start=\"15\">\n<li><strong>Cu privire la Acordul de parteneriat.<\/strong><\/li>\n<\/ol>\n<p><em>Raportor<\/em><em>: Natalia Arnaut, \u015fef al IMSP Centrul de S\u0103n\u0103tate Basarabeasca<\/em><\/p>\n","protected":false},"excerpt":{"rendered":"<p>Cu privire la convocarea Consiliului raional Basarabeasca \u00een \u015fedin\u0163\u0103 ordinar\u0103 (PDF) \u00cen conformitate cu art. 45 alin. (1) \u015fi (3) din Legea nr. 436\/2006 privind administra\u0163ia public\u0103 local\u0103 (MO nr. 32-35\/2007 art.116), \u00a0D I S P U N: Se convoac\u0103 Consiliul raional Basarabeasca \u00een \u015fedin\u0163\u0103 ordinar\u0103 la 14 decembrie 2022, ora 09.00, \u00een incinta Consiliului [&hellip;]<\/p>\n","protected":false},"author":6,"featured_media":10646,"comment_status":"open","ping_status":"open","sticky":false,"template":"","format":"standard","meta":{"footnotes":""},"categories":[8],"tags":[],"class_list":["post-11027","post","type-post","status-publish","format-standard","has-post-thumbnail","hentry","category-anunturi"],"_links":{"self":[{"href":"https:\/\/basarabeasca.md\/ru\/wp-json\/wp\/v2\/posts\/11027","targetHints":{"allow":["GET"]}}],"collection":[{"href":"https:\/\/basarabeasca.md\/ru\/wp-json\/wp\/v2\/posts"}],"about":[{"href":"https:\/\/basarabeasca.md\/ru\/wp-json\/wp\/v2\/types\/post"}],"author":[{"embeddable":true,"href":"https:\/\/basarabeasca.md\/ru\/wp-json\/wp\/v2\/users\/6"}],"replies":[{"embeddable":true,"href":"https:\/\/basarabeasca.md\/ru\/wp-json\/wp\/v2\/comments?post=11027"}],"version-history":[{"count":1,"href":"https:\/\/basarabeasca.md\/ru\/wp-json\/wp\/v2\/posts\/11027\/revisions"}],"predecessor-version":[{"id":11030,"href":"https:\/\/basarabeasca.md\/ru\/wp-json\/wp\/v2\/posts\/11027\/revisions\/11030"}],"wp:featuredmedia":[{"embeddable":true,"href":"https:\/\/basarabeasca.md\/ru\/wp-json\/wp\/v2\/media\/10646"}],"wp:attachment":[{"href":"https:\/\/basarabeasca.md\/ru\/wp-json\/wp\/v2\/media?parent=11027"}],"wp:term":[{"taxonomy":"category","embeddable":true,"href":"https:\/\/basarabeasca.md\/ru\/wp-json\/wp\/v2\/categories?post=11027"},{"taxonomy":"post_tag","embeddable":true,"href":"https:\/\/basarabeasca.md\/ru\/wp-json\/wp\/v2\/tags?post=11027"}],"curies":[{"name":"wp","href":"https:\/\/api.w.org\/{rel}","templated":true}]}}