{"id":10902,"date":"2022-09-13T11:29:22","date_gmt":"2022-09-13T08:29:22","guid":{"rendered":"http:\/\/basarabeasca.md\/?p=10902"},"modified":"2022-09-13T11:33:15","modified_gmt":"2022-09-13T08:33:15","slug":"anunt-cu-privire-la-convocarea-consiliului-raional-basarabeasca-in-sedinta-ordinara-4","status":"publish","type":"post","link":"https:\/\/basarabeasca.md\/ru\/2022\/09\/anunt-cu-privire-la-convocarea-consiliului-raional-basarabeasca-in-sedinta-ordinara-4\/","title":{"rendered":"ANUN\u021a Cu privire la convocarea Consiliului raional Basarabeasca \u00een \u015fedin\u0163\u0103 ordinar\u0103"},"content":{"rendered":"<p><a href=\"http:\/\/basarabeasca.md\/wp-content\/uploads\/2022\/09\/Cu-privire-la-convocarea-Consiliului-raional-Basarabeasca-in-sedinta-ordinara-8_compressed.pdf\">DISPOZI\u021aIA Cu privire la convocarea Consiliului raional Basarabeasca \u00een \u015fedin\u0163\u0103 ordinar\u0103 (PDF)\u00a0<\/a><\/p>\n<p><a href=\"http:\/\/basarabeasca.md\/wp-content\/uploads\/2022\/09\/Ordinea-de-zi-rus-5.docx\">Ordinea de zi rus <\/a><\/p>\n<p>\u00cen conformitate cu art. 45 alin. (1) \u015fi (3) al Legii nr. 436\/2006 privind administra\u0163ia public\u0103 local\u0103 <em>(MO nr. 32-35\/2007 art.116)<\/em>, cu modific\u0103rile \u015fi complet\u0103rile ulterioare<\/p>\n<p><strong>\u00a0<\/strong><\/p>\n<ol>\n<li>Se convoac\u0103 Consiliul raional Basarabeasca \u00een \u015fedin\u0163\u0103 ordinar\u0103 la 23 septembrie<\/li>\n<\/ol>\n<p>2022, ora 10.00, \u00een incinta Consiliului raional Basarabeasca, str. Karl Marx, 55, sala de \u015fedin\u0163e, etajul II, cu urm\u0103torul proiect al\u00a0 ordinii de zi <em>(proiectul se anexeaz\u0103)<\/em>.<\/p>\n<p><em>\u00a0<\/em><\/p>\n<ol start=\"2\">\n<li>Responsabilitatea pentru organizarea \u015fi desf\u0103\u015furarea \u015fedin\u0163ei Consiliului raional mi-o asum personal.<\/li>\n<li>Prezenta dispozi\u0163ie urmeaz\u0103 a fi publicat\u0103 \u00een Registrul de Stat al Actelor Locale, urmeaz\u0103 a fi adus\u0103 la cuno\u015ftin\u0163a consilierilor raionali, precum \u015fi la cuno\u015ftin\u0163\u0103 public\u0103 prin intermediul paginii oficiale a Consiliului raional: <a href=\"http:\/\/www.basarabeasca.md\">www.basarabeasca.md<\/a>.<\/li>\n<\/ol>\n<p>Pre\u015fedintele\u00a0 raionului Basarabeasca\u00a0\u00a0\u00a0\u00a0\u00a0\u00a0\u00a0\u00a0\u00a0\u00a0\u00a0\u00a0\u00a0\u00a0\u00a0\u00a0\u00a0\u00a0\u00a0\u00a0\u00a0\u00a0\u00a0\u00a0\u00a0\u00a0\u00a0\u00a0\u00a0\u00a0\u00a0\u00a0\u00a0\u00a0\u00a0\u00a0\u00a0\u00a0\u00a0\u00a0\u00a0\u00a0\u00a0\u00a0\u00a0\u00a0\u00a0\u00a0\u00a0\u00a0\u00a0\u00a0\u00a0\u00a0\u00a0\u00a0 Piotr PU\u015eCARI<\/p>","protected":false},"excerpt":{"rendered":"<p>DISPOZI\u021aIA Cu privire la convocarea Consiliului raional Basarabeasca \u00een \u015fedin\u0163\u0103 ordinar\u0103 (PDF)\u00a0 Ordinea de zi rus \u00cen conformitate cu art. 45 alin. (1) \u015fi (3) al Legii nr. 436\/2006 privind administra\u0163ia public\u0103 local\u0103 (MO nr. 32-35\/2007 art.116), cu modific\u0103rile \u015fi complet\u0103rile ulterioare \u00a0 Se convoac\u0103 Consiliul raional Basarabeasca \u00een \u015fedin\u0163\u0103 ordinar\u0103 la 23 septembrie 2022, [&hellip;]<\/p>\n","protected":false},"author":6,"featured_media":10646,"comment_status":"open","ping_status":"open","sticky":false,"template":"","format":"standard","meta":{"footnotes":""},"categories":[8],"tags":[],"class_list":["post-10902","post","type-post","status-publish","format-standard","has-post-thumbnail","hentry","category-anunturi"],"_links":{"self":[{"href":"https:\/\/basarabeasca.md\/ru\/wp-json\/wp\/v2\/posts\/10902","targetHints":{"allow":["GET"]}}],"collection":[{"href":"https:\/\/basarabeasca.md\/ru\/wp-json\/wp\/v2\/posts"}],"about":[{"href":"https:\/\/basarabeasca.md\/ru\/wp-json\/wp\/v2\/types\/post"}],"author":[{"embeddable":true,"href":"https:\/\/basarabeasca.md\/ru\/wp-json\/wp\/v2\/users\/6"}],"replies":[{"embeddable":true,"href":"https:\/\/basarabeasca.md\/ru\/wp-json\/wp\/v2\/comments?post=10902"}],"version-history":[{"count":2,"href":"https:\/\/basarabeasca.md\/ru\/wp-json\/wp\/v2\/posts\/10902\/revisions"}],"predecessor-version":[{"id":10906,"href":"https:\/\/basarabeasca.md\/ru\/wp-json\/wp\/v2\/posts\/10902\/revisions\/10906"}],"wp:featuredmedia":[{"embeddable":true,"href":"https:\/\/basarabeasca.md\/ru\/wp-json\/wp\/v2\/media\/10646"}],"wp:attachment":[{"href":"https:\/\/basarabeasca.md\/ru\/wp-json\/wp\/v2\/media?parent=10902"}],"wp:term":[{"taxonomy":"category","embeddable":true,"href":"https:\/\/basarabeasca.md\/ru\/wp-json\/wp\/v2\/categories?post=10902"},{"taxonomy":"post_tag","embeddable":true,"href":"https:\/\/basarabeasca.md\/ru\/wp-json\/wp\/v2\/tags?post=10902"}],"curies":[{"name":"wp","href":"https:\/\/api.w.org\/{rel}","templated":true}]}}