{"id":9938,"date":"2021-09-10T16:52:05","date_gmt":"2021-09-10T13:52:05","guid":{"rendered":"http:\/\/basarabeasca.md\/?p=9938"},"modified":"2021-09-27T15:54:58","modified_gmt":"2021-09-27T12:54:58","slug":"cu-privire-la-convocarea-consiliului-raional-basarabeasca-in-sedinta-extraordinara-3","status":"publish","type":"post","link":"https:\/\/basarabeasca.md\/ro\/2021\/09\/cu-privire-la-convocarea-consiliului-raional-basarabeasca-in-sedinta-extraordinara-3\/","title":{"rendered":"Cu privire la convocarea Consiliului raional Basarabeasca \u00een \u015fedin\u0163\u0103 ordinar\u0103"},"content":{"rendered":"<p>&nbsp;<\/p>\n<p><a href=\"http:\/\/basarabeasca.md\/wp-content\/uploads\/2021\/09\/Cu-privire-la-convocarea-Consiliului-raional-Basarabeasca-in-sedinta-ordinara.pdf\">Cu privire la convocarea Consiliului raional Basarabeasca \u00een \u015fedin\u0163\u0103 ordinar\u0103 PDF<\/a><\/p>\n<p>Cu privire la convocarea Consiliului raional Basarabeasca \u00een \u015fedin\u0163\u0103 ordinar\u0103<\/p>\n<p>\u00cen conformitate cu art. 45 alin. (1) \u015fi (3) al Legii nr. 436-XVI din 28 decembrie 2006 privind administra\u0163ia public\u0103 local\u0103, <em>(MO nr. 32-35\/2007 art.116)<\/em>,<\/p>\n<p><strong>\u00a0<\/strong>Se convoac\u0103 Consiliul raional Basarabeasca \u00een \u015fedin\u0163\u0103 ordinar\u0103 la 24<\/p>\n<p>septembrie 2021, ora 10.00, \u00een incinta Consiliului raional Basarabeasca, str. Karl Marx, 55, sala de \u015fedin\u0163e, etajul II, cu urm\u0103torul proiect al\u00a0 ordinii de zi <em>(proiectul se anexeaz\u0103)<\/em>.<\/p>\n<p><em>\u00a0<\/em><\/p>\n<ol start=\"2\">\n<li>Se stabile\u015fte c\u0103 \u015fedin\u0163a ordinar\u0103 a Consiliului raional Basarabeasca din data<\/li>\n<\/ol>\n<p>de 24 septembrie 2021 se va desf\u0103\u015fura\u00a0 cu respectarea m\u0103surilor de protec\u0163ie stabilite \u00een leg\u0103tur\u0103 cu situa\u0163ia epidemiologic\u0103 a infec\u0163iei COVID \u2013 19.<\/p>\n<p>&nbsp;<\/p>\n<ol start=\"3\">\n<li>Responsabilitatea pentru organizarea \u015fi desf\u0103\u015furarea \u015fedin\u0163ei Consiliului raional mi-o asum personal.<\/li>\n<\/ol>\n<p>&nbsp;<\/p>\n<ol start=\"4\">\n<li>Prezenta dispozi\u0163ie urmeaz\u0103 a fi adus\u0103 la cuno\u015ftin\u0163a consilierilor raionali, precum \u015fi la cuno\u015ftin\u0163\u0103 public\u0103 prin plasarea pe pagina oficial\u0103 a Consiliului raional: <a href=\"http:\/\/www.basarabeasca.md\">www.basarabeasca.md<\/a>.<\/li>\n<\/ol>\n<p><strong>\u00a0<\/strong><\/p>\n<p><strong>\u00a0<\/strong><\/p>\n<p><strong>\u00a0<\/strong><\/p>\n<p><strong>\u00a0 \u00a0 \u00a0 \u00a0 \u00a0 \u00a0 \u00a0 \u00a0 \u00a0 \u00a0 \u00a0 \u00a0 \u00a0 \u00a0 \u00a0 \u00a0 \u00a0 \u00a0 \u00a0 \u00a0 \u00a0 \u00a0 \u00a0 \u00a0 \u00a0 \u00a0 \u00a0 \u00a0 \u00a0 \u00a0 \u00a0 \u00a0 \u00a0 \u00a0 \u00a0 \u00a0 \u00a0 \u00a0 \u00a0 \u00a0 \u00a0 \u00a0\u00a0<\/strong><\/p>\n<p><strong>ORDINEA DE ZI<\/strong><\/p>\n<p><strong>a \u015fedin\u0163ei ordinare a Consiliului raional Basarabeasca<\/strong><\/p>\n<p><strong>\u00a0din 24 septembrie 2021<\/strong><\/p>\n<p><strong>\u00a0<\/strong><\/p>\n<p><strong><u>Ora controlului:<\/u><\/strong><\/p>\n<ol>\n<li><strong> Cu privire la rezultatele preg\u0103tirii institu\u0163iilor educa\u0163ionale, din raion, c\u0103tre noul an de studii 2021-2022.<\/strong><\/li>\n<\/ol>\n<p><em>Raportor: Ecaterina Pascal, \u015fef adjunct al Direc\u0163iei \u00eenv\u0103\u0163\u0103m\u00e2nt general \u00a0\u00a0\u00a0\u00a0\u00a0\u00a0\u00a0\u00a0<\/em><\/p>\n<ol start=\"2\">\n<li><strong> Cu privire la mersul organiz\u0103rii \u015fi desf\u0103\u015fur\u0103rii procesului educa\u0163ional \u00een institu\u0163iile pre\u015fcolare \u015fi de \u00eenv\u0103\u0163\u0103m\u00e2nt general din raion \u00een condi\u0163iile situa\u0163iei epidemiologice legate de COVID-19.<\/strong><\/li>\n<\/ol>\n<p><em>Raportor: Ecaterina Pascal, \u015fef adjunct al Direc\u0163iei \u00eenv\u0103\u0163\u0103m\u00e2nt general \u00a0\u00a0\u00a0\u00a0\u00a0\u00a0<\/em><\/p>\n<ol>\n<li><strong>Cu privire la numirea \u00een func\u0163ia de secretar al Consiliului raional Basarabeasca.<\/strong><\/li>\n<\/ol>\n<p><em>\u00a0\u00a0\u00a0\u00a0 Raportor: Piotr Pu\u015fcari, pre\u015fedintele raionului Basarabeasca<\/em><\/p>\n<ol start=\"2\">\n<li><strong>Cu privire la aprobarea unor dispozi\u0163ii ale pre\u015fedintelui raionului. <\/strong><\/li>\n<\/ol>\n<p><em>\u00a0Raportor: Piotr Pu\u015fcari, pre\u015fedintele \u00a0raionului Basarabeasca<\/em><\/p>\n<ol start=\"3\">\n<li><strong>Cu privire la executarea bugetului raional pe semestrul I al anului 2021.<\/strong><\/li>\n<\/ol>\n<p><em>\u00a0\u00a0\u00a0\u00a0 Raportor: Maria Muntean, \u015fef adjunct \u00a0al Direc\u0163iei finan\u0163e<\/em><\/p>\n<ol start=\"4\">\n<li><strong>Cu privire la modificarea bugetului raional pe anul 2021 \u015fi alocarea mijlaocelor financiare.<\/strong><\/li>\n<\/ol>\n<p><em>Raportor: Maria Muntean, \u015fef adjunct\u00a0 al Direc\u0163iei finan\u0163e<\/em><\/p>\n<ol start=\"5\">\n<li><strong>Cu privire la aprobarea Programului de activitate al Consiliului raional <\/strong><\/li>\n<\/ol>\n<p><strong>\u00a0\u00a0\u00a0 Basarabeasca pe trimestrul\u00a0 IV al anului 2021.<\/strong><\/p>\n<p><em>\u00a0\u00a0\u00a0 Raportor: Gheorghe Livi\u0163chi, secretar al Consiliului raional<\/em><\/p>\n<ol start=\"6\">\n<li><strong> Cu privire la mersul execut\u0103rii deciziilor Consiliului raional, adoptate \u00een <\/strong><\/li>\n<\/ol>\n<p><strong>semestrul II al anului 2020.<\/strong><\/p>\n<p><em>Raportor<\/em><em>: Gheorghe Livi\u0163chi, secretar al <\/em><em>Consiliului raional<\/em><\/p>\n<ol start=\"7\">\n<li><strong>\u0421<\/strong><strong>u privire la deschiderea, cu titlu de excep\u0163ie, a unei singure clase a X-a <\/strong><\/li>\n<\/ol>\n<p><strong>\u00a0\u00a0\u00a0\u00a0 liceale \u00een cadrul unor institu\u0163ii de \u00eenv\u0103\u0163\u0103m\u00e2nt din raion.<\/strong><\/p>\n<p><em>\u00a0\u00a0\u00a0\u00a0 Raportor: Ecaterina Pascal, \u015fef adjunct al Direc\u0163iei \u00eenv\u0103\u0163\u0103m\u00e2nt general<\/em><\/p>\n<ol start=\"8\">\n<li><strong> Cu privire la m\u0103surile de preg\u0103tire a economiei \u015fi sferei sociale a raionului <\/strong><\/li>\n<\/ol>\n<p><strong>\u00a0\u00a0\u00a0\u00a0 Basarabeasca pentru activitate \u00een perioada de toamn\u0103-iarn\u0103 2021-2022.<\/strong><\/p>\n<p><em>\u00a0\u00a0\u00a0 Raportor: Egor Nichita, \u015fef al Sec\u0163iei economie<\/em><\/p>\n<ol start=\"9\">\n<li><strong> Cu privire la coordonarea, \u00een redac\u0163ie nou\u0103, a regulamentelor de <\/strong><\/li>\n<\/ol>\n<p><strong>\u00a0\u00a0\u00a0 organizare \u015fi func\u0163ionare a institu\u0163iilor medico-sanitare publice din raion.<\/strong><\/p>\n<p><em>\u00a0\u00a0\u00a0\u00a0 Raportor: Gheorghe Livi\u0163chi, secretar al Consiliului raional<\/em><\/p>\n<ol start=\"10\">\n<li><strong> Cu privire la arendarea unei \u00eenc\u0103peri \u00een incinta cl\u0103dirii administrative a <\/strong><\/li>\n<\/ol>\n<p><strong>\u00a0\u00a0\u00a0\u00a0\u00a0 Consiliului raional.<\/strong><\/p>\n<p><em>\u00a0\u00a0\u00a0\u00a0\u00a0 Raportor: Silvia Niculi\u0163a, contabil-\u015fef \u00een cadrul Aparatului pre\u015fedintelui raionului\u00a0\u00a0\u00a0\u00a0\u00a0\u00a0\u00a0\u00a0\u00a0\u00a0\u00a0\u00a0\u00a0\u00a0 \u00a0\u00a0\u00a0<\/em><\/p>\n<ol start=\"11\">\n<li><strong> Cu privire la operarea unor modific\u0103ri \u00een decizia Consiliului raional nr. <\/strong><\/li>\n<\/ol>\n<p><strong>\u00a0\u00a0\u00a0\u00a0 05\/13 din 18.12.2020.<\/strong><\/p>\n<p><em>\u00a0\u00a0\u00a0\u00a0\u00a0 Raportor: Silvia Niculi\u0163a, contabil-\u015fef \u00een cadrul Aparatului pre\u015fedintelui raionului\u00a0\u00a0\u00a0\u00a0\u00a0\u00a0\u00a0\u00a0\u00a0\u00a0\u00a0\u00a0\u00a0\u00a0\u00a0\u00a0\u00a0\u00a0\u00a0\u00a0 <\/em><\/p>\n<ol start=\"12\">\n<li><strong> Cu privire la transmiterea unor bunuri.<\/strong><\/li>\n<\/ol>\n<p><em>\u00a0\u00a0\u00a0\u00a0 Raportor:\u00a0 Olga Baciu, \u015fef al Sec\u0163iei cultur\u0103<\/em><\/p>","protected":false},"excerpt":{"rendered":"<p>&nbsp; Cu privire la convocarea Consiliului raional Basarabeasca \u00een \u015fedin\u0163\u0103 ordinar\u0103 PDF Cu privire la convocarea Consiliului raional Basarabeasca \u00een \u015fedin\u0163\u0103 ordinar\u0103 \u00cen conformitate cu art. 45 alin. (1) \u015fi (3) al Legii nr. 436-XVI din 28 decembrie 2006 privind administra\u0163ia public\u0103 local\u0103, (MO nr. 32-35\/2007 art.116), \u00a0Se convoac\u0103 Consiliul raional Basarabeasca \u00een \u015fedin\u0163\u0103 ordinar\u0103 [&hellip;]<\/p>\n","protected":false},"author":6,"featured_media":9800,"comment_status":"open","ping_status":"open","sticky":false,"template":"","format":"standard","meta":{"footnotes":""},"categories":[8,9],"tags":[],"class_list":["post-9938","post","type-post","status-publish","format-standard","has-post-thumbnail","hentry","category-anunturi","category-noutati-si-evenimente"],"_links":{"self":[{"href":"https:\/\/basarabeasca.md\/ro\/wp-json\/wp\/v2\/posts\/9938","targetHints":{"allow":["GET"]}}],"collection":[{"href":"https:\/\/basarabeasca.md\/ro\/wp-json\/wp\/v2\/posts"}],"about":[{"href":"https:\/\/basarabeasca.md\/ro\/wp-json\/wp\/v2\/types\/post"}],"author":[{"embeddable":true,"href":"https:\/\/basarabeasca.md\/ro\/wp-json\/wp\/v2\/users\/6"}],"replies":[{"embeddable":true,"href":"https:\/\/basarabeasca.md\/ro\/wp-json\/wp\/v2\/comments?post=9938"}],"version-history":[{"count":3,"href":"https:\/\/basarabeasca.md\/ro\/wp-json\/wp\/v2\/posts\/9938\/revisions"}],"predecessor-version":[{"id":9963,"href":"https:\/\/basarabeasca.md\/ro\/wp-json\/wp\/v2\/posts\/9938\/revisions\/9963"}],"wp:featuredmedia":[{"embeddable":true,"href":"https:\/\/basarabeasca.md\/ro\/wp-json\/wp\/v2\/media\/9800"}],"wp:attachment":[{"href":"https:\/\/basarabeasca.md\/ro\/wp-json\/wp\/v2\/media?parent=9938"}],"wp:term":[{"taxonomy":"category","embeddable":true,"href":"https:\/\/basarabeasca.md\/ro\/wp-json\/wp\/v2\/categories?post=9938"},{"taxonomy":"post_tag","embeddable":true,"href":"https:\/\/basarabeasca.md\/ro\/wp-json\/wp\/v2\/tags?post=9938"}],"curies":[{"name":"wp","href":"https:\/\/api.w.org\/{rel}","templated":true}]}}