{"id":9798,"date":"2021-07-13T17:36:22","date_gmt":"2021-07-13T14:36:22","guid":{"rendered":"http:\/\/basarabeasca.md\/?p=9798"},"modified":"2021-07-13T17:36:22","modified_gmt":"2021-07-13T14:36:22","slug":"cu-privire-la-convocarea-consiliului-raional-basarabeasca-in-sedinta-extraordinara-2","status":"publish","type":"post","link":"https:\/\/basarabeasca.md\/ro\/2021\/07\/cu-privire-la-convocarea-consiliului-raional-basarabeasca-in-sedinta-extraordinara-2\/","title":{"rendered":"Cu privire la convocarea Consiliului  raional Basarabeasca \u00een \u015fedin\u0163\u0103 extraordinar\u0103"},"content":{"rendered":"<p><a href=\"http:\/\/basarabeasca.md\/wp-content\/uploads\/2021\/07\/Cu-privire-la-convocarea-Consiliului-raional-Basarabeasca-in-sedinta-extraordinara-1.pdf\">Cu privire la convocarea Consiliului raional Basarabeasca \u00een \u015fedin\u0163\u0103 extraordinar\u0103 PDF<\/a><\/p>\n<p>Av\u00e2nd \u00een vedere necesitatea solu\u0163ion\u0103rii unei chestiuni stringente, care nu pot fi tergiversate, asigurarea pe aceast\u0103 cale a activit\u0103\u0163ii subdiviziunilor \u015fi institu\u0163iilor din subordinea Consiliului raional, \u00een temeiul art. 45 alin. (2) \u015fi (3) al Legii nr. 436\/2006 privind administra\u0163ia public\u0103 local\u0103 <em>(MO nr. 32-35\/2007 art.116)<\/em>,<\/p>\n<ol>\n<li>Se convoac\u0103 Consiliul raional Basarabeasca \u00een \u015fedin\u0163\u0103 extraordinar\u0103 la 16 iulie<\/li>\n<\/ol>\n<p>2021, ora 10.00, \u00een incinta Consiliului raional Basarabeasca, str. Karl Marx, 55, sala de \u015fedin\u0163e, etajul II, cu urm\u0103torul proiect al\u00a0 ordinii de zi:<\/p>\n<p>&#8211; <strong>Cu privire la reorganizarea IP Gimnaziul Iordanovca.<\/strong><\/p>\n<p><em>Raportor: Ecaterina Pascal, \u015fef adjunct al Direc\u0163iei \u00eenv\u0103\u0163\u0103m\u00e2nt general<\/em><\/p>\n<p><strong>&#8211; Cu privire la aprobarea dispozi\u0163iilor pre\u015fedintelui raionului, emise \u00een <\/strong><em>\u00a0\u00a0<\/em><\/p>\n<p><strong>perioada dintre \u015fedin\u0163ele Consiliului raional.<\/strong><\/p>\n<p><em>Raportor: Piotr Pu\u015fcari, pre\u015fedinte al raionului<\/em><\/p>\n<p><strong>&#8211; Cu privire la \u00eencorporarea, \u00een octombrie 2021-ianuarie 2022, \u00een r\u00e2ndurile <\/strong><\/p>\n<p><strong>For\u0163elor Armate \u015fi \u00een Serviciul Civil (de alternativ\u0103) ale Republicii <\/strong><\/p>\n<p><strong>Moldova, a cet\u0103\u0163enilor n\u0103scu\u0163i \u00een anii 1994-2002.<\/strong><\/p>\n<p><em>Raportor: Alexandr Croitor, \u015fef al Sec\u0163iei administrativ-militare Basarabeasca<\/em><\/p>\n<p><em>\u00a0<\/em><\/p>\n<ol start=\"2\">\n<li>Se stabile\u015fte c\u0103 \u015fedin\u0163a extraordinar\u0103 a Consiliului raional Basarabeasca din data de 16 iulie 2021 se va desf\u0103\u015fura cu respectarea m\u0103surilor de protec\u0163ie stabilite \u00een leg\u0103tur\u0103 cu situa\u0163ia epidemiologic\u0103 a infec\u0163iei COVID \u2013 19.<\/li>\n<li>Responsabilitatea pentru organizarea \u015fi desf\u0103\u015furarea \u015fedin\u0163ei Consiliului raional mi-o asum personal.<\/li>\n<li>Prezenta dispozi\u0163ie urmeaz\u0103 a fi adus\u0103 la cuno\u015ftin\u0163a consilierilor raionali, precum \u015fi la cuno\u015ftin\u0163\u0103 public\u0103 prin plasarea pe pagina oficial\u0103 a Consiliului raional: <a href=\"http:\/\/www.basarabeasca.md\">www.basarabeasca.md<\/a>.<\/li>\n<\/ol>\n<p><strong>\u00a0<\/strong><\/p>\n<p><strong>\u00a0<\/strong><\/p>\n<p>Pre\u015fedinte interimar al<\/p>\n<p>raionului Basarabeasca\u00a0\u00a0\u00a0\u00a0\u00a0\u00a0\u00a0\u00a0\u00a0\u00a0\u00a0\u00a0\u00a0\u00a0\u00a0\u00a0\u00a0\u00a0\u00a0\u00a0\u00a0\u00a0\u00a0\u00a0\u00a0\u00a0\u00a0\u00a0\u00a0\u00a0\u00a0\u00a0\u00a0\u00a0\u00a0\u00a0\u00a0\u00a0\u00a0\u00a0\u00a0\u00a0\u00a0\u00a0\u00a0\u00a0\u00a0\u00a0\u00a0\u00a0\u00a0\u00a0\u00a0\u00a0\u00a0\u00a0 Petru SCUTARI<\/p>\n","protected":false},"excerpt":{"rendered":"<p>Cu privire la convocarea Consiliului raional Basarabeasca \u00een \u015fedin\u0163\u0103 extraordinar\u0103 PDF Av\u00e2nd \u00een vedere necesitatea solu\u0163ion\u0103rii unei chestiuni stringente, care nu pot fi tergiversate, asigurarea pe aceast\u0103 cale a activit\u0103\u0163ii subdiviziunilor \u015fi institu\u0163iilor din subordinea Consiliului raional, \u00een temeiul art. 45 alin. (2) \u015fi (3) al Legii nr. 436\/2006 privind administra\u0163ia public\u0103 local\u0103 (MO nr. [&hellip;]<\/p>\n","protected":false},"author":6,"featured_media":9800,"comment_status":"open","ping_status":"open","sticky":false,"template":"","format":"standard","meta":{"footnotes":""},"categories":[8],"tags":[],"class_list":["post-9798","post","type-post","status-publish","format-standard","has-post-thumbnail","hentry","category-anunturi"],"_links":{"self":[{"href":"https:\/\/basarabeasca.md\/ro\/wp-json\/wp\/v2\/posts\/9798","targetHints":{"allow":["GET"]}}],"collection":[{"href":"https:\/\/basarabeasca.md\/ro\/wp-json\/wp\/v2\/posts"}],"about":[{"href":"https:\/\/basarabeasca.md\/ro\/wp-json\/wp\/v2\/types\/post"}],"author":[{"embeddable":true,"href":"https:\/\/basarabeasca.md\/ro\/wp-json\/wp\/v2\/users\/6"}],"replies":[{"embeddable":true,"href":"https:\/\/basarabeasca.md\/ro\/wp-json\/wp\/v2\/comments?post=9798"}],"version-history":[{"count":1,"href":"https:\/\/basarabeasca.md\/ro\/wp-json\/wp\/v2\/posts\/9798\/revisions"}],"predecessor-version":[{"id":9801,"href":"https:\/\/basarabeasca.md\/ro\/wp-json\/wp\/v2\/posts\/9798\/revisions\/9801"}],"wp:featuredmedia":[{"embeddable":true,"href":"https:\/\/basarabeasca.md\/ro\/wp-json\/wp\/v2\/media\/9800"}],"wp:attachment":[{"href":"https:\/\/basarabeasca.md\/ro\/wp-json\/wp\/v2\/media?parent=9798"}],"wp:term":[{"taxonomy":"category","embeddable":true,"href":"https:\/\/basarabeasca.md\/ro\/wp-json\/wp\/v2\/categories?post=9798"},{"taxonomy":"post_tag","embeddable":true,"href":"https:\/\/basarabeasca.md\/ro\/wp-json\/wp\/v2\/tags?post=9798"}],"curies":[{"name":"wp","href":"https:\/\/api.w.org\/{rel}","templated":true}]}}