{"id":9663,"date":"2021-05-07T15:48:59","date_gmt":"2021-05-07T12:48:59","guid":{"rendered":"http:\/\/basarabeasca.md\/?p=9663"},"modified":"2021-05-07T15:48:59","modified_gmt":"2021-05-07T12:48:59","slug":"anunt-cu-privire-la-convocarea-consiliului-raional-basarabeasca-in-sedinta-extraordinara","status":"publish","type":"post","link":"https:\/\/basarabeasca.md\/ro\/2021\/05\/anunt-cu-privire-la-convocarea-consiliului-raional-basarabeasca-in-sedinta-extraordinara\/","title":{"rendered":"Anun\u021b! Cu privire la convocarea Consiliului  raional Basarabeasca \u00een \u015fedin\u0163\u0103 extraordinar\u0103"},"content":{"rendered":"<p><a href=\"http:\/\/basarabeasca.md\/wp-content\/uploads\/2021\/05\/convocare.pdf\">convocare<\/a> PDF<\/p>\n<p>Av\u00e2nd \u00een vedere necesitatea solu\u0163ion\u0103rii unor chestiuni stringente, care nu pot fi tergiversate, asigurarea pe aceast\u0103 cale a activit\u0103\u0163ii subdiviziunilor \u015fi institu\u0163iilor din subordinea Consiliului raional, \u00een temeiul art. 45 alin. (2) \u015fi (3) al Legii nr. 436\/2006 privind administra\u0163ia public\u0103 local\u0103 <em>(MO nr. 32-35\/2007 art.116)<\/em>,<\/p>\n<p>&nbsp;<\/p>\n<p><strong>\u00a0<\/strong><\/p>\n<ol>\n<li>Se convoac\u0103 Consiliul raional Basarabeasca \u00een \u015fedin\u0163\u0103 extraordinar\u0103 la 14 mai 2021, ora 10.00, \u00een incinta Centrului Raional de Crea\u0163ie a Copiilor \u201eLuceaf\u0103rul\u201d, str. Karl Marx, 56, sala de \u015fedin\u0163e, etajul II, cu urm\u0103torul proiect al ordinii de zi <em>(proiectul se anexeaz\u0103)<\/em>.<\/li>\n<li>Se stabile\u015fte c\u0103 \u015fedin\u0163a extraordinar\u0103 a Consiliului raional Basarabeasca din data de 14 mai 2021 se va desf\u0103\u015fura cu respectarea distan\u0163ei sociale stabilite \u00een leg\u0103tur\u0103 cu situa\u0163ia epidemiologic\u0103 a infec\u0163iei COVID \u2013 19, asigurarea tuturor participan\u0163ilor la \u015fedin\u0163a Consiliului cu m\u0103\u015fti \u015fi m\u0103nu\u015fi medicale, dezinfectan\u0163i pentru igiena personal\u0103 la intrarea \u00een sala de \u015fedin\u0163\u0103.<\/li>\n<li>Responsabilitatea pentru organizarea \u015fi desf\u0103\u015furarea \u015fedin\u0163ei Consiliului raional mi-o asum personal.<\/li>\n<li>Prezenta dispozi\u0163ie urmeaz\u0103 a fi adus\u0103 la cuno\u015ftin\u0163a consilierilor raionali, precum \u015fi la cuno\u015ftin\u0163\u0103 public\u0103 prin plasarea pe pagina oficial\u0103 a Consiliului raional: <a href=\"http:\/\/www.basarabeasca.md\">basarabeasca.md<\/a>.<\/li>\n<\/ol>\n<p>&nbsp;<\/p>\n<p><strong>Aprob:<\/strong><\/p>\n<p><strong>Pre\u015fedintele raionului Basarabeasca<\/strong><\/p>\n<p><strong>\u00a0\u00a0\u00a0\u00a0\u00a0\u00a0\u00a0\u00a0\u00a0\u00a0\u00a0\u00a0\u00a0\u00a0\u00a0\u00a0\u00a0\u00a0\u00a0\u00a0\u00a0\u00a0\u00a0\u00a0\u00a0\u00a0\u00a0\u00a0\u00a0\u00a0\u00a0\u00a0\u00a0\u00a0\u00a0\u00a0\u00a0\u00a0\u00a0\u00a0\u00a0\u00a0\u00a0\u00a0\u00a0\u00a0\u00a0\u00a0\u00a0\u00a0\u00a0\u00a0\u00a0\u00a0\u00a0\u00a0\u00a0\u00a0\u00a0\u00a0\u00a0\u00a0\u00a0\u00a0\u00a0\u00a0\u00a0\u00a0\u00a0\u00a0\u00a0\u00a0\u00a0\u00a0\u00a0\u00a0\u00a0\u00a0\u00a0\u00a0\u00a0\u00a0\u00a0\u00a0\u00a0\u00a0\u00a0 _______________ Piotr Pu\u015fcari<\/strong><\/p>\n<p><strong>\u00a0<\/strong><\/p>\n<p><strong>Proiectul ordinei de zi<\/strong><\/p>\n<p><strong>a \u015fedin\u0163ei extraordinare a Consiliului raional Basarabeasca<\/strong><\/p>\n<p><strong>din 14 mai\u00a0 2021<\/strong><\/p>\n<p><strong>\u00a0<\/strong><\/p>\n<ol>\n<li><strong>Cu privire la propunerea CEC a candidaturilor membrilor Consiliului <\/strong><\/li>\n<\/ol>\n<p><strong>\u00a0 \u00a0\u00a0electoral de circumscrip\u0163ie raional\u0103 Basarabeasca.<\/strong><\/p>\n<p><em>\u00a0\u00a0\u00a0 Raportor: Gheorghe Livi\u0163chi, secretar interimar al Consiliului raional<\/em><\/p>\n<p><em>\u00a0<\/em><\/p>\n<ol start=\"2\">\n<li><strong> Cu privire la aprobarea dispozi\u0163iilor pre\u015fedintelui raionului, emise \u00een <\/strong><\/li>\n<\/ol>\n<p><strong>\u00a0\u00a0\u00a0 perioada dintre \u015fedin\u0163ele Consiliului raional.<\/strong><\/p>\n<p><em>\u00a0\u00a0\u00a0 Raportor: Piotr Pu\u015fcari, pre\u015fedinte al raionului<\/em><\/p>\n<p><strong>\u00a0<\/strong><\/p>\n<ol start=\"3\">\n<li><strong>Cu privire la acceptarea \u00een proprietatea raionului a tehnicii de calcul.<\/strong><\/li>\n<\/ol>\n<p><em>\u00a0\u00a0 <\/em><em>Raportor: <\/em><em>Ecaterina Pascal, \u015fef adjunct al Direc\u0163iei \u00eenv\u0103\u0163\u0103m\u00e2nt general \u00a0\u00a0\u00a0<\/em><\/p>\n<p><em>\u00a0\u00a0\u00a0\u00a0\u00a0\u00a0\u00a0\u00a0\u00a0\u00a0\u00a0\u00a0\u00a0\u00a0\u00a0\u00a0\u00a0 <\/em><\/p>\n<ol start=\"4\">\n<li><strong> Cu privire la unele modific\u0103ri \u00een bugetul raional Basarabeasca pentru anul <\/strong><\/li>\n<\/ol>\n<p><strong>\u00a0\u00a0\u00a0 2021.<\/strong><\/p>\n<p><em>\u00a0\u00a0 <\/em><em>Raportor:Maria Muntean, \u015fef adjunct al Direc\u0163iei finan\u0163e<\/em><\/p>","protected":false},"excerpt":{"rendered":"<p>convocare PDF Av\u00e2nd \u00een vedere necesitatea solu\u0163ion\u0103rii unor chestiuni stringente, care nu pot fi tergiversate, asigurarea pe aceast\u0103 cale a activit\u0103\u0163ii subdiviziunilor \u015fi institu\u0163iilor din subordinea Consiliului raional, \u00een temeiul art. 45 alin. (2) \u015fi (3) al Legii nr. 436\/2006 privind administra\u0163ia public\u0103 local\u0103 (MO nr. 32-35\/2007 art.116), &nbsp; \u00a0 Se convoac\u0103 Consiliul raional Basarabeasca [&hellip;]<\/p>\n","protected":false},"author":6,"featured_media":8483,"comment_status":"open","ping_status":"open","sticky":false,"template":"","format":"standard","meta":{"footnotes":""},"categories":[8],"tags":[],"class_list":["post-9663","post","type-post","status-publish","format-standard","has-post-thumbnail","hentry","category-anunturi"],"_links":{"self":[{"href":"https:\/\/basarabeasca.md\/ro\/wp-json\/wp\/v2\/posts\/9663","targetHints":{"allow":["GET"]}}],"collection":[{"href":"https:\/\/basarabeasca.md\/ro\/wp-json\/wp\/v2\/posts"}],"about":[{"href":"https:\/\/basarabeasca.md\/ro\/wp-json\/wp\/v2\/types\/post"}],"author":[{"embeddable":true,"href":"https:\/\/basarabeasca.md\/ro\/wp-json\/wp\/v2\/users\/6"}],"replies":[{"embeddable":true,"href":"https:\/\/basarabeasca.md\/ro\/wp-json\/wp\/v2\/comments?post=9663"}],"version-history":[{"count":1,"href":"https:\/\/basarabeasca.md\/ro\/wp-json\/wp\/v2\/posts\/9663\/revisions"}],"predecessor-version":[{"id":9665,"href":"https:\/\/basarabeasca.md\/ro\/wp-json\/wp\/v2\/posts\/9663\/revisions\/9665"}],"wp:featuredmedia":[{"embeddable":true,"href":"https:\/\/basarabeasca.md\/ro\/wp-json\/wp\/v2\/media\/8483"}],"wp:attachment":[{"href":"https:\/\/basarabeasca.md\/ro\/wp-json\/wp\/v2\/media?parent=9663"}],"wp:term":[{"taxonomy":"category","embeddable":true,"href":"https:\/\/basarabeasca.md\/ro\/wp-json\/wp\/v2\/categories?post=9663"},{"taxonomy":"post_tag","embeddable":true,"href":"https:\/\/basarabeasca.md\/ro\/wp-json\/wp\/v2\/tags?post=9663"}],"curies":[{"name":"wp","href":"https:\/\/api.w.org\/{rel}","templated":true}]}}