{"id":9451,"date":"2021-03-23T11:22:30","date_gmt":"2021-03-23T09:22:30","guid":{"rendered":"http:\/\/basarabeasca.md\/?p=9451"},"modified":"2021-03-24T15:26:35","modified_gmt":"2021-03-24T13:26:35","slug":"%d1%80%d1%83%d1%81%d1%81%d0%ba%d0%b8%d0%b9-%d0%b8%d0%bd%d1%84%d0%be%d1%80%d0%bc%d0%b0%d1%86%d0%b8%d1%8f-%d0%b3%d1%80%d0%b0%d0%b6%d0%b4%d0%b0%d0%bd%d0%b0%d0%bc-%d1%80%d0%b5%d1%81%d0%bf%d1%83%d0%b1","status":"publish","type":"post","link":"https:\/\/basarabeasca.md\/ro\/2021\/03\/%d1%80%d1%83%d1%81%d1%81%d0%ba%d0%b8%d0%b9-%d0%b8%d0%bd%d1%84%d0%be%d1%80%d0%bc%d0%b0%d1%86%d0%b8%d1%8f-%d0%b3%d1%80%d0%b0%d0%b6%d0%b4%d0%b0%d0%bd%d0%b0%d0%bc-%d1%80%d0%b5%d1%81%d0%bf%d1%83%d0%b1\/","title":{"rendered":"Informa\u021bia despre cet\u0103\u021benii a Republicii Moldova!"},"content":{"rendered":"<p>Guvernul Republicii Moldova informeaz\u0103 c\u0103, \u00een conformitate cu propunerea Comisiei Economice Europene a ONU \u0219i concomitent cu statele-membre ale Uniunii Europene, pe data de <strong>28 martie 2021,ultima duminic\u0103 a lunii martie, la ora 2-00,<\/strong> pe \u00eentreg teritoriul \u021b\u0103rii va avea loc trecerea la timpul &#8222;de var\u0103&#8221; prin transferul acelor ceasornicului cu o or\u0103 \u00eenainte<\/p>\n<p>&nbsp;<\/p>","protected":false},"excerpt":{"rendered":"<p>Guvernul Republicii Moldova informeaz\u0103 c\u0103, \u00een conformitate cu propunerea Comisiei Economice Europene a ONU \u0219i concomitent cu statele-membre ale Uniunii Europene, pe data de 28 martie 2021,ultima duminic\u0103 a lunii martie, la ora 2-00, pe \u00eentreg teritoriul \u021b\u0103rii va avea loc trecerea la timpul &#8222;de var\u0103&#8221; prin transferul acelor ceasornicului cu o or\u0103 \u00eenainte &nbsp;<\/p>\n","protected":false},"author":6,"featured_media":8234,"comment_status":"open","ping_status":"open","sticky":false,"template":"","format":"standard","meta":{"footnotes":""},"categories":[9],"tags":[],"class_list":["post-9451","post","type-post","status-publish","format-standard","has-post-thumbnail","hentry","category-noutati-si-evenimente"],"_links":{"self":[{"href":"https:\/\/basarabeasca.md\/ro\/wp-json\/wp\/v2\/posts\/9451","targetHints":{"allow":["GET"]}}],"collection":[{"href":"https:\/\/basarabeasca.md\/ro\/wp-json\/wp\/v2\/posts"}],"about":[{"href":"https:\/\/basarabeasca.md\/ro\/wp-json\/wp\/v2\/types\/post"}],"author":[{"embeddable":true,"href":"https:\/\/basarabeasca.md\/ro\/wp-json\/wp\/v2\/users\/6"}],"replies":[{"embeddable":true,"href":"https:\/\/basarabeasca.md\/ro\/wp-json\/wp\/v2\/comments?post=9451"}],"version-history":[{"count":2,"href":"https:\/\/basarabeasca.md\/ro\/wp-json\/wp\/v2\/posts\/9451\/revisions"}],"predecessor-version":[{"id":9463,"href":"https:\/\/basarabeasca.md\/ro\/wp-json\/wp\/v2\/posts\/9451\/revisions\/9463"}],"wp:featuredmedia":[{"embeddable":true,"href":"https:\/\/basarabeasca.md\/ro\/wp-json\/wp\/v2\/media\/8234"}],"wp:attachment":[{"href":"https:\/\/basarabeasca.md\/ro\/wp-json\/wp\/v2\/media?parent=9451"}],"wp:term":[{"taxonomy":"category","embeddable":true,"href":"https:\/\/basarabeasca.md\/ro\/wp-json\/wp\/v2\/categories?post=9451"},{"taxonomy":"post_tag","embeddable":true,"href":"https:\/\/basarabeasca.md\/ro\/wp-json\/wp\/v2\/tags?post=9451"}],"curies":[{"name":"wp","href":"https:\/\/api.w.org\/{rel}","templated":true}]}}