{"id":9421,"date":"2021-03-15T12:32:26","date_gmt":"2021-03-15T10:32:26","guid":{"rendered":"http:\/\/basarabeasca.md\/?p=9421"},"modified":"2021-03-15T12:32:26","modified_gmt":"2021-03-15T10:32:26","slug":"%d1%80%d1%83%d1%81%d1%81%d0%ba%d0%b8%d0%b9-anunt-cu-privire-la-convocarea-consiliului-raional-basarabeasca-in-sedinta-ordinara%d1%8f%d0%b2%d0%bb%d0%b5%d0%bd%d0%b8%d0%b5","status":"publish","type":"post","link":"https:\/\/basarabeasca.md\/ro\/2021\/03\/%d1%80%d1%83%d1%81%d1%81%d0%ba%d0%b8%d0%b9-anunt-cu-privire-la-convocarea-consiliului-raional-basarabeasca-in-sedinta-ordinara%d1%8f%d0%b2%d0%bb%d0%b5%d0%bd%d0%b8%d0%b5\/","title":{"rendered":"ANUN\u021a !!! Cu privire la convocarea Consiliului raional Basarabeasca \u00een \u015fedin\u0163\u0103 ordinar\u0103"},"content":{"rendered":"<p><a href=\"http:\/\/basarabeasca.md\/wp-content\/uploads\/2021\/03\/Cu-privire-la-convocarea-Consiliului-raional-Basarabeasca-in-sedinta-ordinara_compressed.pdf\">Disp. nr 18 Cu privire la convocarea Consiliului raional Basarabeasca \u00een \u015fedin\u0163\u0103 ordinar\u0103(PDF)<\/a><\/p>\n<p>\u00cen conformitate cu art. 45 alin. (1) \u015fi (3) al Legii nr. 436\/2006 privind administra\u0163ia public\u0103 local\u0103 <em>(MO nr. 32-35\/2007 art.116)<\/em>,<\/p>\n<p>&nbsp;<\/p>\n<ol>\n<li>Se convoac\u0103 Consiliul raional Basarabeasca \u00een \u015fedin\u0163\u0103 ordinar\u0103 la 25 martie 2021, ora 10.00, \u00een incinta Centrului Raional de Crea\u0163ie a Copiilor \u201eLuceaf\u0103rul\u201d, str. Karl Marx, 56, sala de \u015fedin\u0163e, etajul II, cu urm\u0103torul proiect al ordinii de zi <em>(proiectul se anexeaz\u0103)<\/em>.<\/li>\n<li>Se stabile\u015fte c\u0103 \u015fedin\u0163a ordinar\u0103 a Consiliului raional Basarabeasca din data de 25 martie 2021 se va desf\u0103\u015fura cu respectarea distan\u0163ei sociale stabilite \u00een leg\u0103tur\u0103 cu situa\u0163ia epidemiologic\u0103 a infec\u0163iei COVID \u2013 19, asigurarea tuturor participan\u0163ilor la \u015fedin\u0163a Consiliului cu m\u0103\u015fti \u015fi m\u0103nu\u015fi medicale, dezinfectan\u0163i pentru igiena personal\u0103 la intrarea \u00een sala de \u015fedin\u0163\u0103.<\/li>\n<\/ol>\n<p>&nbsp;<\/p>\n<p><strong>Proiectul ordinei de zi <\/strong><strong>al \u015fedin\u0163ei ordinare a Consiliului raional Basarabeasca <\/strong><strong>din 25\u00a0 martie\u00a0 2021<\/strong><\/p>\n<p><strong>\u00a0<\/strong><\/p>\n<ol>\n<li><strong>Cu privire la executarea bugetului raional Basarabeasca pe anul 2020.<\/strong><\/li>\n<\/ol>\n<p><em>\u00a0\u00a0\u00a0 Raportor: Maria Muntean, \u015fef adjunct al Direc\u0163iei\u00a0 finan\u0163e<\/em><\/p>\n<ol start=\"2\">\n<li><strong>Cu privire la modificarea \u00een bugetului raional pentru anul 2021 \u015fi alocarea <\/strong><\/li>\n<\/ol>\n<p><strong>\u00a0\u00a0\u00a0 mijloacelor financiare.<\/strong><\/p>\n<p><em>\u00a0\u00a0\u00a0 Raportor: Maria Muntean, \u015fef adjunct al Direc\u0163iei\u00a0 finan\u0163e<\/em><\/p>\n<ol start=\"3\">\n<li><strong> Cu privire la aprobarea unor dispozi\u0163ii ale pre\u015fedintelui raionului, emise \u00een <\/strong><\/li>\n<\/ol>\n<p><strong>\u00a0\u00a0\u00a0 perioada dintre \u015fedin\u0163ele Consililui raional.<\/strong><\/p>\n<p><em>\u00a0\u00a0\u00a0 Raportor: Piotr Pu\u015fcari, pre\u015fedinte al raionului<\/em><\/p>\n<ol start=\"4\">\n<li><strong> Cu privire la repartizarea mijloacelor financiare din componenta raional\u0103.<\/strong><\/li>\n<\/ol>\n<p><em>\u00a0\u00a0\u00a0 Raportor: <\/em><em>Ecaterina Pascal, \u015fef adjunct al Direc\u0163iei \u00eenv\u0103\u0163\u0103m\u00e2nt general<\/em><\/p>\n<ol start=\"5\">\n<li><strong> Cu privire la transmiterea \u00een gestiune a unei p\u0103r\u0163i din cl\u0103direa LT <\/strong><\/li>\n<\/ol>\n<p><strong>\u00a0\u00a0\u00a0 <\/strong><strong>\u201eA.Pu\u015fkin\u201d din or. Basarabeasca.<\/strong><\/p>\n<p><em>\u00a0\u00a0\u00a0 Raportor: <\/em><em>Ecaterina Pascal, \u015fef adjunct al Direc\u0163iei \u00eenv\u0103\u0163\u0103m\u00e2nt general<\/em><\/p>\n<ol start=\"6\">\n<li><strong>Cu privire la\u00a0 acceptarea primirii \u00een proprietate a tehnicii de calcul \u0219i a <\/strong><\/li>\n<\/ol>\n<p><strong>\u00a0\u00a0\u00a0\u00a0 <\/strong><strong>unui lot de bunuri materiale.<\/strong><\/p>\n<p><em>\u00a0\u00a0\u00a0 <\/em><em>Raportor: <\/em><em>Ecaterina Pascal, \u015fef adjunct al Direc\u0163iei \u00eenv\u0103\u0163\u0103m\u00e2nt general <\/em><\/p>\n<p><em>\u00a0\u00a0\u00a0\u00a0\u00a0\u00a0\u00a0\u00a0\u00a0\u00a0\u00a0\u00a0\u00a0\u00a0 Basarabeasca\u00a0\u00a0\u00a0\u00a0\u00a0\u00a0\u00a0\u00a0\u00a0\u00a0\u00a0\u00a0\u00a0\u00a0\u00a0\u00a0\u00a0\u00a0\u00a0\u00a0\u00a0 <\/em><\/p>\n<ol start=\"7\">\n<li><strong> Cu privire la aprobarea Programului de activitate al Consiliului raional <\/strong><\/li>\n<\/ol>\n<p><strong>\u00a0\u00a0\u00a0 Basarabeasca pe trimestrul II al anului 2021.<\/strong><\/p>\n<p><em>\u00a0\u00a0\u00a0 Raportor: Gheorghe Livi\u0163chi, secretar interimar al Consiliului raional<\/em><\/p>\n<ol start=\"8\">\n<li><strong>Cu privire la transmiterea unui set de costume sportive.<\/strong><\/li>\n<\/ol>\n<p><em>\u00a0\u00a0\u00a0\u00a0\u00a0 Raportor: Olga Baciu, \u015fef al Sec\u0163iei cultur\u0103<\/em><\/p>\n<ol start=\"9\">\n<li><strong> 9<\/strong><strong>. Cu privire la aprobarea \u00een redac\u0163ie nou\u0103 a Regulamentului Serviciului de <\/strong><\/li>\n<\/ol>\n<p><strong>\u00a0\u00a0\u00a0\u00a0\u00a0\u00a0\u00a0\u00a0 \u00eengrijire social\u0103 la domiciliu \u015fi a standardelor minime de calitate.<\/strong><\/p>\n<p><em>\u00a0\u00a0\u00a0\u00a0\u00a0\u00a0\u00a0 Raportor: Mihail Mart\u00eenov, \u015fef interimar al Direc\u0163iei asisten\u0163\u0103 social\u0103 \u015fi <\/em><\/p>\n<p><em>\u00a0\u00a0\u00a0\u00a0\u00a0\u00a0\u00a0\u00a0\u00a0\u00a0\u00a0\u00a0\u00a0\u00a0\u00a0\u00a0\u00a0\u00a0\u00a0\u00a0\u00a0\u00a0\u00a0 <\/em><em>protec\u0163ie a familiei\u00a0\u00a0\u00a0\u00a0\u00a0\u00a0\u00a0\u00a0\u00a0\u00a0\u00a0\u00a0\u00a0\u00a0\u00a0\u00a0\u00a0\u00a0\u00a0 <\/em><\/p>\n<ol start=\"10\">\n<li><strong> Cu privire la \u00eencorporarea, \u00een aprilie-iulie 2021, \u00een r\u00e2ndurile For\u0163elor <\/strong><\/li>\n<\/ol>\n<p><strong>\u00a0\u00a0\u00a0\u00a0\u00a0 Armate <\/strong><strong>\u015fi \u00een Serviciul Civil (de alternativ\u0103) <\/strong><strong>ale Republicii\u00a0 Moldova, a\u00a0 <\/strong><\/p>\n<p><strong>\u00a0\u00a0\u00a0\u00a0\u00a0 cet\u0103\u0163enilor n\u0103scu\u0163i \u00een anii 1994-2003.<\/strong><\/p>\n<p><em>\u00a0\u00a0\u00a0\u00a0\u00a0 Raportor: Alexandr Croitor, \u015fef al Sec\u0163iei administrativ-militare <\/em><\/p>\n<ol start=\"11\">\n<li><strong> 11<\/strong><strong>.<\/strong><strong> Cu privire la aprobarea statelor de personal ale institu\u0163iilor medicale <\/strong><\/li>\n<\/ol>\n<p><strong>\u00a0\u00a0\u00a0\u00a0\u00a0\u00a0\u00a0 din \u00a0raion. <\/strong><strong>\u00a0<\/strong><\/p>\n<p><strong>\u00a0\u00a0\u00a0\u00a0\u00a0\u00a0\u00a0 <\/strong><em>Raportor: Ion Popov, vicepre\u015fedintele raionului pe probleme sociale<\/em><\/p>\n<p><em>\u00a0\u00a0\u00a0 <\/em>\u00a0\u00a0\u00a0\u00a0<em>Coraportori: Conduc\u0103torii institu\u0163iilor medico-sanitare publice din raion<\/em><\/p>\n<ol start=\"12\">\n<li><strong> Cu privire la salarizarea personalului de conducere din institu\u0163iile <\/strong><\/li>\n<\/ol>\n<p><strong>\u00a0\u00a0\u00a0\u00a0\u00a0\u00a0\u00a0 medicale pentru anul 2021.<\/strong><\/p>\n<p><em>\u00a0\u00a0\u00a0\u00a0\u00a0\u00a0\u00a0 Raportor: Ion Popov, vicepre\u015fedintele raionului pe probleme sociale<\/em><\/p>\n<ol start=\"13\">\n<li><strong> Cu privire la operarea unor modific\u0103ri \u00een decizia Consiliului raional nr. <\/strong><\/li>\n<\/ol>\n<p><strong>\u00a0\u00a0\u00a0\u00a0\u00a0\u00a0\u00a0\u00a0 05\/12 din 18.12.2021.<\/strong><\/p>\n<p><em>\u00a0\u00a0\u00a0\u00a0\u00a0\u00a0\u00a0\u00a0 Raportor: Petru Scutari, vicepre\u015fedintele raionului pe probleme economice<\/em><\/p>\n<ol start=\"14\">\n<li><strong> Cu privire la arendarea unor spa\u0163ii \u00een incinta cl\u0103dirii administrative a <\/strong><\/li>\n<\/ol>\n<p><strong>\u00a0\u00a0\u00a0\u00a0\u00a0\u00a0\u00a0 Consiliului raional.<\/strong><\/p>\n<p><em>\u00a0\u00a0\u00a0\u00a0\u00a0\u00a0\u00a0\u00a0 Raportor: Petru Scutari, vicepre\u015fedintele raionului pe probleme economice<\/em><\/p>\n<ol start=\"15\">\n<li><strong> Cu privire la aprobarea componen\u0163ei nominale a Consiliului de <\/strong><\/li>\n<\/ol>\n<p><strong>\u00a0\u00a0\u00a0\u00a0\u00a0\u00a0\u00a0\u00a0 administra\u0163ie \u015fi Comisiei de cenzori a \u00ceM \u201cCentrul Stomatologic Raional\u00a0 <\/strong><\/p>\n<p><strong>\u00a0\u00a0\u00a0\u00a0\u00a0\u00a0\u00a0\u00a0 Basarabeasca\u201d.<\/strong><\/p>\n<p><em>\u00a0\u00a0\u00a0\u00a0\u00a0\u00a0\u00a0\u00a0 Raportor: Ion Popov, vicepre\u015fedintele raionului pe probleme sociale<\/em><\/p>\n<ol start=\"16\">\n<li><strong> Cu privire la desemnarea unui consilier care va semna deciziile <\/strong><\/li>\n<\/ol>\n<p><strong>\u00a0\u00a0\u00a0\u00a0\u00a0 Consiliului \u00a0\u00een cazul \u00een care pre\u015fedintele \u015fedin\u0163ei va fi \u00een imposibilitate de <\/strong><\/p>\n<p><strong>\u00a0\u00a0\u00a0\u00a0\u00a0 a le semna.<\/strong><\/p>","protected":false},"excerpt":{"rendered":"<p>Disp. nr 18 Cu privire la convocarea Consiliului raional Basarabeasca \u00een \u015fedin\u0163\u0103 ordinar\u0103(PDF) \u00cen conformitate cu art. 45 alin. (1) \u015fi (3) al Legii nr. 436\/2006 privind administra\u0163ia public\u0103 local\u0103 (MO nr. 32-35\/2007 art.116), &nbsp; Se convoac\u0103 Consiliul raional Basarabeasca \u00een \u015fedin\u0163\u0103 ordinar\u0103 la 25 martie 2021, ora 10.00, \u00een incinta Centrului Raional de Crea\u0163ie [&hellip;]<\/p>\n","protected":false},"author":6,"featured_media":7634,"comment_status":"open","ping_status":"open","sticky":false,"template":"","format":"standard","meta":{"footnotes":""},"categories":[8],"tags":[],"class_list":["post-9421","post","type-post","status-publish","format-standard","has-post-thumbnail","hentry","category-anunturi"],"_links":{"self":[{"href":"https:\/\/basarabeasca.md\/ro\/wp-json\/wp\/v2\/posts\/9421","targetHints":{"allow":["GET"]}}],"collection":[{"href":"https:\/\/basarabeasca.md\/ro\/wp-json\/wp\/v2\/posts"}],"about":[{"href":"https:\/\/basarabeasca.md\/ro\/wp-json\/wp\/v2\/types\/post"}],"author":[{"embeddable":true,"href":"https:\/\/basarabeasca.md\/ro\/wp-json\/wp\/v2\/users\/6"}],"replies":[{"embeddable":true,"href":"https:\/\/basarabeasca.md\/ro\/wp-json\/wp\/v2\/comments?post=9421"}],"version-history":[{"count":1,"href":"https:\/\/basarabeasca.md\/ro\/wp-json\/wp\/v2\/posts\/9421\/revisions"}],"predecessor-version":[{"id":9422,"href":"https:\/\/basarabeasca.md\/ro\/wp-json\/wp\/v2\/posts\/9421\/revisions\/9422"}],"wp:featuredmedia":[{"embeddable":true,"href":"https:\/\/basarabeasca.md\/ro\/wp-json\/wp\/v2\/media\/7634"}],"wp:attachment":[{"href":"https:\/\/basarabeasca.md\/ro\/wp-json\/wp\/v2\/media?parent=9421"}],"wp:term":[{"taxonomy":"category","embeddable":true,"href":"https:\/\/basarabeasca.md\/ro\/wp-json\/wp\/v2\/categories?post=9421"},{"taxonomy":"post_tag","embeddable":true,"href":"https:\/\/basarabeasca.md\/ro\/wp-json\/wp\/v2\/tags?post=9421"}],"curies":[{"name":"wp","href":"https:\/\/api.w.org\/{rel}","templated":true}]}}