{"id":9313,"date":"2021-02-01T16:21:01","date_gmt":"2021-02-01T14:21:01","guid":{"rendered":"http:\/\/basarabeasca.md\/?p=9313"},"modified":"2021-02-01T16:23:11","modified_gmt":"2021-02-01T14:23:11","slug":"%d1%80%d1%83%d1%81%d1%81%d0%ba%d0%b8%d0%b9-%d0%be%d0%b1%d1%8a%d1%8f%d0%b2%d0%bb%d0%b5%d0%bd%d0%b8%d0%b5-%d0%be%d0%b1-%d0%b0%d0%bb%d1%8c%d1%82%d0%b5%d1%80%d0%bd%d0%b0%d1%82%d0%b8%d0%b2%d0%bd%d0%be","status":"publish","type":"post","link":"https:\/\/basarabeasca.md\/ro\/2021\/02\/%d1%80%d1%83%d1%81%d1%81%d0%ba%d0%b8%d0%b9-%d0%be%d0%b1%d1%8a%d1%8f%d0%b2%d0%bb%d0%b5%d0%bd%d0%b8%d0%b5-%d0%be%d0%b1-%d0%b0%d0%bb%d1%8c%d1%82%d0%b5%d1%80%d0%bd%d0%b0%d1%82%d0%b8%d0%b2%d0%bd%d0%be\/","title":{"rendered":"AVIZ.. cu privire la organizarea Serviciului Civil (de alternativ\u0103)"},"content":{"rendered":"<p><\/p>\n<div class=\"post-title\">\n<p>\u00cen conformitate cu Legea cu privire la organizarea Serviciului Civil (de alternativ\u0103) \u2116 156-XVI din 6 iulie 2007:<\/p>\n<p>Anun\u0163\u0103m c\u0103<\/p>\n<ol>\n<li>\u00een perioada 01.02.2021-31.03.2021 \u00a0se va efectua primirea cererilor motivate din partea cet\u0103\u0163enilor raionului Basarabeasca, \u0440rivind scutirea de serviciul militar \u00een termen \u015fi de \u00eencorporare \u00een serviciul civil,<\/li>\n<li>\u00een perioada 01.04.2021-31.05.2021 &#8211; \u00eencorporarea \u00een serviciul civil \u0219i \u00eencheierea contractelor privind \u00eendeplinirea serviciului civil,<\/li>\n<\/ol>\n<p>&nbsp;<\/p>\n<p>Doritori pot primi informa\u0163ii la adresa:\u00a0<strong>or. Basarabeasca, str. Karl Marx, 55, etajul 4, biroul 422<\/strong>\u00a0(Consiliul \u00a0raional Basarabeasca ).<\/p>\n<p><strong>Telefon de contact \u2013 \u00a00(297)21-250<\/strong>.<\/p>\n<\/div>\n<p><\/p>","protected":false},"excerpt":{"rendered":"<p>\u00cen conformitate cu Legea cu privire la organizarea Serviciului Civil (de alternativ\u0103) \u2116 156-XVI din 6 iulie 2007: Anun\u0163\u0103m c\u0103 \u00een perioada 01.02.2021-31.03.2021 \u00a0se va efectua primirea cererilor motivate din partea cet\u0103\u0163enilor raionului Basarabeasca, \u0440rivind scutirea de serviciul militar \u00een termen \u015fi de \u00eencorporare \u00een serviciul civil, \u00een perioada 01.04.2021-31.05.2021 &#8211; \u00eencorporarea \u00een serviciul civil [&hellip;]<\/p>\n","protected":false},"author":6,"featured_media":7634,"comment_status":"open","ping_status":"open","sticky":false,"template":"","format":"standard","meta":{"footnotes":""},"categories":[8],"tags":[],"class_list":["post-9313","post","type-post","status-publish","format-standard","has-post-thumbnail","hentry","category-anunturi"],"_links":{"self":[{"href":"https:\/\/basarabeasca.md\/ro\/wp-json\/wp\/v2\/posts\/9313","targetHints":{"allow":["GET"]}}],"collection":[{"href":"https:\/\/basarabeasca.md\/ro\/wp-json\/wp\/v2\/posts"}],"about":[{"href":"https:\/\/basarabeasca.md\/ro\/wp-json\/wp\/v2\/types\/post"}],"author":[{"embeddable":true,"href":"https:\/\/basarabeasca.md\/ro\/wp-json\/wp\/v2\/users\/6"}],"replies":[{"embeddable":true,"href":"https:\/\/basarabeasca.md\/ro\/wp-json\/wp\/v2\/comments?post=9313"}],"version-history":[{"count":2,"href":"https:\/\/basarabeasca.md\/ro\/wp-json\/wp\/v2\/posts\/9313\/revisions"}],"predecessor-version":[{"id":9315,"href":"https:\/\/basarabeasca.md\/ro\/wp-json\/wp\/v2\/posts\/9313\/revisions\/9315"}],"wp:featuredmedia":[{"embeddable":true,"href":"https:\/\/basarabeasca.md\/ro\/wp-json\/wp\/v2\/media\/7634"}],"wp:attachment":[{"href":"https:\/\/basarabeasca.md\/ro\/wp-json\/wp\/v2\/media?parent=9313"}],"wp:term":[{"taxonomy":"category","embeddable":true,"href":"https:\/\/basarabeasca.md\/ro\/wp-json\/wp\/v2\/categories?post=9313"},{"taxonomy":"post_tag","embeddable":true,"href":"https:\/\/basarabeasca.md\/ro\/wp-json\/wp\/v2\/tags?post=9313"}],"curies":[{"name":"wp","href":"https:\/\/api.w.org\/{rel}","templated":true}]}}