{"id":8947,"date":"2020-09-22T11:01:33","date_gmt":"2020-09-22T08:01:33","guid":{"rendered":"http:\/\/basarabeasca.md\/?p=8947"},"modified":"2020-09-23T09:09:37","modified_gmt":"2020-09-23T06:09:37","slug":"a-n-u-n-t-cu-privire-la-concurs-pentru-ocuparea-functiei-publice-temporar-vacante-de-sef-sectie-sectia-administratie-publica-aparatul-presedintelui-raionului-3","status":"publish","type":"post","link":"https:\/\/basarabeasca.md\/ro\/2020\/09\/a-n-u-n-t-cu-privire-la-concurs-pentru-ocuparea-functiei-publice-temporar-vacante-de-sef-sectie-sectia-administratie-publica-aparatul-presedintelui-raionului-3\/","title":{"rendered":"A N U N \u0162  cu privire la concurs pentru ocuparea func\u0163iei publice temporar vacante de  \u015fef sec\u0163ie, Sec\u0163ia administra\u0163ie public\u0103, Aparatul pre\u015fedintelui raionului"},"content":{"rendered":"<p><strong>Scopul general al func\u0163iei:<\/strong>\u00a0 Organizarea, \u00een limitele competen\u0163ei, a activit\u0103\u0163ii Aparatului pre\u015fedintelui raionului \u015fi subdiviziunilor structurale ale Consiliului raional \u00een raport cu autorit\u0103\u0163ile administra\u0163iei publice locale de nivelul \u00eent\u00eei, pentru promovarea intereselor \u015fi solu\u0163ionarea problemelor colectivit\u0103\u0163ilor locale.<\/p>\n<p><strong>Sarcinile de baz\u0103 ale func\u0163iei:<\/strong><\/p>\n<ol>\n<li>Concursul direct la organizarea \u015fi buna desf\u0103\u015furare a \u015fedin\u0163elor Consiliului raional, precum \u015fi la<\/li>\n<\/ol>\n<p>realizarea deciziilor acestuia;<\/p>\n<ol start=\"2\">\n<li>Programarea, pentru Aparatul pre\u015fedintelui raionului, a ac\u0163iunilor de perspectiv\u0103, trimestriale,<\/li>\n<\/ol>\n<p>lunare, s\u0103pt\u0103m\u00eenale, \u00een baza prevederilor art. 51 al Legii nr. 436 privind administra\u0163ia public\u0103 local\u0103;<\/p>\n<ol start=\"3\">\n<li>Asigurarea transparen\u0163ei activit\u0103\u0163ilor Aparatului pre\u015fedintelui raionului, subdiviziunilor<\/li>\n<\/ol>\n<p>Consiliului raional \u015fi prim\u0103riilor din raion;<\/p>\n<ol start=\"4\">\n<li>Organizarea activit\u0103\u0163ilor de instruire a speciali\u015ftilor Sec\u0163iei \u015fi a celor din administra\u0163ia public\u0103<\/li>\n<\/ol>\n<p>local\u0103 de nivelul I;<\/p>\n<ol start=\"5\">\n<li>Acordarea ajutorului metodic \u015fi consultativ consilierilor \u015fi comisiilor Consiliului raional,<\/li>\n<\/ol>\n<p>primarilor \u015fi secretarilor consiliilor locale;<\/p>\n<p><strong>Condi\u0163iile de participare la concurs<\/strong><strong>:<\/strong><\/p>\n<p><strong>&#8211; <\/strong>de\u0163ine cet\u0103\u0163enia Republicii Moldova;<\/p>\n<p><strong>&#8211;<\/strong> posed\u0103 limba de stat \u015fi limbile oficiale de comunicare interetnic\u0103 vorbite \u00een teritoriu;<\/p>\n<p><strong>&#8211;<\/strong> neatingerea v\u00eerstei necesar\u0103 ob\u0163inerii dreptului la pensie pentru limit\u0103 de v\u00eerst\u0103;<\/p>\n<p><strong>&#8211;<\/strong> lipsa antecedentelor penale nestinse pentru infrac\u0163iuni s\u0103v\u00eer\u015fite cu inten\u0163ie;<\/p>\n<p><strong>&#8211;<\/strong> neprivarea de dreptul de a ocupa func\u0163ii publice<strong>\u00a0 \u00a0 \u00a0 \u00a0 \u00a0 \u00a0 \u00a0 \u00a0 \u00a0 \u00a0 \u00a0 \u00a0 \u00a0 \u00a0 \u00a0 \u00a0\u00a0<\/strong><\/p>\n<p><strong>Studii:<\/strong> Superioare, preferabil \u00een domeniul administra\u0163iei publice.<\/p>\n<p><strong>Experien\u0163\u0103 profesional\u0103:<\/strong> \u00a0minimum 5 \u00een domeniul administra\u0163iei publice.<\/p>\n<p><strong>Cuno\u015ftin\u0163e:<\/strong><\/p>\n<ul>\n<li>cunoa\u015fterea legisla\u0163iei \u00een domeniu;<\/li>\n<li>cunoa\u015fterea managementului de func\u0163ionare a unei autorit\u0103\u0163i publice;<\/li>\n<li>cunoa\u015fterea politicilor \u015fi procedurilor de administrare, precum \u015fi a practicilor pozitive \u00een domeniu;<\/li>\n<li>cuno\u015ftin\u0163e de operare la calculator;<\/li>\n<li>cunoa\u015fterea obligatorie a limbii de stat, \u015fi a limbii ruse la un nivel avansat (cititul\/scrisul\/vorbitul.<\/li>\n<\/ul>\n<p><strong>Abilit\u0103\u0163i:<\/strong> Lucrul cu informa\u0163ia, organizare, elaborare de documente, consultare, comunicare eficient\u0103,<\/p>\n<p>solu\u0163ionare de probleme, lucru \u00een echip\u0103.<\/p>\n<p><strong>Atitudini\/comportamente:<\/strong> Respect fa\u0163\u0103 de oameni, spirit de ini\u0163iativ\u0103, diploma\u0163ie, creativitate,<\/p>\n<p>flexibilitate, disciplin\u0103, punctualitate, responsabilitate, tendin\u0163\u0103 spre dezvoltare profesional\u0103 \u00a0continu\u0103.<\/p>\n<p><strong>Persoanele interesate pot depune personal\/prin po\u015ft\u0103\/e-mail Dosarul de concurs:<\/strong><\/p>\n<ol>\n<li>formularul de participare<\/li>\n<li>copia buletinului de identitate<\/li>\n<li>copiile diplomelor de studii \u015fi ale certificatelor de absolvire a cursurilor de perfec\u0163ionare profesional\u0103 \u015fi\/sau de specialitate;<\/li>\n<li>certificatul medical, dup\u0103 caz;<\/li>\n<li>cazierul judiciar.<\/li>\n<\/ol>\n<p>&nbsp;<\/p>\n<p><strong><em><u>Termenul-limit\u0103 de depunere a \u00a0dosarului la concurs\u00a0 \u00a0p\u00een\u0103 la data de \u2013 <\/u><\/em><\/strong><strong><em><u>05 octombrie 2020<\/u><\/em><\/strong><strong><em><u>, ora 17.00.<\/u><\/em><\/strong><\/p>\n<p>&nbsp;<\/p>\n<p>Telefon: 0297 23043; 22 058.<\/p>\n<p>e-mail: <a href=\"mailto:consiliul@basarabeasca.md\">consiliul@basarabeasca.md<\/a><\/p>\n<p>adresa po\u015ftal\u0103: str. Karl Marx, 55,\u00a0 or. Basarabeasca, MD-6702<\/p>\n<p>&nbsp;<\/p>\n<p><strong>\u00a0<\/strong><strong><u>Bibliografia:<\/u><\/strong><\/p>\n<p>&#8211; Constitu\u021bia Republicii Moldova<\/p>\n<p>&#8211;\u00a0Legea nr.158-XVI din 4 iulie 2008 cu privire la func\u0163ia public\u0103 \u015fi statutul func\u0163ionarului public<\/p>\n<p>&#8211;\u00a0Legea nr. 436-XVI din 28 decembrie 2006 privind administra\u0163ia public\u0103 local\u0103<\/p>\n<p>&#8211; Legea nr.25-XVI din 22 februarie 2008 privind Codul de conduit\u0103 a func\u0163ionarului public<\/p>\n<p>&#8211;\u00a0Legea nr.16-XVI din 15 februarie 2008 cu privire la conflictul de interese<\/p>\n<p>&#8211;\u00a0 Legea nr.133 din 17.06.2016 privind declararea averii \u0219i a intereselor personale<\/p>\n<p>&#8211;\u00a0Legea nr.90-XVI din 25 aprilie 2008 cu privire la prevenirea \u015fi combaterea corup\u0163iei<\/p>\n<p>&#8211; Legea nr. 155 din 21.07.2011 pentru aprobarea Clasificatorului unic al func\u0163iilor publice<\/p>\n<p>&#8211; Hot\u0103r\u00eerea Guvernului nr. 201 din 11.03.2009 privind punerea \u00een aplicare a prevederilor Legii nr.158-XVI din 4 iulie 2008 cu privire la func\u0163ia public\u0103 \u015fi statutul<br \/>\nfunc\u0163ionarului public<\/p>\n<p>&#8211; Legea nr. 199 din 16.07.2010 cu privire la statutul persoanelor cu func\u0163ii de demnitate public\u0103<\/p>\n<p>&#8211; Legea nr. 270 din 23.11.2018 privind sistemul unitar de salarizare \u00een sectorul bugetar;<\/p>\n<p>&#8211; Legea nr. 768 din 02.02.2000 privind statutul alesului local<\/p>\n<p>&nbsp;<\/p>\n<p>&nbsp;<\/p>\n<p><a href=\"http:\/\/basarabeasca.md\/wp-content\/uploads\/2020\/09\/Scan-7.pdf\">ANUN\u021a PDF (7)<\/a><\/p>\n","protected":false},"excerpt":{"rendered":"<p>Scopul general al func\u0163iei:\u00a0 Organizarea, \u00een limitele competen\u0163ei, a activit\u0103\u0163ii Aparatului pre\u015fedintelui raionului \u015fi subdiviziunilor structurale ale Consiliului raional \u00een raport cu autorit\u0103\u0163ile administra\u0163iei publice locale de nivelul \u00eent\u00eei, pentru promovarea intereselor \u015fi solu\u0163ionarea problemelor colectivit\u0103\u0163ilor locale. Sarcinile de baz\u0103 ale func\u0163iei: Concursul direct la organizarea \u015fi buna desf\u0103\u015furare a \u015fedin\u0163elor Consiliului raional, precum \u015fi [&hellip;]<\/p>\n","protected":false},"author":6,"featured_media":8483,"comment_status":"open","ping_status":"open","sticky":false,"template":"","format":"standard","meta":{"footnotes":""},"categories":[8],"tags":[],"class_list":["post-8947","post","type-post","status-publish","format-standard","has-post-thumbnail","hentry","category-anunturi"],"_links":{"self":[{"href":"https:\/\/basarabeasca.md\/ro\/wp-json\/wp\/v2\/posts\/8947","targetHints":{"allow":["GET"]}}],"collection":[{"href":"https:\/\/basarabeasca.md\/ro\/wp-json\/wp\/v2\/posts"}],"about":[{"href":"https:\/\/basarabeasca.md\/ro\/wp-json\/wp\/v2\/types\/post"}],"author":[{"embeddable":true,"href":"https:\/\/basarabeasca.md\/ro\/wp-json\/wp\/v2\/users\/6"}],"replies":[{"embeddable":true,"href":"https:\/\/basarabeasca.md\/ro\/wp-json\/wp\/v2\/comments?post=8947"}],"version-history":[{"count":2,"href":"https:\/\/basarabeasca.md\/ro\/wp-json\/wp\/v2\/posts\/8947\/revisions"}],"predecessor-version":[{"id":8949,"href":"https:\/\/basarabeasca.md\/ro\/wp-json\/wp\/v2\/posts\/8947\/revisions\/8949"}],"wp:featuredmedia":[{"embeddable":true,"href":"https:\/\/basarabeasca.md\/ro\/wp-json\/wp\/v2\/media\/8483"}],"wp:attachment":[{"href":"https:\/\/basarabeasca.md\/ro\/wp-json\/wp\/v2\/media?parent=8947"}],"wp:term":[{"taxonomy":"category","embeddable":true,"href":"https:\/\/basarabeasca.md\/ro\/wp-json\/wp\/v2\/categories?post=8947"},{"taxonomy":"post_tag","embeddable":true,"href":"https:\/\/basarabeasca.md\/ro\/wp-json\/wp\/v2\/tags?post=8947"}],"curies":[{"name":"wp","href":"https:\/\/api.w.org\/{rel}","templated":true}]}}