{"id":8940,"date":"2020-09-22T10:54:33","date_gmt":"2020-09-22T07:54:33","guid":{"rendered":"http:\/\/basarabeasca.md\/?p=8940"},"modified":"2020-09-22T10:56:34","modified_gmt":"2020-09-22T07:56:34","slug":"in-atentia-cetatenilor-6","status":"publish","type":"post","link":"https:\/\/basarabeasca.md\/ro\/2020\/09\/in-atentia-cetatenilor-6\/","title":{"rendered":"\u00cen aten\u021bia cet\u0103\u021benilor!!!!"},"content":{"rendered":"<p>V\u0103 aducem la cuno\u0219tin\u021b\u0103 Hot\u0103r\u00eere nr.21 din 21 septembrie 2020 \u00a0a Comisiei\u00a0 teritoriale exstraordinare de s\u0103n\u0103tate public\u0103 raionului Basarabeasca.<\/p>\n<p><a href=\"http:\/\/basarabeasca.md\/wp-content\/uploads\/2020\/09\/\u0416\u0435\u043d\u044f-1.pdf\">Hot nr. 21 din 21.09.2020<\/a><img loading=\"lazy\" decoding=\"async\" class=\"alignnone size-medium wp-image-8943\" src=\"http:\/\/basarabeasca.md\/wp-content\/uploads\/2020\/09\/\u0416\u0435\u043d\u044f2_0001.jpg\" alt=\"\" width=\"1654\" height=\"2338\" srcset=\"https:\/\/basarabeasca.md\/wp-content\/uploads\/2020\/09\/\u0416\u0435\u043d\u044f2_0001.jpg 1654w, https:\/\/basarabeasca.md\/wp-content\/uploads\/2020\/09\/\u0416\u0435\u043d\u044f2_0001-106x150.jpg 106w, https:\/\/basarabeasca.md\/wp-content\/uploads\/2020\/09\/\u0416\u0435\u043d\u044f2_0001-424x600.jpg 424w\" sizes=\"auto, (max-width: 1654px) 100vw, 1654px\" \/><\/p>\n<p><img loading=\"lazy\" decoding=\"async\" class=\"alignnone size-full wp-image-8942\" src=\"http:\/\/basarabeasca.md\/wp-content\/uploads\/2020\/09\/\u0416\u0435\u043d\u044f2_0002.jpg\" alt=\"\" width=\"1654\" height=\"2338\" srcset=\"https:\/\/basarabeasca.md\/wp-content\/uploads\/2020\/09\/\u0416\u0435\u043d\u044f2_0002.jpg 1654w, https:\/\/basarabeasca.md\/wp-content\/uploads\/2020\/09\/\u0416\u0435\u043d\u044f2_0002-106x150.jpg 106w, https:\/\/basarabeasca.md\/wp-content\/uploads\/2020\/09\/\u0416\u0435\u043d\u044f2_0002-424x600.jpg 424w\" sizes=\"auto, (max-width: 1654px) 100vw, 1654px\" \/><\/p>\n","protected":false},"excerpt":{"rendered":"<p>V\u0103 aducem la cuno\u0219tin\u021b\u0103 Hot\u0103r\u00eere nr.21 din 21 septembrie 2020 \u00a0a Comisiei\u00a0 teritoriale exstraordinare de s\u0103n\u0103tate public\u0103 raionului Basarabeasca. Hot nr. 21 din 21.09.2020<\/p>\n","protected":false},"author":6,"featured_media":8532,"comment_status":"open","ping_status":"open","sticky":false,"template":"","format":"standard","meta":{"footnotes":""},"categories":[9],"tags":[],"class_list":["post-8940","post","type-post","status-publish","format-standard","has-post-thumbnail","hentry","category-noutati-si-evenimente"],"_links":{"self":[{"href":"https:\/\/basarabeasca.md\/ro\/wp-json\/wp\/v2\/posts\/8940","targetHints":{"allow":["GET"]}}],"collection":[{"href":"https:\/\/basarabeasca.md\/ro\/wp-json\/wp\/v2\/posts"}],"about":[{"href":"https:\/\/basarabeasca.md\/ro\/wp-json\/wp\/v2\/types\/post"}],"author":[{"embeddable":true,"href":"https:\/\/basarabeasca.md\/ro\/wp-json\/wp\/v2\/users\/6"}],"replies":[{"embeddable":true,"href":"https:\/\/basarabeasca.md\/ro\/wp-json\/wp\/v2\/comments?post=8940"}],"version-history":[{"count":1,"href":"https:\/\/basarabeasca.md\/ro\/wp-json\/wp\/v2\/posts\/8940\/revisions"}],"predecessor-version":[{"id":8944,"href":"https:\/\/basarabeasca.md\/ro\/wp-json\/wp\/v2\/posts\/8940\/revisions\/8944"}],"wp:featuredmedia":[{"embeddable":true,"href":"https:\/\/basarabeasca.md\/ro\/wp-json\/wp\/v2\/media\/8532"}],"wp:attachment":[{"href":"https:\/\/basarabeasca.md\/ro\/wp-json\/wp\/v2\/media?parent=8940"}],"wp:term":[{"taxonomy":"category","embeddable":true,"href":"https:\/\/basarabeasca.md\/ro\/wp-json\/wp\/v2\/categories?post=8940"},{"taxonomy":"post_tag","embeddable":true,"href":"https:\/\/basarabeasca.md\/ro\/wp-json\/wp\/v2\/tags?post=8940"}],"curies":[{"name":"wp","href":"https:\/\/api.w.org\/{rel}","templated":true}]}}