{"id":8481,"date":"2020-05-12T09:41:01","date_gmt":"2020-05-12T06:41:01","guid":{"rendered":"http:\/\/basarabeasca.md\/?p=8481"},"modified":"2020-05-12T09:43:16","modified_gmt":"2020-05-12T06:43:16","slug":"%d1%80%d1%83%d1%81%d1%81%d0%ba%d0%b8%d0%b9-%d0%be%d0%b1%d1%8a%d1%8f%d0%b2%d0%bb%d0%b5%d0%bd%d0%b8%d1%8f-%d0%be-%d1%81%d0%be%d0%b7%d1%8b%d0%b2%d0%b5-%d0%b7%d0%b0%d1%81%d0%b5%d0%b4%d0%b0%d0%bd%d0%b8","status":"publish","type":"post","link":"https:\/\/basarabeasca.md\/ro\/2020\/05\/%d1%80%d1%83%d1%81%d1%81%d0%ba%d0%b8%d0%b9-%d0%be%d0%b1%d1%8a%d1%8f%d0%b2%d0%bb%d0%b5%d0%bd%d0%b8%d1%8f-%d0%be-%d1%81%d0%be%d0%b7%d1%8b%d0%b2%d0%b5-%d0%b7%d0%b0%d1%81%d0%b5%d0%b4%d0%b0%d0%bd%d0%b8\/","title":{"rendered":"Anun\u021b de convocare \u00een \u0219edin\u021b\u0103"},"content":{"rendered":"<p><strong>ANUN\u021a\u00a0 \u00a0Cu privire la convocarea Consiliului raional Basarabeasca \u00een \u015fedin\u0163\u0103 ordinar\u0103<\/strong><\/p>\n<p>Av\u00e2nd \u00een vedere necesitatea solu\u0163ion\u0103rii unor chestiuni stringente, care nu pot fi tergiversate, asigurarea pe aceast\u0103 cale a activit\u0103\u0163ii subdiviziunilor \u015fi institu\u0163iilor din subordinea Consiliului raional, \u00een temeiul art. 45 alin. (1) \u015fi (3) al Legii nr. 436\/2006 privind administra\u0163ia public\u0103 local\u0103\u00a0<em>(MO nr. 32-35\/2007 art.116)<\/em>,<\/p>\n<p><strong>Se convoac\u0103 Consiliul raional Basarabeasca \u00een \u015fedin\u0163\u0103 ordinar\u0103 la 21 mai 2020, ora 10.00, \u00een incinta Centrului Raional de Crea\u0163ie a Copiilor \u201eLuceaf\u0103rul\u201d, str. Karl Marx, 56, sala de \u015fedin\u0163e, etajul II, cu urm\u0103torul proiect al ordinii de zi\u00a0<em>(proiectul se anexeaz\u0103)<\/em>.<\/strong><\/p>\n<ol>\n<li>Se stabile\u015fte c\u0103 \u015fedin\u0163a ordinar\u0103 a Consiliului raional Basarabeasca din data de 21 mai 2020 se va desf\u0103\u015fura cu respectarea distan\u0163ei sociale stabilite \u00een leg\u0103tur\u0103 cu situa\u0163ia epidemiologic\u0103 a infec\u0163iei COVID \u2013 19, asigurarea tuturor participan\u0163ilor la \u015fedin\u0163a Consiliului cu m\u0103\u015fti \u015fi m\u0103nu\u015fi medicale, dezinfectan\u0163i pentru igiena personal\u0103 la intrarea \u00een sala de \u015fedin\u0163\u0103.<\/li>\n<li>Responsabilitatea pentru organizarea \u015fi desf\u0103\u015furarea \u015fedin\u0163ei Consiliului raional mi-o asum personal.<\/li>\n<li>Prezenta dispozi\u0163ie urmeaz\u0103 a fi adus\u0103 la cuno\u015ftin\u0163a consilierilor raionali, precum \u015fi la cuno\u015ftin\u0163\u0103 public\u0103 prin publicarea pe pagina oficial\u0103 a Consiliului raional:\u00a0<a href=\"http:\/\/www.basarabeasca.md\/\">basarabeasca.md<\/a>.<\/li>\n<\/ol>\n<p>Pre\u015fedintele raionului Basarabeasca\u00a0\u00a0\u00a0\u00a0\u00a0\u00a0\u00a0\u00a0\u00a0\u00a0\u00a0\u00a0\u00a0\u00a0\u00a0\u00a0\u00a0\u00a0\u00a0\u00a0\u00a0\u00a0\u00a0\u00a0\u00a0\u00a0\u00a0\u00a0\u00a0\u00a0\u00a0\u00a0\u00a0\u00a0 \u00a0\u00a0\u00a0\u00a0\u00a0\u00a0\u00a0\u00a0\u00a0\u00a0\u00a0\u00a0\u00a0\u00a0Piotr PU\u015eCARI<\/p>\n<p>&nbsp;<\/p>\n<p><strong>Proiectul ordinei de zi\u00a0<\/strong><strong>a \u015fedin\u0163ei ordinare a Consiliului raional Basarabeasca\u00a0<\/strong><strong>din 21 mai\u00a0 2020<\/strong><\/p>\n<ol>\n<li><strong>Cu privire la corelarea bugetului raional pe anul curent cu Legea\u00a0<\/strong><strong>bugetului de stat pe anul 2020.<\/strong><\/li>\n<\/ol>\n<p><em>\u00a0\u00a0\u00a0 Raportor: Maria Muntean, \u015fef adjunct al Direc\u0163iei finan\u0163e<\/em><\/p>\n<ol start=\"2\">\n<li><strong>Cu privire la aprobarea dispozi\u0163iilor pre\u015fedintelui raionului cu caracter<\/strong><strong>\u00a0financiar, emise \u00een perioada dintre \u015fedin\u0163ele Consiliului raional.<\/strong><\/li>\n<\/ol>\n<p><em>\u00a0\u00a0\u00a0 Raportor: Piotr Pu\u015fcari, pre\u015fedinte al raionului<\/em><\/p>\n<ol start=\"3\">\n<li><strong>Cu privire la organizarea odihnei de var\u0103 a copiilor \u00een anul 2020.<\/strong><\/li>\n<\/ol>\n<p><em>\u00a0\u00a0\u00a0 Raportor:\u00a0<\/em><em>Ecaterina Pascal, \u015fef adjunct al Direc\u0163iei \u00eenv\u0103\u0163\u0103m\u00e2nt general<\/em><\/p>\n<ol start=\"4\">\n<li><strong>Cu privire la reorganizarea unor institu\u0163ii de \u00eenv\u0103\u0163\u0103m\u00e2nt din raion.<\/strong><\/li>\n<\/ol>\n<p><em>\u00a0\u00a0\u00a0 Raportor: Ecaterina Pascal, \u015fef adjunct al Direc\u0163iei \u00eenv\u0103\u0163\u0103m\u00e2nt general<\/em><\/p>\n<ol start=\"5\">\n<li><strong>Cu privire la schimbarea denumirii gimnaziului nr. 22 din or.<\/strong><strong>\u00a0Basarabeasca.<\/strong><\/li>\n<\/ol>\n<p><em>\u00a0\u00a0 Raportor: Ecaterina Pascal, \u015fef adjunct al Direc\u0163iei \u00eenv\u0103\u0163\u0103m\u00e2nt general\u00a0\u00a0 Coraportor: Tatiana Rusu, director al gimnaziului nr. 22<\/em><\/p>\n<ol start=\"6\">\n<li><strong>Cu privire la aprobarea Programului de activitate al Consiliului<\/strong><strong>\u00a0raional Basarabeasca pe trimestrul III al anului 2020.<\/strong><\/li>\n<\/ol>\n<p><em>\u00a0\u00a0\u00a0 Raportor: Gheorghe Livi\u0163chi, secretar interimar al Consiliului raional<\/em><\/p>\n<ol start=\"7\">\n<li><strong>Cu privire la mersul execut\u0103rii deciziilor Consiliului raional, adoptate<\/strong><strong>\u00a0\u00een semestrul II al anului 2019.<\/strong><\/li>\n<\/ol>\n<p><em>\u00a0\u00a0\u00a0\u00a0\u00a0\u00a0 Raportor: Gheorghe Livi\u0163chi, secretar interimar al Consiliului raional<\/em><\/p>\n<ol start=\"8\">\n<li><strong>Cu privire la aprobarea actelor normative\/administrative, aferente<\/strong><strong>\u00a0activit\u0103\u021bii\u00a0 \u00eentreprinderilor municipale, fondate de Consiliul raional\u00a0\u00a0<\/strong><strong>\u00a0Basarabeasca.<\/strong><\/li>\n<\/ol>\n<p><em>\u00a0\u00a0\u00a0\u00a0 Raportor: Gheorghe Livi\u0163chi, secretar interimar al Consiliului raional<\/em><\/p>\n<ol start=\"9\">\n<li><strong>Cu privire la \u00eencorporarea, \u00een aprilie-iulie 2020, \u00een r\u00eendurile For\u0163elor<\/strong><strong>\u00a0 Armate\u00a0<\/strong><strong>\u015fi \u00een Serviciul Civil (de alternativ\u0103)\u00a0<\/strong><strong>ale Republicii\u00a0 Moldova, a\u00a0<\/strong><strong>cet\u0103\u0163enilor n\u0103scu\u0163i \u00een anii 1993-2002.<\/strong><\/li>\n<\/ol>\n<p><em>\u00a0\u00a0\u00a0\u00a0\u00a0 Raportor: Vitali Aculov, specialist superior al Sec\u0163iei administrativ-militare<\/em><\/p>\n<ol start=\"10\">\n<li><strong>Cu privire la aprobarea statelor de personal ale institu\u0163iilor medicale\u00a0<\/strong><strong>din \u00a0raion.\u00a0<\/strong><strong>\u00a0<\/strong><\/li>\n<\/ol>\n<p><strong>\u00a0\u00a0\u00a0\u00a0\u00a0\u00a0\u00a0\u00a0<\/strong><em>Raportor: Ion Popov, vicepre\u015fedintele raionului pe probleme sociale<\/em><\/p>\n<p><em>\u00a0\u00a0\u00a0\u00a0<\/em>\u00a0\u00a0\u00a0\u00a0<em>Coraportori: Conduc\u0103torii institu\u0163iilor medico-sanitare publice din raion<\/em><\/p>\n<ol start=\"11\">\n<li><strong>Cu privire la salarizarea personalului de conducere din institu\u0163iile\u00a0<\/strong><strong>medicale pentru anul 2020.<\/strong><\/li>\n<\/ol>\n<p><em>\u00a0\u00a0\u00a0\u00a0\u00a0\u00a0\u00a0 Raportor: Ion Popov, vicepre\u015fedintele raionului pe probleme sociale<\/em><\/p>\n<ol start=\"12\">\n<li><strong>Cu privire la aprobarea componen\u0163ei consiliilor administrative ale\u00a0<\/strong><strong>\u00a0institu\u0163iilor medico-sanitare publice din raion.<\/strong><\/li>\n<\/ol>\n<p><em>\u00a0\u00a0\u00a0\u00a0\u00a0 Raportor: Ion Popov, vicepre\u015fedintele raionului pe probleme sociale<\/em><\/p>\n<ol start=\"13\">\n<li><strong>Cu privire la acceptarea \u00een proprietatea raionului a unor bunuri imobile.<\/strong><\/li>\n<\/ol>\n<p><em>\u00a0\u00a0\u00a0\u00a0\u00a0 Raportor: Piotr Pu\u015fcari, pre\u015fedinte al raionului<\/em><\/p>\n<p><strong>\u00a0 \u00a014<\/strong>.\u00a0<strong>Cu privire la solicitarea transmiterii unor construc\u0163ii amplasate pe<\/strong><strong>\u00a0teritoriul fostului gimnaziu din s. Abaclia<\/strong><strong>.<\/strong><\/p>\n<p><em>\u00a0\u00a0\u00a0\u00a0\u00a0<\/em><em>\u00a0\u00a0\u00a0\u00a0<\/em><em>\u00a0Raportor: Ion Popov, vicepre\u015fedintele raionului pe probleme sociale<\/em><\/p>\n<ol start=\"15\">\n<li><strong>Cu privire la operarea unor modific\u0103ri \u00een decizia Consiliului raional<\/strong>.<\/li>\n<\/ol>\n<p><em>\u00a0\u00a0\u00a0\u00a0\u00a0 Raportor: Mihail Mart\u00eenov, \u015fef interimar al Direc\u0163iei asisten\u0163\u0103 social\u0103 \u015fi\u00a0\u00a0<\/em><em>protec\u0163ie a familiei<\/em><\/p>\n<ol start=\"16\">\n<li><strong>Cu privire la transmiterea unui set de costume sportive.<\/strong><\/li>\n<\/ol>\n<p><em>\u00a0\u00a0\u00a0\u00a0\u00a0 Raportor: Olga Baciu, \u015fef al Sec\u0163iei cultur\u0103<\/em><\/p>\n<ol start=\"17\">\n<li><strong>Cu privire la transmiterea unui teren sportiv.<\/strong><\/li>\n<\/ol>\n<p><em>\u00a0\u00a0\u00a0\u00a0\u00a0 Raportor: Silvia Niculi\u0163a, contabil-\u015fef \u00een Aparatul pre\u015fedintelui raionului<\/em><\/p>\n<ol start=\"18\">\n<li><strong>Cu privire la modificarea deciziei Consiliului raional Basarabeasca nr.\u00a0<\/strong><strong>07\/06 din 25 august 2016 \u201eCu privire la instituirea Comisiei pentru\u00a0<\/strong><strong>securitatea circula\u0163iei rutiere din raion\u201d.<\/strong><\/li>\n<\/ol>\n<p><em>\u00a0\u00a0\u00a0\u00a0\u00a0 Raportor: Petru Scutari, vicepre\u015fedinte al raionului pe probleme economice<\/em><\/p>\n<ol start=\"19\">\n<li><strong>Cu privire la completarea componen\u0163ei nominale a Comisiei consultative\u00a0<\/strong><strong>de specialitate a Consiliului raional.<\/strong><\/li>\n<\/ol>\n<p><em>\u00a0\u00a0\u00a0\u00a0\u00a0 Raportor: Gheorghe Livi\u0163chi, secretar interimar al Consiliului raional<\/em><\/p>\n<ol start=\"20\">\n<li><strong>Cu privire la desemnarea unui consilier care va semna deciziile\u00a0<\/strong><strong>Consiliului \u00a0\u00een cazul \u00een care pre\u015fedintele \u015fedin\u0163ei va fi \u00een imposibilitate de a<\/strong><\/li>\n<\/ol>\n<p><strong>\u00a0\u00a0\u00a0\u00a0\u00a0 le semna.<\/strong><\/p>","protected":false},"excerpt":{"rendered":"<p>ANUN\u021a\u00a0 \u00a0Cu privire la convocarea Consiliului raional Basarabeasca \u00een \u015fedin\u0163\u0103 ordinar\u0103 Av\u00e2nd \u00een vedere necesitatea solu\u0163ion\u0103rii unor chestiuni stringente, care nu pot fi tergiversate, asigurarea pe aceast\u0103 cale a activit\u0103\u0163ii subdiviziunilor \u015fi institu\u0163iilor din subordinea Consiliului raional, \u00een temeiul art. 45 alin. (1) \u015fi (3) al Legii nr. 436\/2006 privind administra\u0163ia public\u0103 local\u0103\u00a0(MO nr. 32-35\/2007 [&hellip;]<\/p>\n","protected":false},"author":2,"featured_media":8483,"comment_status":"open","ping_status":"open","sticky":false,"template":"","format":"standard","meta":{"footnotes":""},"categories":[8],"tags":[],"class_list":["post-8481","post","type-post","status-publish","format-standard","has-post-thumbnail","hentry","category-anunturi"],"_links":{"self":[{"href":"https:\/\/basarabeasca.md\/ro\/wp-json\/wp\/v2\/posts\/8481","targetHints":{"allow":["GET"]}}],"collection":[{"href":"https:\/\/basarabeasca.md\/ro\/wp-json\/wp\/v2\/posts"}],"about":[{"href":"https:\/\/basarabeasca.md\/ro\/wp-json\/wp\/v2\/types\/post"}],"author":[{"embeddable":true,"href":"https:\/\/basarabeasca.md\/ro\/wp-json\/wp\/v2\/users\/2"}],"replies":[{"embeddable":true,"href":"https:\/\/basarabeasca.md\/ro\/wp-json\/wp\/v2\/comments?post=8481"}],"version-history":[{"count":1,"href":"https:\/\/basarabeasca.md\/ro\/wp-json\/wp\/v2\/posts\/8481\/revisions"}],"predecessor-version":[{"id":8482,"href":"https:\/\/basarabeasca.md\/ro\/wp-json\/wp\/v2\/posts\/8481\/revisions\/8482"}],"wp:featuredmedia":[{"embeddable":true,"href":"https:\/\/basarabeasca.md\/ro\/wp-json\/wp\/v2\/media\/8483"}],"wp:attachment":[{"href":"https:\/\/basarabeasca.md\/ro\/wp-json\/wp\/v2\/media?parent=8481"}],"wp:term":[{"taxonomy":"category","embeddable":true,"href":"https:\/\/basarabeasca.md\/ro\/wp-json\/wp\/v2\/categories?post=8481"},{"taxonomy":"post_tag","embeddable":true,"href":"https:\/\/basarabeasca.md\/ro\/wp-json\/wp\/v2\/tags?post=8481"}],"curies":[{"name":"wp","href":"https:\/\/api.w.org\/{rel}","templated":true}]}}