{"id":8115,"date":"2020-03-09T10:41:06","date_gmt":"2020-03-09T08:41:06","guid":{"rendered":"http:\/\/basarabeasca.md\/?p=8115"},"modified":"2020-03-09T10:41:31","modified_gmt":"2020-03-09T08:41:31","slug":"%d1%80%d1%83%d1%81%d1%81%d0%ba%d0%b8%d0%b9-%d0%be%d0%b1%d1%8a%d1%8f%d0%b2%d0%bb%d0%b5%d0%bd%d0%b8%d0%b5-%d0%be-%d1%81%d0%be%d0%b7%d1%8b%d0%b2%d0%b5-%d0%be%d1%87%d0%b5%d1%80%d0%b5%d0%b4%d0%bd%d0%be-5","status":"publish","type":"post","link":"https:\/\/basarabeasca.md\/ro\/2020\/03\/%d1%80%d1%83%d1%81%d1%81%d0%ba%d0%b8%d0%b9-%d0%be%d0%b1%d1%8a%d1%8f%d0%b2%d0%bb%d0%b5%d0%bd%d0%b8%d0%b5-%d0%be-%d1%81%d0%be%d0%b7%d1%8b%d0%b2%d0%b5-%d0%be%d1%87%d0%b5%d1%80%d0%b5%d0%b4%d0%bd%d0%be-5\/","title":{"rendered":"ANUN\u021a Cu privire la convocarea Consiliului Raional Basarabeasca \u00een \u015fedin\u0163\u0103 ordinar\u0103 la 20 martie 2020"},"content":{"rendered":"<p><strong>\u00a0\u00a0\u00a0\u00a0<a href=\"http:\/\/basarabeasca.md\/wp-content\/uploads\/2020\/03\/Disp.-nr.-20-din-06.03.2020-Cu-privire-la-convocarea-Consiliului-raional-Basarabeasca-\u00een-\u015fedin\u0163\u0103-ordinar\u0103-1-1.pdf\">Disp. nr. 20 din 06.03.2020 Cu privire la convocarea Consiliului raional Basarabeasca \u00een \u015fedin\u0163\u0103 ordinar\u0103 <\/a><\/strong><\/p>\n<p>Se convoac\u0103 Consiliul Raional Basarabeasca \u00een \u015fedin\u0163\u0103 ordinar\u0103 la 20 martie 2020, ora 10.00, \u00een incinta Consiliului raional, etajul II, cu urm\u0103torul proiect al\u00a0 ordinii de zi (proiectul se anexeaz\u0103).<\/p>\n<p>Pre\u015fedintele raionului Basarabeasca\u00a0 \u00a0\u00a0\u00a0\u00a0\u00a0\u00a0\u00a0\u00a0\u00a0\u00a0\u00a0\u00a0\u00a0\u00a0\u00a0\u00a0\u00a0\u00a0\u00a0\u00a0\u00a0\u00a0\u00a0\u00a0\u00a0\u00a0\u00a0\u00a0\u00a0\u00a0\u00a0\u00a0\u00a0\u00a0\u00a0\u00a0\u00a0\u00a0\u00a0\u00a0\u00a0\u00a0\u00a0\u00a0\u00a0\u00a0\u00a0Piotr PU\u015eCARI<\/p>\n<p>&nbsp;<\/p>\n<p>&nbsp;<\/p>\n<p style=\"text-align: center;\"><strong>Proiectul <\/strong><\/p>\n<p style=\"text-align: center;\"><strong>ordinei de zi\u00a0<\/strong><strong>a \u015fedin\u0163ei ordinare a Consiliului Raional Basarabeasca\u00a0<\/strong><\/p>\n<p style=\"text-align: center;\"><strong>din 20\u00a0 martie\u00a0 2020<\/strong><\/p>\n<p>&nbsp;<\/p>\n<ol>\n<li><strong>Cu privire la mandatele de consilier atribuite \u00een Consiliul raional\u00a0<\/strong><strong>\u00a0Basarabeasca.<\/strong><\/li>\n<\/ol>\n<p><em>\u00a0\u00a0\u00a0 Raportor: Gheorghe Livi\u0163chi, secretar al Consiliului raional<\/em><\/p>\n<ol start=\"2\">\n<li><strong>Cu privire la executarea bugetului provizoriu raional Basarabeasca pe anul\u00a0<\/strong><strong>2019.<\/strong><\/li>\n<\/ol>\n<p><em>\u00a0\u00a0\u00a0 Raportor: Maria Muntean, \u015fef adjunct al Direc\u0163iei\u00a0 finan\u0163e<\/em><\/p>\n<ol start=\"3\">\n<li><strong>Cu privire la modificarea bugetului raional pentru anul 2020 \u015fi alocarea\u00a0<\/strong><strong>mijloacelor financiare.<\/strong><\/li>\n<\/ol>\n<p><em>\u00a0\u00a0\u00a0 Raportor: Maria Muntean, \u015fef adjunct al Direc\u0163iei\u00a0 finan\u0163e<\/em><\/p>\n<ol start=\"4\">\n<li><strong>Cu privire la organizarea odihnei de var\u0103 a copiilor \u00een anul 2020.<\/strong><\/li>\n<\/ol>\n<p><em>\u00a0\u00a0\u00a0 Raportor: <\/em><em>Ecaterina Pascal, \u015fef adjunct al Direc\u0163iei \u00eenv\u0103\u0163\u0103m\u00e2nt general<\/em><\/p>\n<ol start=\"5\">\n<li><strong> Cu privire la repartizarea mijloacelor financiare din componenta raional\u0103.<\/strong><\/li>\n<\/ol>\n<p><em>\u00a0\u00a0\u00a0 Raportor: <\/em><em>Ecaterina Pascal, \u015fef adjunct al Direc\u0163iei \u00eenv\u0103\u0163\u0103m\u00e2nt general<\/em><\/p>\n<ol start=\"6\">\n<li><strong> Cu privire la reorganizarea unor institu\u0163ii de \u00eenv\u0103\u0163\u0103m\u00e2nt din raion.<\/strong><\/li>\n<\/ol>\n<p><em>\u00a0\u00a0\u00a0 Raportor: Ecaterina Pascal, \u015fef adjunct al Direc\u0163iei \u00eenv\u0103\u0163\u0103m\u00e2nt general<\/em><\/p>\n<ol start=\"7\">\n<li><strong> Cu privire la aprobarea Programului de activitate al Consiliului Raiona<\/strong><strong>\u00a0 Basarabeasca pe trimestrul II al anului 2020.<\/strong><\/li>\n<\/ol>\n<p><em>\u00a0\u00a0\u00a0 Raportor: Gheorghe Livi\u0163chi, secretar al Consiliului raional<\/em><\/p>\n<ol start=\"8\">\n<li><strong> Cu privire la aprobarea actelor normative\/administrative, aferente\u00a0<\/strong><strong>\u00a0activit\u0103\u021bii \u00eentreprinderilor municipale, fondate de Consiliul raional\u00a0 <\/strong><strong>Basarabeasca.<\/strong><\/li>\n<\/ol>\n<p><em>\u00a0\u00a0\u00a0\u00a0 Raportor: Gheorghe Livi\u0163chi, secretar interimar al Consiliului raional<\/em><\/p>\n<ol start=\"9\">\n<li><strong>Cu privire la \u00eencorporarea, \u00een aprilie-iulie 2020, \u00een r\u00eendurile For\u0163elor<\/strong><strong>\u00a0Armate <\/strong><strong>\u015fi \u00een Serviciul Civil (de alternativ\u0103) <\/strong><strong>ale Republicii\u00a0 Moldova, a\u00a0<\/strong><strong>cet\u0103\u0163enilor n\u0103scu\u0163i \u00een anii 1993-2002.<\/strong><\/li>\n<\/ol>\n<p><em>\u00a0\u00a0\u00a0 Raportor: Vitali Aculov, specialist superior al Sec\u0163iei administrativ-militare <\/em><\/p>\n<ol start=\"10\">\n<li><strong>10<\/strong><strong>. Cu privire la aprobarea statelor de personal ale institu\u0163iilor medicale din\u00a0<\/strong><strong>raion.<\/strong><\/li>\n<\/ol>\n<p><strong>\u00a0\u00a0\u00a0\u00a0\u00a0\u00a0\u00a0 <\/strong><em>Raportor: Ion Popov, vicepre\u015fedintele raionului pe probleme sociale<\/em><\/p>\n<p><em>\u00a0\u00a0\u00a0 <\/em>\u00a0\u00a0\u00a0\u00a0<em>Coraportori: Conduc\u0103torii institu\u0163iilor medico-sanitare publice din raion<\/em><\/p>\n<ol start=\"11\">\n<li><strong> 1<\/strong><strong>1<\/strong><strong>. Cu privire la salarizarea personalului de conducere din institu\u0163iile <\/strong><\/li>\n<\/ol>\n<p><strong>\u00a0\u00a0\u00a0\u00a0\u00a0\u00a0\u00a0\u00a0 medicale pentru anul 2020.<\/strong><\/p>\n<p><em>\u00a0\u00a0\u00a0\u00a0\u00a0\u00a0\u00a0 Raportor: Ion Popov, vicepre\u015fedintele raionului pe probleme sociale<\/em><\/p>\n<ol start=\"12\">\n<li><strong> Cu privire la aprobarea componen\u0163ei consiliilor administrative ale <\/strong><\/li>\n<\/ol>\n<p><strong>\u00a0\u00a0\u00a0\u00a0\u00a0 institu\u0163iilor medico-sanitare publice din raion.<\/strong><\/p>\n<p><em>\u00a0\u00a0\u00a0\u00a0\u00a0 Raportor: Ion Popov, vicepre\u015fedintele raionului pe probleme sociale<\/em><\/p>\n<ol start=\"13\">\n<li><strong>Cu privire la acceptarea \u00een proprietatea raionului a unor bunuri imobile.<\/strong><\/li>\n<\/ol>\n<p><em>\u00a0\u00a0\u00a0\u00a0 Raportor: Piotr Pu\u015fcari, pre\u015fedinte al raionului<\/em><\/p>\n<ol start=\"14\">\n<li><strong>Cu privire la solicitarea <\/strong><strong>transmiterii unor bunuri imobile \u00een proprietatea <\/strong><\/li>\n<\/ol>\n<p><strong>\u00a0\u00a0\u00a0\u00a0\u00a0 raionului.<\/strong><\/p>\n<p><em>\u00a0\u00a0\u00a0\u00a0 Raportor: Piotr Pu\u015fcari, pre\u015fedinte al raionului<\/em><\/p>\n<ol start=\"15\">\n<li><strong>Cu privire la solicitarea <\/strong><strong>transmiterii unor \u00eenc\u0103peri \u00een gestiunea economic\u0103<\/strong><\/li>\n<\/ol>\n<p><strong>\u00a0\u00a0\u00a0\u00a0\u00a0 a Consiliului raional.<\/strong><\/p>\n<p><strong>\u00a0\u00a0\u00a0\u00a0\u00a0 <\/strong><em>Raportor: Piotr Pu\u015fcari, pre\u015fedinte al raionului<\/em><\/p>\n<ol start=\"16\">\n<li><strong>16<\/strong>. <strong>Cu privire la solicitarea transmiterii unor construc\u0163ii amplasate pe <\/strong><\/li>\n<\/ol>\n<p><strong>\u00a0\u00a0\u00a0\u00a0\u00a0\u00a0 teritoriul fostului gimnaziu din s. Abaclia<\/strong><strong>.<\/strong><\/p>\n<p><em>\u00a0\u00a0\u00a0\u00a0 <\/em><em>\u00a0\u00a0\u00a0<\/em><em>\u00a0Raportor: Ion Popov, vicepre\u015fedintele raionului pe probleme sociale<\/em><\/p>\n<ol start=\"17\">\n<li><strong>Cu privire la acceptarea primirii \u00een gestiunea Consiliului raional <\/strong><\/li>\n<\/ol>\n<p><strong>\u00a0\u00a0\u00a0\u00a0\u00a0 Basarabeasca a unui sector de drum, amplasat \u00een comuna Iserlia.<\/strong><\/p>\n<p><em>\u00a0\u00a0\u00a0\u00a0\u00a0 Raportor: Piotr Pu\u015fcari, pre\u015fedinte al raionului<\/em><\/p>\n<ol start=\"18\">\n<li><strong> Cu privire la acceptarea comercializ\u0103rii prin licita\u021bie a unor unit\u0103\u021bi de <\/strong><\/li>\n<\/ol>\n<p><strong>\u00a0\u00a0\u00a0\u00a0\u00a0 transport.<\/strong><\/p>\n<p><strong>\u00a0<\/strong><strong>\u00a0\u00a0\u00a0\u00a0 <\/strong><em>Raportor: Piotr Pu\u015fcari, pre\u015fedinte al raionului<\/em><\/p>\n<ol start=\"19\">\n<li><strong> Cu privire la folosirea \u00een scopuri de serviciu a unui autoturism personal.<\/strong><\/li>\n<\/ol>\n<p><em>\u00a0\u00a0\u00a0\u00a0\u00a0 Raportor: Piotr Pu\u015fcari, pre\u015fedinte al raionului<\/em><\/p>\n<ol start=\"20\">\n<li><strong>Cu privire la delegarea unor atribu\u0163ii suplimentare pre\u015fedintelui<\/strong><strong>\u00a0raionului.<\/strong><\/li>\n<\/ol>\n<p><em>Raportor: Evghenia Jileznaia, specialist principal \u00een Aparatul pre\u015fedintelui <\/em><em>\u00a0raionului<\/em><\/p>\n<ol start=\"21\">\n<li><strong>Cu privire la aprobarea dispozi\u0163iei pre\u015fedintelui raionului nr. 62p din\u00a0<\/strong><strong>14.02.2020.<\/strong><\/li>\n<\/ol>\n<p><em>\u00a0\u00a0\u00a0\u00a0 Raportor: Evghenia Jileznaia, specialist principal \u00een Aparatul pre\u015fedintelui <\/em><em>raionului<\/em><\/p>\n<ol start=\"22\">\n<li><strong>Cu privire la operarea unor modific\u0103ri \u00een decizia Consiliului raional<\/strong>.<\/li>\n<\/ol>\n<p><em>\u00a0\u00a0\u00a0\u00a0\u00a0 Raportor: Mihail Mart\u00eenov, \u015fef interimar al Direc\u0163iei asisten\u0163\u0103 social\u0103 \u015fi <\/em><\/p>\n<p><em>\u00a0\u00a0\u00a0\u00a0\u00a0\u00a0\u00a0\u00a0\u00a0\u00a0\u00a0\u00a0\u00a0\u00a0\u00a0\u00a0\u00a0\u00a0\u00a0\u00a0\u00a0\u00a0 protec\u0163ie a familiei<\/em><\/p>\n<ol start=\"23\">\n<li><strong> Cu <\/strong><strong>privire la instituirea Serviciului social \u201dPachet alimentar unic\u201d <\/strong><\/li>\n<\/ol>\n<p><strong>\u00a0\u00a0\u00a0\u00a0\u00a0 <\/strong><strong>persoanelor\/familiilor defavorizate.<\/strong><\/p>\n<p><em>\u00a0\u00a0\u00a0\u00a0 Raportor: Mihail Mart\u00eenov, \u015fef interimar al Direc\u0163iei asisten\u0163\u0103 social\u0103 \u015fi <\/em><\/p>\n<p><em>\u00a0\u00a0\u00a0\u00a0\u00a0\u00a0\u00a0\u00a0\u00a0\u00a0\u00a0\u00a0\u00a0\u00a0\u00a0\u00a0\u00a0\u00a0\u00a0\u00a0\u00a0\u00a0 protec\u0163ie a familiei<\/em><\/p>\n<ol start=\"24\">\n<li><strong> Cu privire la transmiterea unui set de costume sportive.<\/strong><\/li>\n<\/ol>\n<p><em>\u00a0\u00a0\u00a0\u00a0\u00a0 Raportor: Olga Baciu, \u015fef al Sec\u0163iei cultur\u0103<\/em><\/p>\n<ol start=\"25\">\n<li><strong> Cu privire la transmiterea unui teren sportiv.<\/strong><\/li>\n<\/ol>\n<p><em>\u00a0\u00a0\u00a0\u00a0\u00a0 Raportor: Silvia Niculi\u0163a, contabil-\u015fef \u00een Aparatul pre\u015fedintelui raionului<\/em><\/p>\n<ol start=\"26\">\n<li><strong> Cu privire la desemnarea unui consilier care va semna deciziile <\/strong><\/li>\n<\/ol>\n<p><strong>\u00a0\u00a0\u00a0\u00a0\u00a0 Consiliului \u00a0\u00een cazul \u00een care pre\u015fedintele \u015fedin\u0163ei va fi \u00een imposibilitate de <\/strong><\/p>\n<p><strong>\u00a0\u00a0\u00a0\u00a0\u00a0 a le semna.<\/strong><\/p>\n<p>&nbsp;<\/p>","protected":false},"excerpt":{"rendered":"<p>\u00a0\u00a0\u00a0\u00a0Disp. nr. 20 din 06.03.2020 Cu privire la convocarea Consiliului raional Basarabeasca \u00een \u015fedin\u0163\u0103 ordinar\u0103 Se convoac\u0103 Consiliul Raional Basarabeasca \u00een \u015fedin\u0163\u0103 ordinar\u0103 la 20 martie 2020, ora 10.00, \u00een incinta Consiliului raional, etajul II, cu urm\u0103torul proiect al\u00a0 ordinii de zi (proiectul se anexeaz\u0103). Pre\u015fedintele raionului Basarabeasca\u00a0 \u00a0\u00a0\u00a0\u00a0\u00a0\u00a0\u00a0\u00a0\u00a0\u00a0\u00a0\u00a0\u00a0\u00a0\u00a0\u00a0\u00a0\u00a0\u00a0\u00a0\u00a0\u00a0\u00a0\u00a0\u00a0\u00a0\u00a0\u00a0\u00a0\u00a0\u00a0\u00a0\u00a0\u00a0\u00a0\u00a0\u00a0\u00a0\u00a0\u00a0\u00a0\u00a0\u00a0\u00a0\u00a0\u00a0\u00a0Piotr PU\u015eCARI &nbsp; &nbsp; Proiectul ordinei de [&hellip;]<\/p>\n","protected":false},"author":2,"featured_media":7634,"comment_status":"open","ping_status":"open","sticky":false,"template":"","format":"standard","meta":{"footnotes":""},"categories":[8],"tags":[],"class_list":["post-8115","post","type-post","status-publish","format-standard","has-post-thumbnail","hentry","category-anunturi"],"_links":{"self":[{"href":"https:\/\/basarabeasca.md\/ro\/wp-json\/wp\/v2\/posts\/8115","targetHints":{"allow":["GET"]}}],"collection":[{"href":"https:\/\/basarabeasca.md\/ro\/wp-json\/wp\/v2\/posts"}],"about":[{"href":"https:\/\/basarabeasca.md\/ro\/wp-json\/wp\/v2\/types\/post"}],"author":[{"embeddable":true,"href":"https:\/\/basarabeasca.md\/ro\/wp-json\/wp\/v2\/users\/2"}],"replies":[{"embeddable":true,"href":"https:\/\/basarabeasca.md\/ro\/wp-json\/wp\/v2\/comments?post=8115"}],"version-history":[{"count":2,"href":"https:\/\/basarabeasca.md\/ro\/wp-json\/wp\/v2\/posts\/8115\/revisions"}],"predecessor-version":[{"id":8119,"href":"https:\/\/basarabeasca.md\/ro\/wp-json\/wp\/v2\/posts\/8115\/revisions\/8119"}],"wp:featuredmedia":[{"embeddable":true,"href":"https:\/\/basarabeasca.md\/ro\/wp-json\/wp\/v2\/media\/7634"}],"wp:attachment":[{"href":"https:\/\/basarabeasca.md\/ro\/wp-json\/wp\/v2\/media?parent=8115"}],"wp:term":[{"taxonomy":"category","embeddable":true,"href":"https:\/\/basarabeasca.md\/ro\/wp-json\/wp\/v2\/categories?post=8115"},{"taxonomy":"post_tag","embeddable":true,"href":"https:\/\/basarabeasca.md\/ro\/wp-json\/wp\/v2\/tags?post=8115"}],"curies":[{"name":"wp","href":"https:\/\/api.w.org\/{rel}","templated":true}]}}