{"id":8047,"date":"2020-03-02T14:52:08","date_gmt":"2020-03-02T12:52:08","guid":{"rendered":"http:\/\/basarabeasca.md\/?p=8047"},"modified":"2020-03-02T14:54:00","modified_gmt":"2020-03-02T12:54:00","slug":"%d1%80%d1%83%d1%81%d1%81%d0%ba%d0%b8%d0%b9-%d0%be%d0%b1%d1%8c%d1%8f%d0%b2%d0%bb%d0%b5%d0%bd%d0%b8%d0%b5-2","status":"publish","type":"post","link":"https:\/\/basarabeasca.md\/ro\/2020\/03\/%d1%80%d1%83%d1%81%d1%81%d0%ba%d0%b8%d0%b9-%d0%be%d0%b1%d1%8c%d1%8f%d0%b2%d0%bb%d0%b5%d0%bd%d0%b8%d0%b5-2\/","title":{"rendered":"ANUN\u021a"},"content":{"rendered":"<p><\/p>\n<blockquote>\n<div id=\"\">\n<div class=\"js-helper_mailru_css_attribute_postfix js-readmsg-msg_mailru_css_attribute_postfix\">\n<div>\n<div id=\"style_15831513600422603734_BODY_mailru_css_attribute_postfix\">\n<div class=\"class_1583183403_mailru_css_attribute_postfix\">\n<div>\n<p>Stima\u021bi locuitori ai raionului, Consiliul Raional Basarabeasca V\u0103 informeaz\u0103, c\u0103 pe data de 5 martie anul 2020, Prim-ministrul Republicii Moldova, dl\u00a0Ion Chicu, va efectua\u00a0o vizit\u0103 de lucru\u00a0\u00een raionul Basarabeasca.\u00a0\u00a0\u00cen cadrul vizitei este\u00a0programat\u0103 o \u00eentrevedere de lucru cu reprezentan\u021bi \u0219i angaja\u021bii\u00a0 \u00ce.S.\u00a0 \u201dCalea\u00a0Ferat\u0103\u00a0Basarabeasca\u201d\u00a0 \u0219i o vizit\u0103 de lucru la \u015ecoala raional\u0103 de arte.<\/p>\n<\/div>\n<\/div>\n<\/div>\n<\/div>\n<\/div>\n<\/div>\n<\/blockquote>\n<blockquote>\n<div>\n<div class=\"js-helper_mailru_css_attribute_postfix js-readmsg-msg_mailru_css_attribute_postfix\">\n<div>\n<div>\n<div class=\"class_1583183403_mailru_css_attribute_postfix\">\n<div>\n<p>Administra\u021bia raionului Basarabeasca<\/p>\n<\/div>\n<\/div>\n<\/div>\n<\/div>\n<\/div>\n<\/div>\n<\/blockquote>\n<p><\/p>","protected":false},"excerpt":{"rendered":"<p>Stima\u021bi locuitori ai raionului, Consiliul Raional Basarabeasca V\u0103 informeaz\u0103, c\u0103 pe data de 5 martie anul 2020, Prim-ministrul Republicii Moldova, dl\u00a0Ion Chicu, va efectua\u00a0o vizit\u0103 de lucru\u00a0\u00een raionul Basarabeasca.\u00a0\u00a0\u00cen cadrul vizitei este\u00a0programat\u0103 o \u00eentrevedere de lucru cu reprezentan\u021bi \u0219i angaja\u021bii\u00a0 \u00ce.S.\u00a0 \u201dCalea\u00a0Ferat\u0103\u00a0Basarabeasca\u201d\u00a0 \u0219i o vizit\u0103 de lucru la \u015ecoala raional\u0103 de arte. Administra\u021bia raionului Basarabeasca<\/p>\n","protected":false},"author":2,"featured_media":7520,"comment_status":"open","ping_status":"open","sticky":false,"template":"","format":"standard","meta":{"footnotes":""},"categories":[8,9],"tags":[],"class_list":["post-8047","post","type-post","status-publish","format-standard","has-post-thumbnail","hentry","category-anunturi","category-noutati-si-evenimente"],"_links":{"self":[{"href":"https:\/\/basarabeasca.md\/ro\/wp-json\/wp\/v2\/posts\/8047","targetHints":{"allow":["GET"]}}],"collection":[{"href":"https:\/\/basarabeasca.md\/ro\/wp-json\/wp\/v2\/posts"}],"about":[{"href":"https:\/\/basarabeasca.md\/ro\/wp-json\/wp\/v2\/types\/post"}],"author":[{"embeddable":true,"href":"https:\/\/basarabeasca.md\/ro\/wp-json\/wp\/v2\/users\/2"}],"replies":[{"embeddable":true,"href":"https:\/\/basarabeasca.md\/ro\/wp-json\/wp\/v2\/comments?post=8047"}],"version-history":[{"count":2,"href":"https:\/\/basarabeasca.md\/ro\/wp-json\/wp\/v2\/posts\/8047\/revisions"}],"predecessor-version":[{"id":8050,"href":"https:\/\/basarabeasca.md\/ro\/wp-json\/wp\/v2\/posts\/8047\/revisions\/8050"}],"wp:featuredmedia":[{"embeddable":true,"href":"https:\/\/basarabeasca.md\/ro\/wp-json\/wp\/v2\/media\/7520"}],"wp:attachment":[{"href":"https:\/\/basarabeasca.md\/ro\/wp-json\/wp\/v2\/media?parent=8047"}],"wp:term":[{"taxonomy":"category","embeddable":true,"href":"https:\/\/basarabeasca.md\/ro\/wp-json\/wp\/v2\/categories?post=8047"},{"taxonomy":"post_tag","embeddable":true,"href":"https:\/\/basarabeasca.md\/ro\/wp-json\/wp\/v2\/tags?post=8047"}],"curies":[{"name":"wp","href":"https:\/\/api.w.org\/{rel}","templated":true}]}}