{"id":7479,"date":"2019-12-18T10:49:22","date_gmt":"2019-12-18T08:49:22","guid":{"rendered":"http:\/\/basarabeasca.md\/?p=7479"},"modified":"2019-12-18T10:49:26","modified_gmt":"2019-12-18T08:49:26","slug":"%d1%80%d1%83%d1%81%d1%81%d0%ba%d0%b8%d0%b9-%d0%b7%d0%b0%d0%b2%d0%b5%d1%80%d1%88%d0%b0%d1%8e%d1%89%d0%b8%d0%b9-%d1%8d%d1%82%d0%b0%d0%bf-%d1%80%d0%b5%d0%bc%d0%be%d0%bd%d1%82%d0%b0-%d0%ba%d1%80%d1%8b","status":"publish","type":"post","link":"https:\/\/basarabeasca.md\/ro\/2019\/12\/%d1%80%d1%83%d1%81%d1%81%d0%ba%d0%b8%d0%b9-%d0%b7%d0%b0%d0%b2%d0%b5%d1%80%d1%88%d0%b0%d1%8e%d1%89%d0%b8%d0%b9-%d1%8d%d1%82%d0%b0%d0%bf-%d1%80%d0%b5%d0%bc%d0%be%d0%bd%d1%82%d0%b0-%d0%ba%d1%80%d1%8b\/","title":{"rendered":"Etapa final\u0103 a repara\u021biei acoperi\u0219ului, dup\u0103 evenimentele din 3 iulie 2019"},"content":{"rendered":"<p>\u00cen raionul Basarabeasca se \u00eencheie procesul de lichidare a consecin\u021belor vremii nefavorabile. Amintim c\u0103, la 3 iulie 2019, Raionul Basarabeasca a avut de suferit de pe urma uraganului \u0219i ploilor toren\u021biale \u0219i la 9 iulie 2019, \u00een cadrul \u0219edin\u021bei Comisiei pentru Situa\u021bii Excep\u021bionale a RM din Fondul de rezerv\u0103 al Guvernului, a fost alocat\u0103 asisten\u021b\u0103 raionului Basarabeasca pentru lichidarea consecin\u021belor stihiei.<\/p>\n<p>Din mijloacele alocate, prin Consiliul Raional Basarabeasca a fost efectuat\u0103 repara\u021bia acoperi\u0219ului \u00een cl\u0103dirile liceelor. M. Eminescu din satul Sadaclia, Al. Pu\u0219kin \u0219i LT Matei Basarab, \u00een cl\u0103direa policlinicii, ora\u0219ul Basarabeasca. Ast\u0103zi, continu\u0103 repara\u021bia acoperi\u0219ului \u00eentr-o cl\u0103dire de terapie \u0219i se termin\u0103 repara\u021bia capital\u0103 a acoperi\u0219ului mai multe obiecte sociale : \u00een c\u0103minul \u00ceM&#8221;Sombas-Service&#8221;(societatea orbilor), \u00een gimnaziu \u0219i Centrul medicilor de familie din satul Iserlia.<\/p>\n<p><img loading=\"lazy\" decoding=\"async\" class=\"aligncenter size-full wp-image-7480\" src=\"http:\/\/basarabeasca.md\/wp-content\/uploads\/2019\/12\/3.jpg\" alt=\"\" width=\"960\" height=\"1280\" srcset=\"https:\/\/basarabeasca.md\/wp-content\/uploads\/2019\/12\/3.jpg 960w, https:\/\/basarabeasca.md\/wp-content\/uploads\/2019\/12\/3-113x150.jpg 113w, https:\/\/basarabeasca.md\/wp-content\/uploads\/2019\/12\/3-450x600.jpg 450w\" sizes=\"auto, (max-width: 960px) 100vw, 960px\" \/> <img loading=\"lazy\" decoding=\"async\" class=\"aligncenter size-full wp-image-7481\" src=\"http:\/\/basarabeasca.md\/wp-content\/uploads\/2019\/12\/4-1.jpg\" alt=\"\" width=\"960\" height=\"1280\" srcset=\"https:\/\/basarabeasca.md\/wp-content\/uploads\/2019\/12\/4-1.jpg 960w, https:\/\/basarabeasca.md\/wp-content\/uploads\/2019\/12\/4-1-113x150.jpg 113w, https:\/\/basarabeasca.md\/wp-content\/uploads\/2019\/12\/4-1-450x600.jpg 450w\" sizes=\"auto, (max-width: 960px) 100vw, 960px\" \/> <img loading=\"lazy\" decoding=\"async\" class=\"aligncenter size-full wp-image-7482\" src=\"http:\/\/basarabeasca.md\/wp-content\/uploads\/2019\/12\/5-1.jpg\" alt=\"\" width=\"960\" height=\"1280\" srcset=\"https:\/\/basarabeasca.md\/wp-content\/uploads\/2019\/12\/5-1.jpg 960w, https:\/\/basarabeasca.md\/wp-content\/uploads\/2019\/12\/5-1-113x150.jpg 113w, https:\/\/basarabeasca.md\/wp-content\/uploads\/2019\/12\/5-1-450x600.jpg 450w\" sizes=\"auto, (max-width: 960px) 100vw, 960px\" \/> <img loading=\"lazy\" decoding=\"async\" class=\"aligncenter size-full wp-image-7483\" src=\"http:\/\/basarabeasca.md\/wp-content\/uploads\/2019\/12\/6-1.jpg\" alt=\"\" width=\"960\" height=\"1280\" srcset=\"https:\/\/basarabeasca.md\/wp-content\/uploads\/2019\/12\/6-1.jpg 960w, https:\/\/basarabeasca.md\/wp-content\/uploads\/2019\/12\/6-1-113x150.jpg 113w, https:\/\/basarabeasca.md\/wp-content\/uploads\/2019\/12\/6-1-450x600.jpg 450w\" sizes=\"auto, (max-width: 960px) 100vw, 960px\" \/> <img loading=\"lazy\" decoding=\"async\" class=\"aligncenter size-full wp-image-7484\" src=\"http:\/\/basarabeasca.md\/wp-content\/uploads\/2019\/12\/7.jpg\" alt=\"\" width=\"960\" height=\"1280\" srcset=\"https:\/\/basarabeasca.md\/wp-content\/uploads\/2019\/12\/7.jpg 960w, https:\/\/basarabeasca.md\/wp-content\/uploads\/2019\/12\/7-113x150.jpg 113w, https:\/\/basarabeasca.md\/wp-content\/uploads\/2019\/12\/7-450x600.jpg 450w\" sizes=\"auto, (max-width: 960px) 100vw, 960px\" \/> <img loading=\"lazy\" decoding=\"async\" class=\"aligncenter size-full wp-image-7485\" src=\"http:\/\/basarabeasca.md\/wp-content\/uploads\/2019\/12\/8.jpg\" alt=\"\" width=\"960\" height=\"1280\" srcset=\"https:\/\/basarabeasca.md\/wp-content\/uploads\/2019\/12\/8.jpg 960w, https:\/\/basarabeasca.md\/wp-content\/uploads\/2019\/12\/8-113x150.jpg 113w, https:\/\/basarabeasca.md\/wp-content\/uploads\/2019\/12\/8-450x600.jpg 450w\" sizes=\"auto, (max-width: 960px) 100vw, 960px\" \/> <img loading=\"lazy\" decoding=\"async\" class=\"aligncenter size-full wp-image-7486\" src=\"http:\/\/basarabeasca.md\/wp-content\/uploads\/2019\/12\/9.jpg\" alt=\"\" width=\"960\" height=\"1280\" srcset=\"https:\/\/basarabeasca.md\/wp-content\/uploads\/2019\/12\/9.jpg 960w, https:\/\/basarabeasca.md\/wp-content\/uploads\/2019\/12\/9-113x150.jpg 113w, https:\/\/basarabeasca.md\/wp-content\/uploads\/2019\/12\/9-450x600.jpg 450w\" sizes=\"auto, (max-width: 960px) 100vw, 960px\" \/> <img loading=\"lazy\" decoding=\"async\" class=\"aligncenter size-full wp-image-7487\" src=\"http:\/\/basarabeasca.md\/wp-content\/uploads\/2019\/12\/1-1.jpg\" alt=\"\" width=\"1280\" height=\"720\" srcset=\"https:\/\/basarabeasca.md\/wp-content\/uploads\/2019\/12\/1-1.jpg 1280w, https:\/\/basarabeasca.md\/wp-content\/uploads\/2019\/12\/1-1-150x84.jpg 150w, https:\/\/basarabeasca.md\/wp-content\/uploads\/2019\/12\/1-1-900x506.jpg 900w\" sizes=\"auto, (max-width: 1280px) 100vw, 1280px\" \/><\/p>\n<p>&nbsp;<\/p>","protected":false},"excerpt":{"rendered":"<p>\u00cen raionul Basarabeasca se \u00eencheie procesul de lichidare a consecin\u021belor vremii nefavorabile. Amintim c\u0103, la 3 iulie 2019, Raionul Basarabeasca a avut de suferit de pe urma uraganului \u0219i ploilor toren\u021biale \u0219i la 9 iulie 2019, \u00een cadrul \u0219edin\u021bei Comisiei pentru Situa\u021bii Excep\u021bionale a RM din Fondul de rezerv\u0103 al Guvernului, a fost alocat\u0103 asisten\u021b\u0103 [&hellip;]<\/p>\n","protected":false},"author":2,"featured_media":7487,"comment_status":"open","ping_status":"open","sticky":false,"template":"","format":"standard","meta":{"footnotes":""},"categories":[9],"tags":[],"class_list":["post-7479","post","type-post","status-publish","format-standard","has-post-thumbnail","hentry","category-noutati-si-evenimente"],"_links":{"self":[{"href":"https:\/\/basarabeasca.md\/ro\/wp-json\/wp\/v2\/posts\/7479","targetHints":{"allow":["GET"]}}],"collection":[{"href":"https:\/\/basarabeasca.md\/ro\/wp-json\/wp\/v2\/posts"}],"about":[{"href":"https:\/\/basarabeasca.md\/ro\/wp-json\/wp\/v2\/types\/post"}],"author":[{"embeddable":true,"href":"https:\/\/basarabeasca.md\/ro\/wp-json\/wp\/v2\/users\/2"}],"replies":[{"embeddable":true,"href":"https:\/\/basarabeasca.md\/ro\/wp-json\/wp\/v2\/comments?post=7479"}],"version-history":[{"count":2,"href":"https:\/\/basarabeasca.md\/ro\/wp-json\/wp\/v2\/posts\/7479\/revisions"}],"predecessor-version":[{"id":7490,"href":"https:\/\/basarabeasca.md\/ro\/wp-json\/wp\/v2\/posts\/7479\/revisions\/7490"}],"wp:featuredmedia":[{"embeddable":true,"href":"https:\/\/basarabeasca.md\/ro\/wp-json\/wp\/v2\/media\/7487"}],"wp:attachment":[{"href":"https:\/\/basarabeasca.md\/ro\/wp-json\/wp\/v2\/media?parent=7479"}],"wp:term":[{"taxonomy":"category","embeddable":true,"href":"https:\/\/basarabeasca.md\/ro\/wp-json\/wp\/v2\/categories?post=7479"},{"taxonomy":"post_tag","embeddable":true,"href":"https:\/\/basarabeasca.md\/ro\/wp-json\/wp\/v2\/tags?post=7479"}],"curies":[{"name":"wp","href":"https:\/\/api.w.org\/{rel}","templated":true}]}}