{"id":7452,"date":"2019-12-10T13:23:34","date_gmt":"2019-12-10T11:23:34","guid":{"rendered":"http:\/\/basarabeasca.md\/?p=7452"},"modified":"2019-12-10T14:28:46","modified_gmt":"2019-12-10T12:28:46","slug":"anunt-cu-privire-la-convocarea-consiliului-raional-basarabeasca-in-sedinta-ordinara-20-decembrie-2019","status":"publish","type":"post","link":"https:\/\/basarabeasca.md\/ro\/2019\/12\/anunt-cu-privire-la-convocarea-consiliului-raional-basarabeasca-in-sedinta-ordinara-20-decembrie-2019\/","title":{"rendered":"ANUN\u021a Cu privire la convocarea Consiliului Raional Basarabeasca \u00een \u015fedin\u0163\u0103 ordinar\u0103 20 decembrie 2019"},"content":{"rendered":"<p>\u00cen conformitate cu art. 45 alin. (3) al Legii nr. 436-XVI din 28 decembrie 2006 privind administra\u0163ia public\u0103 local\u0103,<\/p>\n<p><strong>\u00a0 \u00a0\u00a0<\/strong>Se convoac\u0103 Consiliul Raional Basarabeasca \u00een \u015fedin\u0163\u0103 ordinar\u0103 la 20 decembrie 2019, ora 10.00, \u00een incinta Consiliului raional, etajul II, cu urm\u0103torul proiect al\u00a0 ordinii de zi (proiectul se anexeaz\u0103).<\/p>\n<p>&nbsp;<\/p>\n<p>Pre\u015fedintele<\/p>\n<p>raionului Basarabeasca\u00a0\u00a0\u00a0 \u00a0\u00a0\u00a0\u00a0\u00a0\u00a0\u00a0\u00a0\u00a0\u00a0\u00a0\u00a0\u00a0\u00a0\u00a0\u00a0\u00a0\u00a0\u00a0\u00a0\u00a0\u00a0\u00a0\u00a0\u00a0\u00a0\u00a0\u00a0\u00a0\u00a0\u00a0\u00a0\u00a0\u00a0\u00a0\u00a0\u00a0\u00a0\u00a0\u00a0\u00a0\u00a0\u00a0\u00a0\u00a0Piotr PU\u015eCARI<\/p>\n<p>&nbsp;<\/p>\n<p style=\"text-align: center;\"><strong>PROIECTUL ORDINEI DE ZI<\/strong><\/p>\n<p style=\"text-align: center;\"><strong>a \u015fedin\u0163ei ordinare a Consiliului Raional Basarabeasca<\/strong><\/p>\n<p style=\"text-align: center;\"><strong>din 20 <\/strong><strong>\u00a0<\/strong><strong>decembrie 2019<\/strong><\/p>\n<p><strong>\u00a0<\/strong><\/p>\n<ol>\n<li><strong>Cu privire la unele mandate de consilier atribuite \u00een Consiliul raional Basarabeasca.<\/strong><\/li>\n<\/ol>\n<p><em>\u00a0\u00a0\u00a0\u00a0\u00a0 Raportor<\/em><em>: <\/em><em>Gheorghe Livi\u0163chi, secretar interimar al <\/em><em>Consiliului raional<\/em><\/p>\n<ol start=\"2\">\n<li><strong>Cu privire la aprobarea dispozi\u0163iei pre\u015fedintelui raionului nr. 121 din 29 noiembrie 2019 \u201eCu privire la modificarea bugetului provizoriu raional pe anul 2019\u201d.<\/strong><\/li>\n<\/ol>\n<p><em>Raportor<\/em><em>: Maria Muntean, \u015fef adjunct al Direc\u0163iei finan\u0163e<\/em><\/p>\n<ol start=\"3\">\n<li><strong>Cu privire la executarea\u00a0 bugetului provizoriu raional pe 9 luni ale anului 2019.<\/strong><\/li>\n<\/ol>\n<p><em>\u00a0\u00a0\u00a0\u00a0\u00a0 Raportor<\/em><em>: Maria Muntean, \u015fef adjunct al Direc\u0163iei finan\u0163e<\/em><\/p>\n<ol start=\"4\">\n<li><strong>Cu privire la aprobarea, \u00een prima lectur\u0103, a bugetului raional Basarabeasca pe anul 2020.<\/strong><\/li>\n<\/ol>\n<p><em>Raportor<\/em><em>: Piotr Pu\u015fcari, pre\u015fedinte al raionului Basarabeasca<\/em><\/p>\n<ol start=\"5\">\n<li><strong>Cu privire la aprobarea, \u00een lectura a doua, a bugetului raional Basarabeasca pe anul 2020.<\/strong><\/li>\n<\/ol>\n<p><em>Raportor<\/em><em>: Maria Muntean, \u015fef adjunct al Direc\u0163iei finan\u0163e<\/em><\/p>\n<ol start=\"6\">\n<li><strong>Cu privire la aprobarea Programului de activitate al Consiliului Raional <\/strong><\/li>\n<\/ol>\n<p><strong>Basarabeasca pentru\u00a0 trimestrul I al anului 2020.<\/strong><\/p>\n<p><em>Raportor<\/em><em>: Gheorghe Livi\u0163chi, secretar interimar al <\/em><em>Consiliului raional<\/em><\/p>\n<ol start=\"7\">\n<li><strong> Cu privire la aprobarea graficului concediilor de odihn\u0103 pentru anul 2020.<\/strong><\/li>\n<\/ol>\n<p><em>\u00a0\u00a0\u00a0 \u00a0Raportor<\/em><em>: Evghenia Jileznaia, specialist principal \u00een cadrul Aparatului\u00a0 <\/em><\/p>\n<p><em>\u00a0\u00a0\u00a0\u00a0\u00a0\u00a0\u00a0\u00a0\u00a0\u00a0\u00a0\u00a0\u00a0\u00a0\u00a0\u00a0\u00a0\u00a0\u00a0\u00a0\u00a0 pre\u015fedintelui raionului (pe probleme resurse umane)\u00a0\u00a0\u00a0\u00a0\u00a0\u00a0\u00a0\u00a0\u00a0\u00a0\u00a0\u00a0\u00a0\u00a0\u00a0\u00a0\u00a0\u00a0\u00a0 <\/em><\/p>\n<ol start=\"8\">\n<li><strong> Cu privire la aprobarea unor dispozi\u0163ii ale pre\u015fedintelui raionului emise \u00een <\/strong><\/li>\n<\/ol>\n<p><strong>\u00a0\u00a0\u00a0 \u00a0perioada dintre \u015fedin\u0163ele Consiliului raional.<\/strong><\/p>\n<p><em>\u00a0\u00a0\u00a0\u00a0\u00a0 Raportor: <\/em><em>Evghenia Jileznaia, specialist principal \u00een cadrul Aparatului\u00a0 <\/em><\/p>\n<p><em>\u00a0\u00a0\u00a0\u00a0\u00a0\u00a0\u00a0\u00a0\u00a0\u00a0\u00a0\u00a0\u00a0\u00a0\u00a0\u00a0\u00a0\u00a0\u00a0\u00a0\u00a0\u00a0 pre\u015fedintelui raionului (pe probleme resurse umane)\u00a0\u00a0\u00a0\u00a0\u00a0\u00a0\u00a0\u00a0\u00a0\u00a0\u00a0\u00a0\u00a0\u00a0\u00a0\u00a0\u00a0\u00a0\u00a0\u00a0\u00a0\u00a0 <\/em><\/p>\n<ol start=\"9\">\n<li><strong> Cu privire la \u00eencetarea raporturilor de serviciu cu titularii unor func\u0163ii <\/strong><\/li>\n<\/ol>\n<p><strong>\u00a0\u00a0\u00a0\u00a0 publice de conducere din cadrul Consiliului raional Basarabeasca.<\/strong><\/p>\n<p><em>\u00a0\u00a0\u00a0\u00a0\u00a0 Raportor: <\/em><em>Evghenia Jileznaia, specialist principal \u00een cadrul Aparatului <\/em><\/p>\n<p><em>\u00a0\u00a0\u00a0\u00a0\u00a0\u00a0\u00a0\u00a0\u00a0\u00a0\u00a0\u00a0\u00a0\u00a0\u00a0\u00a0\u00a0\u00a0\u00a0\u00a0\u00a0\u00a0 pre\u015fedintelui raionului (pe probleme resurse umane)\u00a0\u00a0\u00a0\u00a0\u00a0\u00a0\u00a0\u00a0\u00a0\u00a0\u00a0\u00a0\u00a0\u00a0\u00a0\u00a0\u00a0\u00a0\u00a0\u00a0 <\/em><\/p>\n<ol start=\"10\">\n<li><strong> Cu privire la vacan\u0163a unor func\u0163ii publice de conducere \u00een Consiliul <\/strong><\/li>\n<\/ol>\n<p><strong>\u00a0\u00a0\u00a0\u00a0\u00a0 raional.<\/strong><\/p>\n<p><em>\u00a0\u00a0\u00a0\u00a0 Raportor: <\/em><em>Evghenia Jileznaia, specialist principal \u00een cadrul Aparatului\u00a0\u00a0\u00a0\u00a0\u00a0 <\/em><\/p>\n<p><em>\u00a0\u00a0\u00a0\u00a0\u00a0\u00a0\u00a0\u00a0\u00a0\u00a0\u00a0\u00a0\u00a0\u00a0\u00a0\u00a0\u00a0\u00a0\u00a0\u00a0\u00a0 pre\u015fedintelui raionului (pe probleme resurse umane)\u00a0\u00a0\u00a0\u00a0\u00a0\u00a0\u00a0\u00a0\u00a0\u00a0\u00a0\u00a0\u00a0\u00a0\u00a0\u00a0\u00a0\u00a0\u00a0\u00a0\u00a0 <\/em><\/p>\n<ol start=\"11\">\n<li><strong> Cu privire la instituirea Comisiei de concurs pentru ocuparea func\u0163iilor <\/strong><\/li>\n<\/ol>\n<p><strong>\u00a0publice de conducere.<\/strong><\/p>\n<p><em>\u00a0\u00a0\u00a0\u00a0\u00a0 Raportor<\/em><em>: <\/em><em>Evghenia Jileznaia, specialist principal \u00een cadrul Aparatului\u00a0\u00a0\u00a0\u00a0\u00a0\u00a0\u00a0\u00a0\u00a0\u00a0\u00a0\u00a0\u00a0\u00a0\u00a0\u00a0\u00a0\u00a0 <\/em><\/p>\n<p><em>\u00a0\u00a0\u00a0\u00a0\u00a0\u00a0\u00a0\u00a0\u00a0\u00a0\u00a0\u00a0\u00a0\u00a0\u00a0\u00a0\u00a0\u00a0\u00a0\u00a0\u00a0\u00a0 pre\u015fedintelui raionului (pe probleme resurse umane)\u00a0\u00a0\u00a0\u00a0\u00a0\u00a0\u00a0\u00a0\u00a0\u00a0\u00a0\u00a0\u00a0\u00a0\u00a0\u00a0 <\/em><\/p>\n<ol start=\"12\">\n<li><strong> Cu privire la acceptarea \u00een proprietatea raionului a unor bunuri <\/strong><\/li>\n<\/ol>\n<p><strong>\u00a0\u00a0\u00a0\u00a0\u00a0 materiale.<\/strong><\/p>\n<p><em>Raportor: Ecaterina Pascal, \u015fef adjunct al Direc\u0163iei \u00eenv\u0103\u0163\u0103m\u00e2nt general<\/em><\/p>\n<ol start=\"13\">\n<li><strong> Cu privire la aprobarea componen\u0163ei nominale a Comisiei de asigurare a <\/strong><\/li>\n<\/ol>\n<p><strong>\u00a0\u00a0\u00a0\u00a0\u00a0 <\/strong><strong>atragerii\u00a0 investi\u021biilor \u00een raion.<\/strong><\/p>\n<p><em>\u00a0\u00a0\u00a0\u00a0\u00a0 Raportor<\/em><em>: Petru Scutari, vicepre\u015fedinte al raionului pe probleme\u00a0 economice <\/em><\/p>\n<ol start=\"14\">\n<li><strong> Cu privire la acordarea unor \u00eemputerniciri pre\u015fedintelui raionului.<\/strong><\/li>\n<\/ol>\n<p><em>\u00a0\u00a0\u00a0\u00a0\u00a0 Raportor<\/em><em>: Petru Scutari, vicepre\u015fedinte al raionului pe probleme\u00a0 economice\u00a0 <\/em><\/p>\n<ol start=\"15\">\n<li><strong> Cu privire la unele modific\u0103ri \u015fi complet\u0103ri \u00een componen\u0163a comisiilor <\/strong><\/li>\n<\/ol>\n<p><strong>\u00a0\u00a0\u00a0\u00a0\u00a0 consultative de\u00a0 specialitate ale Consiliului raional, aprobate prin decizia\u00a0\u00a0\u00a0 <\/strong><\/p>\n<p><strong>\u00a0\u00a0\u00a0\u00a0\u00a0 Consiliului raional nr. 02\/03 din 19.11.2019.\u00a0 <\/strong><\/p>\n<p><em>\u00a0<\/em><em>Raportor: Gheorghe Livi\u0163chi, secretar interimar al Consiliului raional<\/em><\/p>\n<ol start=\"16\">\n<li><strong>Cu privire la abrogarea unor decizii ale Consiliului raional. <\/strong><\/li>\n<\/ol>\n<p><em>Raportor: Gheorghe Livi\u0163chi, secretar interimar al Consiliului raional<\/em><\/p>\n<ol start=\"17\">\n<li><strong> Cu privire la aprobarea, \u00een redac\u0163ie nou\u0103, a componen\u0163ei nominale a <\/strong><\/li>\n<\/ol>\n<p><strong>\u00a0\u00a0\u00a0\u00a0\u00a0 Comisiei \u201cCu privire la unele m\u0103suri de administrare a lucuin\u0163elor din\u00a0\u00a0 <\/strong><\/p>\n<p><strong>\u00a0\u00a0\u00a0\u00a0\u00a0 c\u0103minul \u00ceM \u201cSonbas-Service\u201d.<\/strong><\/p>\n<p><em>\u00a0\u00a0\u00a0\u00a0\u00a0 Raportor<\/em><em>: Galina \u015eadura, specialist principal \u00een cadrul Aparatului <\/em><\/p>\n<p><em>\u00a0\u00a0\u00a0\u00a0\u00a0\u00a0\u00a0\u00a0\u00a0\u00a0\u00a0\u00a0\u00a0\u00a0\u00a0\u00a0\u00a0\u00a0\u00a0\u00a0\u00a0\u00a0 pre\u015fedintelui raionului<\/em><\/p>\n<ol start=\"18\">\n<li><strong> Cu privire la operarea unor modific\u0103ri \u00een decizia Consiliului raional nr. <\/strong><\/li>\n<\/ol>\n<p><strong>\u00a0\u00a0\u00a0\u00a0\u00a0 03\/06 din 26.05.2017.<\/strong><\/p>\n<p><em>Raportor<\/em><em>: Piotr Pu\u015fcari, pre\u015fedinte al raionului Basarabeasca<\/em><\/p>\n<ol start=\"19\">\n<li><strong> Cu privire la interimatul func\u0163iei de director al \u00ceM \u201eCentrul Stomatologic <\/strong><\/li>\n<\/ol>\n<p><strong>\u00a0\u00a0\u00a0\u00a0\u00a0 Raional Basarabeasca\u201d.<\/strong><\/p>\n<p><em>\u00a0\u00a0\u00a0\u00a0\u00a0 Raportor<\/em><em>: Piotr Pu\u015fcari, pre\u015fedinte al raionului Basarabeasca<\/em><\/p>\n<ol start=\"20\">\n<li><strong> Cu privire la solicitarea transmiterii unor sectoare de teren \u00een <\/strong><\/li>\n<\/ol>\n<p><strong>\u00a0\u00a0\u00a0\u00a0\u00a0 proprietatea\u00a0 raionului. <\/strong><\/p>\n<p><em>\u00a0\u00a0\u00a0\u00a0\u00a0 Raportor<\/em><em>: Piotr Pu\u015fcari, pre\u015fedinte al raionului Basarabeasca<\/em><\/p>\n<ol start=\"21\">\n<li><strong> Cu privire la solicitarea transmiterii a unui teren de minifotbal \u00een <\/strong><\/li>\n<\/ol>\n<p><strong>\u00a0\u00a0\u00a0\u00a0\u00a0\u00a0 proprietatea raionului. <\/strong><\/p>\n<p><em>\u00a0\u00a0\u00a0\u00a0\u00a0 Raportor<\/em><em>: Ion Popov, vicepre\u015fedinte al raionului pe probleme sociale<\/em><\/p>\n<ol start=\"22\">\n<li><strong> Cu privire la casarea unor bunuri materiale \u015fi a unor datorii creditoare <\/strong><\/li>\n<\/ol>\n<p><strong>\u00a0\u00a0\u00a0\u00a0\u00a0\u00a0 aflate la balan\u0163a Consiliului raional Basarabeasca.<\/strong><\/p>\n<p><strong>\u00a0\u00a0\u00a0\u00a0\u00a0 <\/strong><em>Raportor<\/em><em>: Silvia Niculi\u0163a, contabil-\u015fef \u00een cadrul Aparatului pre\u015fedintelui <\/em><\/p>\n<p><em>\u00a0\u00a0\u00a0\u00a0\u00a0\u00a0\u00a0\u00a0\u00a0\u00a0\u00a0\u00a0\u00a0\u00a0\u00a0\u00a0\u00a0\u00a0\u00a0\u00a0\u00a0\u00a0 raionului<\/em><\/p>\n<ol start=\"23\">\n<li><strong>Cu privire la operarea unor modific\u0103ri \u00een Regulamentul de activitate al <\/strong><\/li>\n<\/ol>\n<p><strong>\u00a0\u00a0\u00a0\u00a0\u00a0 Serviciului social \u201eAsisten\u0163\u0103 personal\u0103\u201d.<\/strong><\/p>\n<p><em>\u00a0\u00a0\u00a0\u00a0\u00a0 Raportor<\/em><em>: Mihail Mart\u00eenov, \u015fef interimar al Direc\u0163iei asisten\u0163\u0103 social\u0103 \u015fi <\/em><\/p>\n<p><em>\u00a0\u00a0\u00a0\u00a0\u00a0\u00a0\u00a0\u00a0\u00a0\u00a0\u00a0\u00a0 \u00a0\u00a0\u00a0\u00a0\u00a0\u00a0\u00a0\u00a0\u00a0\u00a0protec\u0163ie a familiei<\/em><\/p>\n<ol start=\"24\">\n<li><strong> Cu privire la unele modific\u0103ri \u00een decizia Consiliului raional nr. 06\/07 din <\/strong><\/li>\n<\/ol>\n<p><strong>\u00a0\u00a0\u00a0\u00a0\u00a0 29.09.2017.<\/strong><\/p>\n<p><em>\u00a0\u00a0\u00a0\u00a0\u00a0 Raportor<\/em><em>: Mihail Mart\u00eenov, \u015fef interimar al Direc\u0163iei asisten\u0163\u0103 social\u0103 \u015fi <\/em><\/p>\n<p><em>\u00a0\u00a0\u00a0\u00a0\u00a0\u00a0\u00a0\u00a0\u00a0\u00a0\u00a0\u00a0\u00a0\u00a0\u00a0\u00a0\u00a0\u00a0\u00a0\u00a0\u00a0\u00a0 protec\u0163ie a familiei<\/em><\/p>\n<ol start=\"25\">\n<li><strong> Cu privire la desemnarea unui consilier care va semna deciziile <\/strong><\/li>\n<\/ol>\n<p><strong>\u00a0\u00a0\u00a0\u00a0\u00a0 Consiliului\u00a0 \u00een cazul \u00een care pre\u015fedintele \u015fedin\u0163ei va fi \u00een imposibilitate de <\/strong><\/p>\n<p><strong>\u00a0\u00a0\u00a0\u00a0\u00a0 a le semna.<\/strong><\/p>","protected":false},"excerpt":{"rendered":"<p>\u00cen conformitate cu art. 45 alin. (3) al Legii nr. 436-XVI din 28 decembrie 2006 privind administra\u0163ia public\u0103 local\u0103, \u00a0 \u00a0\u00a0Se convoac\u0103 Consiliul Raional Basarabeasca \u00een \u015fedin\u0163\u0103 ordinar\u0103 la 20 decembrie 2019, ora 10.00, \u00een incinta Consiliului raional, etajul II, cu urm\u0103torul proiect al\u00a0 ordinii de zi (proiectul se anexeaz\u0103). &nbsp; Pre\u015fedintele raionului Basarabeasca\u00a0\u00a0\u00a0 \u00a0\u00a0\u00a0\u00a0\u00a0\u00a0\u00a0\u00a0\u00a0\u00a0\u00a0\u00a0\u00a0\u00a0\u00a0\u00a0\u00a0\u00a0\u00a0\u00a0\u00a0\u00a0\u00a0\u00a0\u00a0\u00a0\u00a0\u00a0\u00a0\u00a0\u00a0\u00a0\u00a0\u00a0\u00a0\u00a0\u00a0\u00a0\u00a0\u00a0\u00a0\u00a0\u00a0\u00a0\u00a0Piotr [&hellip;]<\/p>\n","protected":false},"author":2,"featured_media":6595,"comment_status":"open","ping_status":"open","sticky":false,"template":"","format":"standard","meta":{"footnotes":""},"categories":[8,9],"tags":[],"class_list":["post-7452","post","type-post","status-publish","format-standard","has-post-thumbnail","hentry","category-anunturi","category-noutati-si-evenimente"],"_links":{"self":[{"href":"https:\/\/basarabeasca.md\/ro\/wp-json\/wp\/v2\/posts\/7452","targetHints":{"allow":["GET"]}}],"collection":[{"href":"https:\/\/basarabeasca.md\/ro\/wp-json\/wp\/v2\/posts"}],"about":[{"href":"https:\/\/basarabeasca.md\/ro\/wp-json\/wp\/v2\/types\/post"}],"author":[{"embeddable":true,"href":"https:\/\/basarabeasca.md\/ro\/wp-json\/wp\/v2\/users\/2"}],"replies":[{"embeddable":true,"href":"https:\/\/basarabeasca.md\/ro\/wp-json\/wp\/v2\/comments?post=7452"}],"version-history":[{"count":1,"href":"https:\/\/basarabeasca.md\/ro\/wp-json\/wp\/v2\/posts\/7452\/revisions"}],"predecessor-version":[{"id":7453,"href":"https:\/\/basarabeasca.md\/ro\/wp-json\/wp\/v2\/posts\/7452\/revisions\/7453"}],"wp:featuredmedia":[{"embeddable":true,"href":"https:\/\/basarabeasca.md\/ro\/wp-json\/wp\/v2\/media\/6595"}],"wp:attachment":[{"href":"https:\/\/basarabeasca.md\/ro\/wp-json\/wp\/v2\/media?parent=7452"}],"wp:term":[{"taxonomy":"category","embeddable":true,"href":"https:\/\/basarabeasca.md\/ro\/wp-json\/wp\/v2\/categories?post=7452"},{"taxonomy":"post_tag","embeddable":true,"href":"https:\/\/basarabeasca.md\/ro\/wp-json\/wp\/v2\/tags?post=7452"}],"curies":[{"name":"wp","href":"https:\/\/api.w.org\/{rel}","templated":true}]}}