{"id":7371,"date":"2019-12-03T15:27:37","date_gmt":"2019-12-03T13:27:37","guid":{"rendered":"http:\/\/basarabeasca.md\/?p=7371"},"modified":"2019-12-03T15:28:01","modified_gmt":"2019-12-03T13:28:01","slug":"%d1%80%d1%83%d1%81%d1%81%d0%ba%d0%b8%d0%b9-%d1%80%d0%b0%d0%b1%d0%be%d1%87%d0%b0%d1%8f-%d0%b2%d1%81%d1%82%d1%80%d0%b5%d1%87%d0%b0-%d1%81-%d0%bf%d1%80%d0%b5%d0%b7%d0%b8%d0%b4%d0%b5%d0%bd%d1%82%d0%be","status":"publish","type":"post","link":"https:\/\/basarabeasca.md\/ro\/2019\/12\/%d1%80%d1%83%d1%81%d1%81%d0%ba%d0%b8%d0%b9-%d1%80%d0%b0%d0%b1%d0%be%d1%87%d0%b0%d1%8f-%d0%b2%d1%81%d1%82%d1%80%d0%b5%d1%87%d0%b0-%d1%81-%d0%bf%d1%80%d0%b5%d0%b7%d0%b8%d0%b4%d0%b5%d0%bd%d1%82%d0%be\/","title":{"rendered":"03.12.2019, \u00cen audien\u021ba la pre\u0219edintele \u021b\u0103rii"},"content":{"rendered":"<p>Ast\u0103zi, 03 decembrie 2009, pre\u0219edintele raionului Basarabeasca, Piotr Pu\u0219cari, a avut o \u00eentrevedere cu Pre\u0219edintele Republicii Moldova, Igor Dodon. \u00cen cadrul \u00eentrevederii de lucru, am f\u0103cut un schimb de opinii cu privire la problemele sociale existente \u00een raionul Basarabeasca, inclusiv despre achitarea salariilor angaja\u021bilor din sistemul bugetar. De asemenea, am discutat despre func\u021bionarea serviciilor sociale locale \u0219i realizarea proiectelor educa\u021bionale \u00een raionul Basarabeasca.<\/p>\n<p><img loading=\"lazy\" decoding=\"async\" class=\"aligncenter size-full wp-image-7372\" src=\"http:\/\/basarabeasca.md\/wp-content\/uploads\/2019\/12\/2.jpg\" alt=\"\" width=\"1280\" height=\"907\" srcset=\"https:\/\/basarabeasca.md\/wp-content\/uploads\/2019\/12\/2.jpg 1280w, https:\/\/basarabeasca.md\/wp-content\/uploads\/2019\/12\/2-150x106.jpg 150w, https:\/\/basarabeasca.md\/wp-content\/uploads\/2019\/12\/2-847x600.jpg 847w\" sizes=\"auto, (max-width: 1280px) 100vw, 1280px\" \/><\/p>","protected":false},"excerpt":{"rendered":"<p>Ast\u0103zi, 03 decembrie 2009, pre\u0219edintele raionului Basarabeasca, Piotr Pu\u0219cari, a avut o \u00eentrevedere cu Pre\u0219edintele Republicii Moldova, Igor Dodon. \u00cen cadrul \u00eentrevederii de lucru, am f\u0103cut un schimb de opinii cu privire la problemele sociale existente \u00een raionul Basarabeasca, inclusiv despre achitarea salariilor angaja\u021bilor din sistemul bugetar. De asemenea, am discutat despre func\u021bionarea serviciilor sociale [&hellip;]<\/p>\n","protected":false},"author":2,"featured_media":7372,"comment_status":"open","ping_status":"open","sticky":false,"template":"","format":"standard","meta":{"footnotes":""},"categories":[9],"tags":[],"class_list":["post-7371","post","type-post","status-publish","format-standard","has-post-thumbnail","hentry","category-noutati-si-evenimente"],"_links":{"self":[{"href":"https:\/\/basarabeasca.md\/ro\/wp-json\/wp\/v2\/posts\/7371","targetHints":{"allow":["GET"]}}],"collection":[{"href":"https:\/\/basarabeasca.md\/ro\/wp-json\/wp\/v2\/posts"}],"about":[{"href":"https:\/\/basarabeasca.md\/ro\/wp-json\/wp\/v2\/types\/post"}],"author":[{"embeddable":true,"href":"https:\/\/basarabeasca.md\/ro\/wp-json\/wp\/v2\/users\/2"}],"replies":[{"embeddable":true,"href":"https:\/\/basarabeasca.md\/ro\/wp-json\/wp\/v2\/comments?post=7371"}],"version-history":[{"count":1,"href":"https:\/\/basarabeasca.md\/ro\/wp-json\/wp\/v2\/posts\/7371\/revisions"}],"predecessor-version":[{"id":7374,"href":"https:\/\/basarabeasca.md\/ro\/wp-json\/wp\/v2\/posts\/7371\/revisions\/7374"}],"wp:featuredmedia":[{"embeddable":true,"href":"https:\/\/basarabeasca.md\/ro\/wp-json\/wp\/v2\/media\/7372"}],"wp:attachment":[{"href":"https:\/\/basarabeasca.md\/ro\/wp-json\/wp\/v2\/media?parent=7371"}],"wp:term":[{"taxonomy":"category","embeddable":true,"href":"https:\/\/basarabeasca.md\/ro\/wp-json\/wp\/v2\/categories?post=7371"},{"taxonomy":"post_tag","embeddable":true,"href":"https:\/\/basarabeasca.md\/ro\/wp-json\/wp\/v2\/tags?post=7371"}],"curies":[{"name":"wp","href":"https:\/\/api.w.org\/{rel}","templated":true}]}}