{"id":7345,"date":"2019-11-22T13:54:15","date_gmt":"2019-11-22T11:54:15","guid":{"rendered":"http:\/\/basarabeasca.md\/?p=7345"},"modified":"2019-11-22T13:54:15","modified_gmt":"2019-11-22T11:54:15","slug":"granturi-in-valoare-totala-de-600-mii-euro-pentru-organizatiile-societatii-civile-din-regiunea-de-dezvoltare-sud","status":"publish","type":"post","link":"https:\/\/basarabeasca.md\/ro\/2019\/11\/granturi-in-valoare-totala-de-600-mii-euro-pentru-organizatiile-societatii-civile-din-regiunea-de-dezvoltare-sud\/","title":{"rendered":"Granturi \u00een valoare total\u0103 de 600 mii Euro pentru organiza\u021biile societ\u0103\u021bii civile din Regiunea de Dezvoltare Sud"},"content":{"rendered":"<p>Centrul Regional de Asisten\u021b\u0103 \u0219i Informare a Organiza\u021biilor Neguvernamentale \u201eCONTACT-Cahul&#8221; (CRAION CONTACT-Cahul) a lansat azi, 18 noiembrie,\u00a0<strong>Programul de granturi locale pentru regiunea de dezvoltare Sud\u00a0<\/strong>\u00een cadrul proiectului \u201eAbilitarea cet\u0103\u021benilor \u00een Republica Moldova&#8221; finan\u021bat de Uniunea European\u0103 \u0219i implementat de Agen\u021bia de Cooperare Interna\u021bional\u0103 a Germaniei (GIZ).<\/p>\n<p>Organiza\u021biile societ\u0103\u021bii civile din regiunea de sud vor avea acces la Programul de granturi locale cu un buget total de\u00a0<strong>600 mii euro.<\/strong>\u00a0Granturile vor fi oferite organiza\u021biilor societ\u0103\u021bii civile pentru implementarea ideilor inovative de abilitare a cet\u0103\u021benilor prin participarea activ\u0103 \u0219i constructiv\u0103 \u00een procesele decizionale locale privind dezvoltarea durabil\u0103 \u0219i infrastructura serviciilor publice \u00een 4 domenii de referin\u021b\u0103:<\/p>\n<ul>\n<li>Infrastructur\u0103 pentru ap\u0103 \u0219i canalizare;<\/li>\n<li>Gestionarea de\u0219eurilor;<\/li>\n<li>Eficien\u021b\u0103 energetic\u0103;<\/li>\n<li>Mediu \u0219i schimb\u0103ri climatice.<\/li>\n<\/ul>\n<p><strong>Elena Sp\u00eenu, consultant\u0103 abilitarea cet\u0103\u021benilor, Agen\u021bia de Cooperare Interna\u021bional\u0103 a Germaniei:\u00a0<\/strong><em>\u201eEste important s\u0103 asigur\u0103m implicarea cet\u0103\u021benilor, femeilor \u0219i b\u0103rba\u021bilor \u00een egal\u0103 m\u0103sur\u0103, \u00een toate procesele ce \u021bin de planificarea, bugetarea \u0219i prestarea serviciilor publice locale. Orice ac\u021biuni \u0219i proiecte care duc la \u00eembun\u0103t\u0103\u021birea acestor servicii trebuie s\u0103 fie transparente \u0219i participative. Cet\u0103\u021benii, prin intermediul organiza\u021biilor societ\u0103\u021bii civile, trebuie s\u0103 responsabilizeze autorit\u0103\u021bile locale, \u00eens\u0103, \u00een acela\u0219i timp, trebuie s\u0103 con\u0219tientizeze problemele legate de prestarea serviciilor publice \u0219i s\u0103-\u0219i \u00eendeplineasc\u0103 obliga\u021biile lor de clien\u021bi ai acestor servicii. \u00cen cadrul proiectului vom \u00eencuraja \u0219i vom sus\u021bine participarea reprezentan\u021bilor diferitor grupuri vulnerabile &#8211; persoane \u00een etate, persoane cu dizabilit\u0103\u021bi, minorit\u0103\u021bi etnice \u0219i, neap\u0103rat, implicarea tinerilor.&#8221;<\/em><\/p>\n<p><strong>Anun\u021bul de lansare a Programului de granturi locale a fost f\u0103cut de Silvia Strelciuc, directoare executiv\u0103 CRAION CONTACT-Cahul, \u00een cadrul conferin\u021bei de pres\u0103.\u00a0<\/strong>Potrivit Silviei Strelciuc, acest program de granturi vine s\u0103 contribuie at\u00e2t la dezvoltarea societ\u0103\u021bii civile din regiunea de dezvoltare Sud, c\u00e2t \u0219i s\u0103 stabileasc\u0103 o leg\u0103tur\u0103 str\u00e2ns\u0103 \u00eentre principalii actori comunitari: organiza\u021bii ale societ\u0103\u021bii civile (OSC), cet\u0103\u021beni \u0219i APL.<\/p>\n<p>\u201e<em>\u00cen cadrul proiectului ne propunem s\u0103 reanim\u0103m participarea civic\u0103 a cet\u0103\u021benilor din Regiunea de Dezvoltare Sud prin atragerea \u0219i implicarea mai activ\u0103 a acestora \u00een procesele decizionale ce vizeaz\u0103 politicile din domeniul serviciilor publice locale. Un element important este c\u0103 noi, ca organiza\u021bie din regiune, vom lucra cu alte organiza\u021bii de la firul ierbii, care cunosc bine problemele locale \u0219i solu\u021biile, dar care, deseori, nu au resursele necesare pentru realizarea ini\u021biativelor comunitare \u0219i implicarea cet\u0103\u021benilor, iar uneori nici capacit\u0103\u021bi suficiente. La nivel de regiune, vom asigura o sinergie a eforturilor OSC-urilor \u0219i altor structuri interesate (grupuri de ini\u021biativ\u0103 locale, comitete locale de cet\u0103\u021beni) \u00een implementarea unor proiecte inovative, bazate pe nevoile tuturor cet\u0103\u021benilor, inclusiv din grupurile dezavantajate, stimul\u00e2nd activ implicarea tinerilor. Credem cu certitudine c\u0103, dup\u0103 realizarea programului, valorificarea investi\u021biilor UE sau ale altor \u021b\u0103ri \u00een regiunea de dezvoltare Sud va fi un proces mult mai eficient, transparent \u0219i cu responsabilitate asumat\u0103 at\u00e2t de APL ca prestator de servicii publice locale, c\u00e2t \u0219i de cet\u0103\u021bean ca beneficiar \u0219i consumator final&#8221; a declarat Silvia Strelciuc.<\/em><\/p>\n<p>Vor fi acordate granturi mici p\u00e2n\u0103 la 10.000 Euro, medii p\u00e2n\u0103 la 30.000 Euro \u0219i mari p\u00e2n\u0103 la 50.000 Euro. La etapa a doua de implementare a proiectului \u00een regiune va fi creat\u0103 re\u021beaua de OSC-uri regionale menit\u0103 s\u0103 promoveze schimbul de experien\u021b\u0103 \u0219i bune practici de cooperare cu autorit\u0103\u021bile locale \u0219i regionale \u00een furnizarea serviciilor de calitate pentru cet\u0103\u021beni.<\/p>\n<p>Organiza\u021biile interesate de acest apel de granturi pot accesa Ghidul solicitantului aici:\u00a0<a href=\"http:\/\/www.eu4civilsociety.md\/ro\/page\/sud\">http:\/\/www.eu4civilsociety.md\/ro\/page\/sud<\/a>.<\/p>\n<p><em>Proiectul \u201eAbilitarea cet\u0103\u021benilor \u00een Republica Moldova&#8221; este finan\u021bat de Uniunea European\u0103 \u0219i implementat de Agen\u021bia de Cooperare Interna\u021bional\u0103 a Germaniei (GIZ). Partener al proiectului \u00een regiunea de dezvoltare Sud este CRAION CONTACT-Cahul, care implementeaz\u0103 proiectul \u201eSuport \u00een abilitarea cet\u0103\u021benilor din Regiunea de Dezvoltare Sud&#8221; \u00een raioanele Cahul, Cantemir, C\u0103u\u0219eni, Cimi\u0219lia, Basarabeasca, Leova, \u0218tefan Vod\u0103 \u0219i Taraclia \u00een perioada octombrie 2019 &#8211; septembrie 2021.<\/em><\/p>\n<p>Pentru detalii:<\/p>\n<p><em>tel.: + 373 299 84 84 2<br \/>\nfax: 299 84 84 3<br \/>\ne-mail:\u00a0<a href=\"mailto:contact_cahul@yahoo.com\">contact_cahul@yahoo.com<\/a><br \/>\nPersoan\u0103 de contact: Silvia Strelciuc &#8211; Director Executiv, Lupan Cristina &#8211; Manager de proiect.<\/em><\/p>\n","protected":false},"excerpt":{"rendered":"<p>Centrul Regional de Asisten\u021b\u0103 \u0219i Informare a Organiza\u021biilor Neguvernamentale \u201eCONTACT-Cahul&#8221; (CRAION CONTACT-Cahul) a lansat azi, 18 noiembrie,\u00a0Programul de granturi locale pentru regiunea de dezvoltare Sud\u00a0\u00een cadrul proiectului \u201eAbilitarea cet\u0103\u021benilor \u00een Republica Moldova&#8221; finan\u021bat de Uniunea European\u0103 \u0219i implementat de Agen\u021bia de Cooperare Interna\u021bional\u0103 a Germaniei (GIZ). Organiza\u021biile societ\u0103\u021bii civile din regiunea de sud vor avea [&hellip;]<\/p>\n","protected":false},"author":2,"featured_media":7346,"comment_status":"open","ping_status":"open","sticky":false,"template":"","format":"standard","meta":{"footnotes":""},"categories":[8],"tags":[],"class_list":["post-7345","post","type-post","status-publish","format-standard","has-post-thumbnail","hentry","category-anunturi"],"_links":{"self":[{"href":"https:\/\/basarabeasca.md\/ro\/wp-json\/wp\/v2\/posts\/7345","targetHints":{"allow":["GET"]}}],"collection":[{"href":"https:\/\/basarabeasca.md\/ro\/wp-json\/wp\/v2\/posts"}],"about":[{"href":"https:\/\/basarabeasca.md\/ro\/wp-json\/wp\/v2\/types\/post"}],"author":[{"embeddable":true,"href":"https:\/\/basarabeasca.md\/ro\/wp-json\/wp\/v2\/users\/2"}],"replies":[{"embeddable":true,"href":"https:\/\/basarabeasca.md\/ro\/wp-json\/wp\/v2\/comments?post=7345"}],"version-history":[{"count":1,"href":"https:\/\/basarabeasca.md\/ro\/wp-json\/wp\/v2\/posts\/7345\/revisions"}],"predecessor-version":[{"id":7347,"href":"https:\/\/basarabeasca.md\/ro\/wp-json\/wp\/v2\/posts\/7345\/revisions\/7347"}],"wp:featuredmedia":[{"embeddable":true,"href":"https:\/\/basarabeasca.md\/ro\/wp-json\/wp\/v2\/media\/7346"}],"wp:attachment":[{"href":"https:\/\/basarabeasca.md\/ro\/wp-json\/wp\/v2\/media?parent=7345"}],"wp:term":[{"taxonomy":"category","embeddable":true,"href":"https:\/\/basarabeasca.md\/ro\/wp-json\/wp\/v2\/categories?post=7345"},{"taxonomy":"post_tag","embeddable":true,"href":"https:\/\/basarabeasca.md\/ro\/wp-json\/wp\/v2\/tags?post=7345"}],"curies":[{"name":"wp","href":"https:\/\/api.w.org\/{rel}","templated":true}]}}