{"id":5901,"date":"2018-09-11T08:36:27","date_gmt":"2018-09-11T05:36:27","guid":{"rendered":"http:\/\/basarabeasca.md\/?p=5901"},"modified":"2018-09-11T10:35:21","modified_gmt":"2018-09-11T07:35:21","slug":"%d1%80%d1%83%d1%81%d1%81%d0%ba%d0%b8%d0%b9-%d0%be%d0%b1%d1%8a%d1%8f%d0%b2%d0%bb%d0%b5%d0%bd%d0%b8%d0%b5-%d0%be-%d1%81%d0%be%d0%b7%d1%8b%d0%b2%d0%b5-%d0%be%d1%87%d0%b5%d1%80%d0%b5%d0%b4%d0%bd%d0%be-4","status":"publish","type":"post","link":"https:\/\/basarabeasca.md\/ro\/2018\/09\/%d1%80%d1%83%d1%81%d1%81%d0%ba%d0%b8%d0%b9-%d0%be%d0%b1%d1%8a%d1%8f%d0%b2%d0%bb%d0%b5%d0%bd%d0%b8%d0%b5-%d0%be-%d1%81%d0%be%d0%b7%d1%8b%d0%b2%d0%b5-%d0%be%d1%87%d0%b5%d1%80%d0%b5%d0%b4%d0%bd%d0%be-4\/","title":{"rendered":"ANUN\u021a Cu privire la convocarea Consiliului Raional Basarabeasca \u00een \u015fedin\u0163\u0103 ordinar\u0103, 21septembrie 2018"},"content":{"rendered":"<p>\u00cen conformitate cu art. 45 alin. (2) \u015fi alin. (3) al Legii nr. 436-XVI din 28 decembrie 2006 privind administra\u0163ia public\u0103 local\u0103,<\/p>\n<p><strong>D I S P U N:<\/strong><\/p>\n<p>&nbsp;<\/p>\n<p><strong>\u00a0 \u00a0\u00a0\u00a0<\/strong>Se convoac\u0103 Consiliul Raional Basarabeasca \u00een \u015fedin\u0163\u0103 ordinar\u0103 la 21 septembrie 2018, ora 10.00, \u00een incinta Consiliului raional, etajul II cu urm\u0103torul proiect al\u00a0 ordinii de zi<\/p>\n<p>&nbsp;<\/p>\n<p><strong>PROIECTUL ORDINEI DE ZI\u00a0<\/strong><strong>a \u015fedin\u0163ei ordinare a Consiliului Raional Basarabeasca\u00a0\u00a0<\/strong><strong>din 21 septembrie\u00a0 2018<\/strong><\/p>\n<p><strong><u>Ora controlului:<\/u><\/strong><\/p>\n<p><strong>a) Cu privire la totalizarea rezultatelor bilunarului ecologic desf\u0103\u015furat \u00een <\/strong><\/p>\n<p><strong>raion, \u00een\u00a0 prim\u0103vara\u00a0 anului 2018. <\/strong><\/p>\n<p><em>\u00a0\u00a0\u00a0\u00a0 \u00a0\u00a0\u00a0\u00a0\u00a0Raportor: Vasile Guzun, vicepre\u015fedintele raionului pe probleme economice 2019<\/em><\/p>\n<p><strong>b) Cu privire la rezultatele preg\u0103tirii institu\u0163iilor educa\u0163ionale c\u0103tre noul an de studii 2018-2019.<\/strong><\/p>\n<p><em>Raportor: Ecaterina Pascal, \u015fef interimar al Direc\u0163iei \u00eenv\u0103\u0163\u0103m\u00eent general 2018<\/em><\/p>\n<p><strong>c) Cu privire la rezultatele odihnei de var\u0103 a copiilor \u00een sezonul estival 2018.<\/strong><\/p>\n<p><em>Raportor: Ecaterina Pascal, \u015fef interimar al Direc\u0163iei \u00eenv\u0103\u0163\u0103m\u00eent general<\/em><\/p>\n<ol>\n<li><strong> Cu privire la executarea bugetului raional Basarabeasca pe anul 2017<\/strong><strong>.<\/strong><\/li>\n<\/ol>\n<p><em>\u00a0\u00a0\u00a0\u00a0 Raportor: Maria Muntean, \u015fef adjunct al Direc\u0163iei finan\u0163e<\/em><\/p>\n<ol start=\"2\">\n<li><strong>Cu privire la corelarea bugetului raional pe anul curent cu Legea<\/strong><\/li>\n<\/ol>\n<p><strong>\u00a0\u00a0\u00a0\u00a0\u00a0 <\/strong><strong>bugetului de stat pe anul 2018<\/strong><strong>.<\/strong><strong>\u00a0\u00a0\u00a0\u00a0 <\/strong><\/p>\n<p><strong>\u00a0\u00a0\u00a0 <\/strong><strong>\u00a0\u00a0\u00a0\u00a0<\/strong><em>Raportor:<\/em><em> Maria Muntean, \u015fef adjunct al Direc\u0163iei finan\u0163e<\/em><\/p>\n<ol start=\"3\">\n<li><strong> Cu privire la executarea bugetului raional pe semestrul I al anului 2018.<\/strong><\/li>\n<\/ol>\n<p><em>\u00a0\u00a0\u00a0\u00a0\u00a0 Raportor:<\/em><em> Maria Muntean, \u015fef adjunct al Direc\u0163iei finan\u0163e<\/em><\/p>\n<ol start=\"4\">\n<li><strong>Cu privire la alocarea mijloacelor financiare din componenta raional\u0103.<\/strong><\/li>\n<\/ol>\n<p><em>\u00a0\u00a0\u00a0\u00a0 Raportor: Ecaterina Pascal, \u015fef interimar al Direc\u0163iei \u00eenv\u0103\u0163\u0103m\u00eent general<\/em><\/p>\n<ol start=\"5\">\n<li><strong> Cu privire la reorganizarea unor institu\u0163ii de \u00eenv\u0103\u0163\u0103m\u00eent din raion.<\/strong><\/li>\n<\/ol>\n<p><em>\u00a0\u00a0\u00a0 Raportor: Ecaterina Pascal, \u015fef interimar al Direc\u0163iei \u00eenv\u0103\u0163\u0103m\u00eent general<\/em><\/p>\n<ol start=\"6\">\n<li><strong> Cu privire la deschiderea, cu titlu de excep\u0163ie, a unei singure clase a X-a <\/strong><\/li>\n<\/ol>\n<p><strong>\u00a0\u00a0\u00a0\u00a0 liceale \u00een cadrul unor institu\u0163ii de \u00eenv\u0103\u0163\u0103m\u00eent din raion.<\/strong><\/p>\n<p><em>\u00a0\u00a0\u00a0 Raportor: Ecaterina Pascal, \u015fef interimar al Direc\u0163iei \u00eenv\u0103\u0163\u0103m\u00eent general<\/em><\/p>\n<ol start=\"7\">\n<li><strong> Cu privire la executarea deciziilor Consiliului raional Basarabeasca, <\/strong><\/li>\n<\/ol>\n<p><strong>\u00a0\u00a0\u00a0 adoptate \u00een semestrul II al anului 2017.<\/strong><\/p>\n<p><em>\u00a0\u00a0\u00a0\u00a0 Raportor: Gheorghe Livi\u0163chi, secretar interimar al Consiliului raional<\/em><\/p>\n<ol start=\"8\">\n<li><strong> Cu privire la aprobarea Programului de activitate al Consiliului Raional <\/strong><\/li>\n<\/ol>\n<p><strong>\u00a0\u00a0\u00a0\u00a0 Basarabeasca pe trimestrul IV al anului 2018.<\/strong><\/p>\n<p><em>\u00a0\u00a0\u00a0\u00a0 Raportor: Gheorghe Livi\u0163chi, secretar interimar al Consiliului raional<\/em><\/p>\n<ol start=\"9\">\n<li><strong> Cu privire la aprobarea unor dispozi\u0163ii ale pre\u015fedintelui raionului emise \u00een <\/strong><\/li>\n<\/ol>\n<p><strong>\u00a0\u00a0\u00a0 perioada dintre \u015fedin\u0163ele Consiliului raional.<\/strong><\/p>\n<p><em>\u00a0\u00a0\u00a0\u00a0 Raportor: Piotr Pu\u015fcari, pre\u015fedinte al raionului<\/em><\/p>\n<ol start=\"10\">\n<li><strong> Cu privire la aprobarea \u00een redac\u0163ie nou\u0103 a statelor de personal ale IMSP <\/strong><\/li>\n<\/ol>\n<p><strong>\u00a0\u00a0\u00a0\u00a0 Spitalul Raional Basarabeasca.<\/strong><\/p>\n<p><em>\u00a0\u00a0\u00a0\u00a0 Raportor: Andrei Mihailov, vicepre\u015fedinte al raionului pe probleme sociale<\/em><\/p>\n<p><em>\u00a0\u00a0\u00a0 Coraportor: Dorina Belous, director al IMSP Spitalul raional <\/em><\/p>\n<ol start=\"11\">\n<li><strong> Cu privire la unele modific\u0103ri \u00een decizia Consiliului raional nr. 01\/07 din <\/strong><\/li>\n<\/ol>\n<p><strong>\u00a0\u00a0\u00a0\u00a0\u00a0 23 martie 2018 cu privire la salarizarea personalului de conducere din <\/strong><\/p>\n<p><strong>\u00a0\u00a0\u00a0\u00a0\u00a0 institu\u0163iile \u00a0medicale din raion.<\/strong><\/p>\n<p><em>\u00a0\u00a0\u00a0 Raportor: Andrei Mihailov, vicepre\u015fedinte al raionului pe probleme sociale<\/em><\/p>\n<ol start=\"12\">\n<li><strong> Cu privire la operarea modific\u0103rilor \u015fi complet\u0103rilor \u00een unele decizii ale <\/strong><\/li>\n<\/ol>\n<p><strong>\u00a0\u00a0\u00a0\u00a0 Consiliului raional Basarabeasca. <\/strong><\/p>\n<p><em>\u00a0\u00a0\u00a0\u00a0 Raportor: Mihail Mart\u00eenov, \u015fef interimar al Direc\u0163iei asisten\u0163\u0103 social\u0103 \u015fi <\/em><\/p>\n<p><em>\u00a0\u00a0\u00a0\u00a0\u00a0\u00a0\u00a0\u00a0\u00a0\u00a0\u00a0\u00a0\u00a0\u00a0\u00a0\u00a0\u00a0\u00a0\u00a0 protec\u0163ie a familiei<\/em><\/p>\n<ol start=\"13\">\n<li><strong> Cu privire la aprobarea Regulamentului cu privire la gestionarea <\/strong><\/li>\n<\/ol>\n<p><strong>\u00a0 \u00a0\u00a0\u00a0\u00a0veniturilor\u00a0 colectate de institu\u0163iile publice finan\u0163ate de la bugetul raional. <\/strong><\/p>\n<p><em>\u00a0\u00a0\u00a0\u00a0\u00a0 Raportor: Maria Muntean, \u015fef adjunct al Direc\u0163iei finan\u0163e<\/em><\/p>\n<ol start=\"14\">\n<li><strong>Cu privire la unele modific\u0103ri \u015fi complet\u0103ri \u00een decizia Consiliului rational <\/strong><\/li>\n<\/ol>\n<p><strong>\u00a0\u00a0\u00a0\u00a0\u00a0 Basarabeasca nr. 06\/09 din 29.09.2017.<\/strong><\/p>\n<p><em>Raportor: Galina \u015eadura, specialist principal pe problemele privatiz\u0103rii \u00een <\/em><\/p>\n<p><em>\u00a0\u00a0\u00a0\u00a0\u00a0\u00a0\u00a0\u00a0\u00a0\u00a0\u00a0\u00a0\u00a0\u00a0\u00a0\u00a0\u00a0\u00a0\u00a0\u00a0\u00a0 Aparatul pre\u015fedintelui raionului\u00a0\u00a0\u00a0\u00a0\u00a0\u00a0\u00a0\u00a0\u00a0\u00a0\u00a0\u00a0\u00a0\u00a0\u00a0\u00a0\u00a0\u00a0\u00a0 <\/em><\/p>\n<ol start=\"15\">\n<li><strong> Cu privire la stabilirea termenului de angajare \u015fi desf\u0103\u015furarea <\/strong><\/li>\n<\/ol>\n<p><strong>\u00a0\u00a0\u00a0\u00a0 concursului de desemnare a managerului de proiect.<\/strong><\/p>\n<p><em>\u00a0\u00a0\u00a0\u00a0 Raportor: Tatiana Untila, consilier raional<\/em><\/p>\n<ol start=\"16\">\n<li><strong> Cu privire la stabilirea termenului de angajare \u015fi desf\u0103\u015furarea <\/strong><\/li>\n<\/ol>\n<p><strong>\u00a0\u00a0\u00a0\u00a0\u00a0 concursului de ocupare a func\u0163iilor publice de conducere vacante din <\/strong><\/p>\n<p><strong>\u00a0\u00a0\u00a0\u00a0\u00a0 cadrul Consiliului raional.<\/strong><\/p>\n<p><em>\u00a0\u00a0\u00a0\u00a0 Raportor: Tatiana Untila, consilier raional<\/em><\/p>\n<ol start=\"17\">\n<li><strong>17<em>. <\/em><\/strong><strong>Cu privire la acceptarea \u00een proprietate a unui teren de p\u0103m\u00eent.<\/strong><\/li>\n<\/ol>\n<p><em>\u00a0\u00a0\u00a0\u00a0 Raportor: Andrei Mihailov, vicepre\u015fedinte al raionului pe probleme sociale<\/em><\/p>\n<ol start=\"18\">\n<li><strong>Cu privire la \u00eencorporarea, \u00een octombrie 2018 &#8211; ianuarie 2019, \u00een <\/strong><\/li>\n<\/ol>\n<p><strong>\u00a0\u00a0\u00a0\u00a0\u00a0 r\u00eendurile For\u0163elor Armate \u015fi \u00een Serviciul Civil (de alternativ\u0103) ale <\/strong><\/p>\n<p><strong>\u00a0\u00a0\u00a0\u00a0\u00a0 Republicii Moldova, a cet\u0103\u0163enilor n\u0103scu\u0163i \u00een anii 1991-2000.<\/strong><\/p>\n<p><em>\u00a0\u00a0\u00a0\u00a0 Raportor:Vitali Aculov, specialist superior al Sec\u0163iei administrativ-militare<\/em><\/p>\n<ol start=\"19\">\n<li><strong> Cu privire la desf\u0103\u015furarea, \u00een anul 2019, \u00een raionul Basarabeasca a <\/strong><\/li>\n<\/ol>\n<p><strong>\u00a0\u00a0\u00a0\u00a0\u00a0 controlului medical \u015fi la trecerea \u00een eviden\u0163a militar\u0103 a tinerilor n\u0103scu\u0163i <\/strong><\/p>\n<p><strong>\u00a0\u00a0\u00a0\u00a0\u00a0 \u00een anul 2003.<\/strong><\/p>\n<p><strong>\u00a0 \u00a0\u00a0\u00a0\u00a0<\/strong><em>Raportor:Vitali Aculov, specialist superior al Sec\u0163iei administrativ-militare<\/em><\/p>\n<ol start=\"20\">\n<li><strong> Cu privire la m\u0103surile de preg\u0103tire a economiei \u015fi sferei sociale a <\/strong><\/li>\n<\/ol>\n<p><strong>\u00a0\u00a0\u00a0\u00a0\u00a0 raionului Basarabeasca pentru activitate \u00een perioada de toamn\u0103-iarn\u0103 <\/strong><\/p>\n<p><strong>\u00a0\u00a0\u00a0\u00a0\u00a0 2018-2019.<\/strong><\/p>\n<p><em>\u00a0\u00a0\u00a0\u00a0\u00a0 Raportor: Vasile Guzun, vicepre\u015fedinte al raionului pe probleme economice<\/em><\/p>\n<ol start=\"21\">\n<li><strong> Cu privire la aprobarea Programului local de eficien\u0163\u0103 energetic\u0103 a <\/strong><\/li>\n<\/ol>\n<p><strong>\u00a0\u00a0\u00a0\u00a0\u00a0 raionului Basarabeasca pentru anii 201<\/strong><strong>9<\/strong><strong>-20<\/strong><strong>21<\/strong><strong>.<\/strong><\/p>\n<p><em>\u00a0\u00a0\u00a0\u00a0 Raportor: Vasilisa Gaibu, arhitect-\u015fef al raionului<\/em><\/p>\n<ol start=\"22\">\n<li><strong> Cu privire la aprobarea Acordului de cooperare \u00eentre raionul <\/strong><\/li>\n<\/ol>\n<p><strong>\u00a0\u00a0\u00a0\u00a0\u00a0 Basarabeasca (Republica Moldova) \u015fi raionul Tarutino (Ucraina).<\/strong><\/p>\n<p><em>\u00a0\u00a0\u00a0\u00a0\u00a0 Raportor: Piotr Pu\u015fcari, pre\u015fedinte al raionului<\/em><\/p>\n<ol start=\"23\">\n<li><strong>Cu privire la aprobarea Regulamentului privind acordarea premiilor cu <\/strong><\/li>\n<\/ol>\n<p><strong>\u00a0\u00a0\u00a0\u00a0 prilejul jubileelor, a s\u0103rb\u0103torilor profesionale \u015fi a zilelor de s\u0103rb\u0103toare <\/strong><\/p>\n<p><strong>\u00a0\u00a0\u00a0\u00a0 nelucr\u0103toare pentru persoanele care de\u0163in func\u0163ii de demnitate public\u0103 din \u00a0<\/strong><\/p>\n<p><strong>\u00a0\u00a0\u00a0\u00a0 cadrul Consiliului raional Basarabeasca.<\/strong><\/p>\n<p><em>\u00a0\u00a0\u00a0\u00a0 Raportor: Gheorghe Livi\u0163chi, secretar interimar al Consiliului raional<\/em><\/p>\n<ol start=\"24\">\n<li><strong> Cu privire la modificarea bugetului raional pentru anul 2018 \u015fi alocarea <\/strong><\/li>\n<\/ol>\n<p><strong>\u00a0\u00a0\u00a0\u00a0 mijloacelor financiare.<\/strong><\/p>\n<p><em>\u00a0\u00a0\u00a0\u00a0 Raportor: Maria Muntean, \u015fef adjunct al Direc\u0163iei finan\u0163e<\/em><\/p>","protected":false},"excerpt":{"rendered":"<p>\u00cen conformitate cu art. 45 alin. (2) \u015fi alin. (3) al Legii nr. 436-XVI din 28 decembrie 2006 privind administra\u0163ia public\u0103 local\u0103, D I S P U N: &nbsp; \u00a0 \u00a0\u00a0\u00a0Se convoac\u0103 Consiliul Raional Basarabeasca \u00een \u015fedin\u0163\u0103 ordinar\u0103 la 21 septembrie 2018, ora 10.00, \u00een incinta Consiliului raional, etajul II cu urm\u0103torul proiect al\u00a0 ordinii [&hellip;]<\/p>\n","protected":false},"author":2,"featured_media":5523,"comment_status":"open","ping_status":"open","sticky":false,"template":"","format":"standard","meta":{"footnotes":""},"categories":[8],"tags":[],"class_list":["post-5901","post","type-post","status-publish","format-standard","has-post-thumbnail","hentry","category-anunturi"],"_links":{"self":[{"href":"https:\/\/basarabeasca.md\/ro\/wp-json\/wp\/v2\/posts\/5901","targetHints":{"allow":["GET"]}}],"collection":[{"href":"https:\/\/basarabeasca.md\/ro\/wp-json\/wp\/v2\/posts"}],"about":[{"href":"https:\/\/basarabeasca.md\/ro\/wp-json\/wp\/v2\/types\/post"}],"author":[{"embeddable":true,"href":"https:\/\/basarabeasca.md\/ro\/wp-json\/wp\/v2\/users\/2"}],"replies":[{"embeddable":true,"href":"https:\/\/basarabeasca.md\/ro\/wp-json\/wp\/v2\/comments?post=5901"}],"version-history":[{"count":4,"href":"https:\/\/basarabeasca.md\/ro\/wp-json\/wp\/v2\/posts\/5901\/revisions"}],"predecessor-version":[{"id":5906,"href":"https:\/\/basarabeasca.md\/ro\/wp-json\/wp\/v2\/posts\/5901\/revisions\/5906"}],"wp:featuredmedia":[{"embeddable":true,"href":"https:\/\/basarabeasca.md\/ro\/wp-json\/wp\/v2\/media\/5523"}],"wp:attachment":[{"href":"https:\/\/basarabeasca.md\/ro\/wp-json\/wp\/v2\/media?parent=5901"}],"wp:term":[{"taxonomy":"category","embeddable":true,"href":"https:\/\/basarabeasca.md\/ro\/wp-json\/wp\/v2\/categories?post=5901"},{"taxonomy":"post_tag","embeddable":true,"href":"https:\/\/basarabeasca.md\/ro\/wp-json\/wp\/v2\/tags?post=5901"}],"curies":[{"name":"wp","href":"https:\/\/api.w.org\/{rel}","templated":true}]}}