{"id":5667,"date":"2018-07-05T15:24:08","date_gmt":"2018-07-05T12:24:08","guid":{"rendered":"http:\/\/basarabeasca.md\/?p=5667"},"modified":"2018-07-10T08:34:44","modified_gmt":"2018-07-10T05:34:44","slug":"%d1%80%d1%83%d1%81%d1%81%d0%ba%d0%b8%d0%b9-%d0%be%d0%b1%d1%8a%d1%8f%d0%b2%d0%bb%d0%b5%d0%bd%d0%b8%d0%b5-%d0%be-%d1%81%d0%be%d0%b7%d1%8b%d0%b2%d0%b5-%d0%b2%d0%bd%d0%b5%d0%be%d1%87%d0%b5%d1%80%d0%b5-2","status":"publish","type":"post","link":"https:\/\/basarabeasca.md\/ro\/2018\/07\/%d1%80%d1%83%d1%81%d1%81%d0%ba%d0%b8%d0%b9-%d0%be%d0%b1%d1%8a%d1%8f%d0%b2%d0%bb%d0%b5%d0%bd%d0%b8%d0%b5-%d0%be-%d1%81%d0%be%d0%b7%d1%8b%d0%b2%d0%b5-%d0%b2%d0%bd%d0%b5%d0%be%d1%87%d0%b5%d1%80%d0%b5-2\/","title":{"rendered":"ANUN\u021a Cu privire la convocarea Consiliului Raional Basarabeasca \u00een \u015fedin\u0163\u0103 extraordinar\u0103"},"content":{"rendered":"<p>\u00cen conformitate cu art. 45 alin. (2) \u015fi alin. (3) al Legii nr. 436-XVI din 28 decembrie 2006 privind administra\u0163ia public\u0103 local\u0103,<\/p>\n<p>&nbsp;<\/p>\n<p><strong>D I S P U N:<\/strong><\/p>\n<p><strong>\u00a0 \u00a0\u00a0\u00a0<\/strong>Se convoac\u0103 Consiliul Raional Basarabeasca \u00een \u015fedin\u0163\u0103 extraordinar\u0103 la <strong>11 iulie 2018, ora 10.00<\/strong>, \u00een incinta Consiliului raional, etajul II cu urm\u0103torul proiect al\u00a0 ordinii<\/p>\n<p>de zi (proiectul se anexeaz\u0103).<\/p>\n<p>Pre\u015fedintele\u00a0 raionului Basarabeasca\u00a0\u00a0\u00a0\u00a0\u00a0\u00a0 \u00a0\u00a0\u00a0\u00a0\u00a0\u00a0\u00a0\u00a0\u00a0\u00a0\u00a0\u00a0\u00a0\u00a0\u00a0\u00a0\u00a0\u00a0\u00a0\u00a0\u00a0\u00a0\u00a0\u00a0\u00a0\u00a0\u00a0\u00a0\u00a0\u00a0\u00a0\u00a0\u00a0\u00a0\u00a0\u00a0\u00a0\u00a0\u00a0\u00a0\u00a0\u00a0Piotr PU\u015eCARI<\/p>\n<p>&nbsp;<\/p>\n<p><strong>MATERIALELE\u00a0\u00a0<\/strong><strong>\u015fedin\u0163ei extraordinare a\u00a0<\/strong><strong>Consiliului Raional Basarabeasca\u00a0<\/strong><strong>din <\/strong><strong>1<\/strong><strong>1 <\/strong><strong>iulie 2018\u00a0<\/strong><strong><em>(proiecte de decizii) :\u00a0<\/em><\/strong><a href=\"http:\/\/basarabeasca.md\/wp-content\/uploads\/2018\/07\/ordinea-de-zi.docx-1.doc\">ordinea de zi.docx (1)<\/a><\/p>\n<p>&nbsp;<\/p>\n<p style=\"text-align: right;\"><strong>\u00a0\u00a0\u00a0\u00a0\u00a0\u00a0\u00a0\u00a0\u00a0\u00a0\u00a0\u00a0\u00a0\u00a0\u00a0\u00a0\u00a0\u00a0\u00a0\u00a0\u00a0\u00a0\u00a0\u00a0\u00a0\u00a0\u00a0\u00a0\u00a0\u00a0\u00a0\u00a0\u00a0\u00a0\u00a0\u00a0\u00a0\u00a0\u00a0\u00a0\u00a0\u00a0\u00a0\u00a0\u00a0\u00a0\u00a0\u00a0\u00a0\u00a0\u00a0\u00a0\u00a0\u00a0\u00a0\u00a0\u00a0\u00a0\u00a0\u00a0\u00a0\u00a0\u00a0\u00a0\u00a0\u00a0\u00a0\u00a0\u00a0\u00a0\u00a0\u00a0\u00a0\u00a0 <\/strong><\/p>\n<p style=\"text-align: center;\"><strong>PROIECTUL ORDINEI DE ZI<\/strong><\/p>\n<p style=\"text-align: center;\"><strong>a \u015fedin\u0163ei extraordinare a Consiliului Raional Basarabeasca din 11 iulie\u00a0 2018<\/strong><\/p>\n<p><strong>\u00a0<\/strong><\/p>\n<p><strong><u>Ora controlului:<\/u><\/strong><\/p>\n<ol start=\"2018\">\n<li><strong>a) Cu privire la totalizarea rezultatelor bilunarului ecologic desf\u0103\u015furat \u00een raion, \u00een prim\u0103vara anului 2018. <\/strong><\/li>\n<\/ol>\n<p><em>\u00a0\u00a0\u00a0\u00a0 Raportor: Vasile Guzun, vicepre\u015fedintele raionului pe probleme economice<\/em><\/p>\n<ol>\n<li><strong> Cu privire la executarea bugetului raional Basarabeasca pe anul 2017<\/strong><strong>.<\/strong><\/li>\n<\/ol>\n<p><em>\u00a0\u00a0\u00a0\u00a0 Raportor: Maria Muntean, \u015fef adjunct al Direc\u0163iei finan\u0163e<\/em><\/p>\n<ol start=\"2\">\n<li><strong>Cu privire la modificarea bugetului raional pentru anul 2018 \u015fi alocarea <\/strong><\/li>\n<\/ol>\n<p><strong>\u00a0\u00a0\u00a0 mijloacelor financiare.<\/strong><\/p>\n<p><em>\u00a0\u00a0\u00a0\u00a0 Raportor: Maria Muntean, \u015fef adjunct al Direc\u0163iei finan\u0163e<\/em><\/p>\n<ol start=\"3\">\n<li><strong>Cu privire la alocarea mijloacelor financiare din componenta raional\u0103.<\/strong><\/li>\n<\/ol>\n<p><em>\u00a0\u00a0\u00a0\u00a0 Raportor: Ecaterina Pascal, \u015fef interimar al Direc\u0163iei \u00eenv\u0103\u0163\u0103m\u00eent general<\/em><\/p>\n<ol start=\"4\">\n<li><strong> Cu privire la <\/strong><strong>m\u0103surile de<\/strong> <strong>preg\u0103tire a institu\u0163iilor educa\u0163ionale c\u0103tre noul an de <\/strong><\/li>\n<\/ol>\n<p><strong>\u00a0\u00a0\u00a0\u00a0 studii 2018-2019.<\/strong><\/p>\n<p><em>\u00a0\u00a0\u00a0\u00a0 Raportor: Ecaterina Pascal, \u015fef interimar al Direc\u0163iei \u00eenv\u0103\u0163\u0103m\u00eent general<\/em><\/p>\n<ol start=\"5\">\n<li><strong> Cu privire la reorganizarea unor institu\u0163ii de \u00eenv\u0103\u0163\u0103m\u00eent din raion.<\/strong><\/li>\n<\/ol>\n<p><em>\u00a0\u00a0\u00a0 Raportor: Ecaterina Pascal, \u015fef interimar al Direc\u0163iei \u00eenv\u0103\u0163\u0103m\u00eent general<\/em><\/p>\n<ol start=\"6\">\n<li><strong> Cu privire la executarea deciziilor Consiliului raional Basarabeasca, adoptate \u00een <\/strong><\/li>\n<\/ol>\n<p><strong>\u00a0\u00a0\u00a0\u00a0 semestrul II al anului 2017.<\/strong><\/p>\n<p><em>\u00a0\u00a0\u00a0\u00a0 Raportor: Gheorghe Livi\u0163chi, secretar interimar al Consiliului raional<\/em><\/p>\n<ol start=\"7\">\n<li><strong> Cu privire la aprobarea Programului de activitate al Consiliului Raional <\/strong><\/li>\n<\/ol>\n<p><strong>\u00a0\u00a0\u00a0\u00a0 Basarabeasca pe trimestrul III al anului 2018.<\/strong><\/p>\n<p><em>\u00a0\u00a0\u00a0\u00a0 Raportor: Gheorghe Livi\u0163chi, secretar interimar al Consiliului raional<\/em><\/p>\n<ol start=\"8\">\n<li><strong> Cu privire la aprobarea unor dispozi\u0163ii ale pre\u015fedintelui raionului emise \u00een <\/strong><\/li>\n<\/ol>\n<p><strong>\u00a0\u00a0\u00a0 perioada dintre \u015fedin\u0163ele Consiliului raional.<\/strong><\/p>\n<p><em>\u00a0\u00a0\u00a0\u00a0 Raportor: Piotr Pu\u015fcari, pre\u015fedinte al raionului<\/em><\/p>\n<ol start=\"9\">\n<li><strong> Cu privire la aprobarea \u00een redac\u0163ie nou\u0103 a statelor de personal ale IMSP <\/strong><\/li>\n<\/ol>\n<p><strong>\u00a0\u00a0\u00a0\u00a0 Spitalul Raional Basarabeasca.<\/strong><\/p>\n<p><em>\u00a0\u00a0\u00a0\u00a0 Raportor: Andrei Mihailov, vicepre\u015fedinte al raionului pe probleme sociale<\/em><\/p>\n<p><em>\u00a0\u00a0\u00a0 Coraportor: Dorina Belous, director al IMSP Spitalul raional <\/em><\/p>\n<ol start=\"10\">\n<li><strong> Cu privire la unele modific\u0103ri \u00een decizia Consiliului raional nr. 01\/07 din 23 <\/strong><\/li>\n<\/ol>\n<p><strong>\u00a0\u00a0\u00a0 martie 2018 cu privire la salarizarea personalului de conducere din institu\u0163iile <\/strong><\/p>\n<p><strong>\u00a0\u00a0\u00a0 medicale din raion.<\/strong><\/p>\n<p><em>\u00a0\u00a0\u00a0 Raportor: Andrei Mihailov, vicepre\u015fedinte al raionului pe probleme sociale<\/em><\/p>\n<ol start=\"11\">\n<li><strong> Cu privire la operarea modific\u0103rilor \u015fi complet\u0103rilor \u00een unele decizii ale <\/strong><\/li>\n<\/ol>\n<p><strong>\u00a0\u00a0\u00a0\u00a0 Consiliului raional Basarabeasca. <\/strong><\/p>\n<p><em>\u00a0\u00a0\u00a0\u00a0 Raportor: Mihail Mart\u00eenov, \u015fef interimar al Direc\u0163iei asisten\u0163\u0103 social\u0103 \u015fi protec\u0163ie a <\/em><\/p>\n<p><em>\u00a0\u00a0\u00a0\u00a0\u00a0\u00a0\u00a0\u00a0\u00a0\u00a0\u00a0\u00a0\u00a0\u00a0\u00a0\u00a0\u00a0\u00a0\u00a0 familiei<\/em><\/p>\n<ol start=\"12\">\n<li><strong> Cu privire la aprobarea Regulamentului cu privire la gestionarea veniturilor <\/strong><\/li>\n<\/ol>\n<p><strong>\u00a0\u00a0\u00a0\u00a0\u00a0 colectate de institu\u0163iile publice finan\u0163ate de la bugetul raional. <\/strong><\/p>\n<p><em>\u00a0\u00a0\u00a0\u00a0\u00a0 Raportor: Maria Muntean, \u015fef adjunct al Direc\u0163iei finan\u0163e<\/em><\/p>\n<ol start=\"13\">\n<li><strong> Cu privire la corelarea bugetului raional pe anul curent cu Legea<\/strong><\/li>\n<\/ol>\n<p><strong>\u00a0\u00a0\u00a0\u00a0\u00a0\u00a0 <\/strong><strong>bugetului de stat pe anul 2018<\/strong><strong>.<\/strong><\/p>\n<p><strong>\u00a0\u00a0\u00a0 <\/strong><strong>\u00a0\u00a0\u00a0\u00a0<\/strong><em>Raportor:<\/em><em> Maria Muntean, \u015fef adjunct al Direc\u0163iei finan\u0163e<\/em><\/p>","protected":false},"excerpt":{"rendered":"<p>\u00cen conformitate cu art. 45 alin. (2) \u015fi alin. (3) al Legii nr. 436-XVI din 28 decembrie 2006 privind administra\u0163ia public\u0103 local\u0103, &nbsp; D I S P U N: \u00a0 \u00a0\u00a0\u00a0Se convoac\u0103 Consiliul Raional Basarabeasca \u00een \u015fedin\u0163\u0103 extraordinar\u0103 la 11 iulie 2018, ora 10.00, \u00een incinta Consiliului raional, etajul II cu urm\u0103torul proiect al\u00a0 ordinii [&hellip;]<\/p>\n","protected":false},"author":2,"featured_media":5380,"comment_status":"open","ping_status":"open","sticky":false,"template":"","format":"standard","meta":{"footnotes":""},"categories":[8],"tags":[],"class_list":["post-5667","post","type-post","status-publish","format-standard","has-post-thumbnail","hentry","category-anunturi"],"_links":{"self":[{"href":"https:\/\/basarabeasca.md\/ro\/wp-json\/wp\/v2\/posts\/5667","targetHints":{"allow":["GET"]}}],"collection":[{"href":"https:\/\/basarabeasca.md\/ro\/wp-json\/wp\/v2\/posts"}],"about":[{"href":"https:\/\/basarabeasca.md\/ro\/wp-json\/wp\/v2\/types\/post"}],"author":[{"embeddable":true,"href":"https:\/\/basarabeasca.md\/ro\/wp-json\/wp\/v2\/users\/2"}],"replies":[{"embeddable":true,"href":"https:\/\/basarabeasca.md\/ro\/wp-json\/wp\/v2\/comments?post=5667"}],"version-history":[{"count":3,"href":"https:\/\/basarabeasca.md\/ro\/wp-json\/wp\/v2\/posts\/5667\/revisions"}],"predecessor-version":[{"id":5671,"href":"https:\/\/basarabeasca.md\/ro\/wp-json\/wp\/v2\/posts\/5667\/revisions\/5671"}],"wp:featuredmedia":[{"embeddable":true,"href":"https:\/\/basarabeasca.md\/ro\/wp-json\/wp\/v2\/media\/5380"}],"wp:attachment":[{"href":"https:\/\/basarabeasca.md\/ro\/wp-json\/wp\/v2\/media?parent=5667"}],"wp:term":[{"taxonomy":"category","embeddable":true,"href":"https:\/\/basarabeasca.md\/ro\/wp-json\/wp\/v2\/categories?post=5667"},{"taxonomy":"post_tag","embeddable":true,"href":"https:\/\/basarabeasca.md\/ro\/wp-json\/wp\/v2\/tags?post=5667"}],"curies":[{"name":"wp","href":"https:\/\/api.w.org\/{rel}","templated":true}]}}