{"id":5521,"date":"2018-06-13T11:36:06","date_gmt":"2018-06-13T08:36:06","guid":{"rendered":"http:\/\/basarabeasca.md\/?p=5521"},"modified":"2018-06-13T11:36:06","modified_gmt":"2018-06-13T08:36:06","slug":"%d1%80%d1%83%d1%81%d1%81%d0%ba%d0%b8%d0%b9-%d0%be%d0%b1%d1%8a%d1%8f%d0%b2%d0%bb%d0%b5%d0%bd%d0%b8%d0%b5-%d0%be-%d1%81%d0%be%d0%b7%d1%8b%d0%b2%d0%b5-%d0%be%d1%87%d0%b5%d1%80%d0%b5%d0%b4%d0%bd%d0%be-3","status":"publish","type":"post","link":"https:\/\/basarabeasca.md\/ro\/2018\/06\/%d1%80%d1%83%d1%81%d1%81%d0%ba%d0%b8%d0%b9-%d0%be%d0%b1%d1%8a%d1%8f%d0%b2%d0%bb%d0%b5%d0%bd%d0%b8%d0%b5-%d0%be-%d1%81%d0%be%d0%b7%d1%8b%d0%b2%d0%b5-%d0%be%d1%87%d0%b5%d1%80%d0%b5%d0%b4%d0%bd%d0%be-3\/","title":{"rendered":"ANUN\u021a Cu privire la convocarea Consiliului Raional Basarabeasca \u00een \u015fedin\u0163\u0103 ordinar\u0103"},"content":{"rendered":"<p>&nbsp;<\/p>\n<p><strong>\u00a0<a href=\"http:\/\/basarabeasca.md\/wp-content\/uploads\/2018\/06\/File-4.pdf\">Disp nr.58 din 5 iunie Cu privire la convocarea Consiliului Raional Basarabeasca \u00een \u0219edin\u021b\u0103 ordinar\u0103\u00a0<\/a><\/strong><\/p>\n<p><strong>\u00a0\u00a0\u00a0\u00a0 <\/strong>Se convoac\u0103 Consiliul Raional Basarabeasca \u00een \u015fedin\u0163\u0103 ordinar\u0103 la 21 iunie 2018, ora 10.00, \u00een incinta Consiliului raional, etajul II, cu urm\u0103torul proiect al\u00a0 ordinii de zi (proiectul se anexeaz\u0103).<\/p>\n<p>&nbsp;<\/p>\n<p style=\"text-align: center;\"><strong>PROIECTUL ORDINEI DE ZI<\/strong><\/p>\n<p style=\"text-align: center;\"><strong>a \u015fedin\u0163ei ordinare a Consiliului Raional Basarabeasca din 21 iunie\u00a0 2018<\/strong><\/p>\n<p><strong>\u00a0<\/strong><\/p>\n<p><strong><u>Ora controlului:<\/u><\/strong><\/p>\n<ol start=\"2018\">\n<li><strong>a) Cu privire la totalizarea rezultatelor bilunarului ecologic desf\u0103\u015furat \u00een raion, \u00een prim\u0103vara anului 2018. <\/strong><\/li>\n<\/ol>\n<p><em>\u00a0\u00a0\u00a0\u00a0 Raportor: Vasile Guzun, vicepre\u015fedintele raionului pe probleme economice<\/em><\/p>\n<ol>\n<li><strong> Cu privire la executarea bugetului raional Basarabeasca pe anul 2017<\/strong><strong>.<\/strong><\/li>\n<\/ol>\n<p><em>\u00a0\u00a0\u00a0\u00a0 Raportor: Ina Manciu, \u015fef interimar al Direc\u0163iei finan\u0163e<\/em><\/p>\n<ol start=\"2\">\n<li><strong>Cu privire la modificarea bugetului raional pentru anul 2018 \u015fi alocarea <\/strong><\/li>\n<\/ol>\n<p><strong>\u00a0\u00a0\u00a0 mijloacelor financiare.<\/strong><\/p>\n<p><em>\u00a0\u00a0\u00a0\u00a0 Raportor: Ina Manciu, \u015fef interimar al Direc\u0163iei finan\u0163e<\/em><\/p>\n<ol start=\"3\">\n<li><strong>Cu privire la alocarea mijloacelor financiare din componenta raional\u0103.<\/strong><\/li>\n<\/ol>\n<p><em>\u00a0\u00a0\u00a0\u00a0 Raportor: Ecaterina Pascal, \u015fef interimar al Direc\u0163iei \u00eenv\u0103\u0163\u0103m\u00eent general<\/em><\/p>\n<ol start=\"4\">\n<li><strong> Cu privire la <\/strong><strong>m\u0103surile de<\/strong> <strong>preg\u0103tire a institu\u0163iilor educa\u0163ionale c\u0103tre noul <\/strong><\/li>\n<\/ol>\n<p><strong>\u00a0\u00a0\u00a0\u00a0 an de\u00a0 studii 2018-2019.<\/strong><\/p>\n<p><em>\u00a0\u00a0\u00a0\u00a0 Raportor: Ecaterina Pascal, \u015fef interimar al Direc\u0163iei \u00eenv\u0103\u0163\u0103m\u00eent general<\/em><\/p>\n<ol start=\"5\">\n<li><strong> Cu privire la reorganizarea unor institu\u0163ii de \u00eenv\u0103\u0163\u0103m\u00eent din raion.<\/strong><\/li>\n<\/ol>\n<p><em>\u00a0\u00a0\u00a0 Raportor: Ecaterina Pascal, \u015fef interimar al Direc\u0163iei \u00eenv\u0103\u0163\u0103m\u00eent general<\/em><\/p>\n<ol start=\"6\">\n<li><strong> Cu privire la executarea deciziilor Consiliului raional Basarabeasca, <\/strong><\/li>\n<\/ol>\n<p><strong>\u00a0\u00a0\u00a0\u00a0 adoptate \u00een semestrul II al anului 2017.<\/strong><\/p>\n<p><em>\u00a0\u00a0\u00a0\u00a0 Raportor: Gheorghe Livi\u0163chi, secretar interimar al Consiliului raional<\/em><\/p>\n<ol start=\"7\">\n<li><strong> Cu privire la aprobarea Programului de activitate al Consiliului Raional <\/strong><\/li>\n<\/ol>\n<p><strong>\u00a0\u00a0\u00a0\u00a0 Basarabeasca pe trimestrul III al anului 2018.<\/strong><\/p>\n<p><em>\u00a0\u00a0\u00a0\u00a0 Raportor: Gheorghe Livi\u0163chi, secretar interimar al Consiliului raional<\/em><\/p>\n<ol start=\"8\">\n<li><strong> Cu privire la aprobarea unor dispozi\u0163ii ale pre\u015fedintelui raionului emise \u00een <\/strong><\/li>\n<\/ol>\n<p><strong>\u00a0\u00a0\u00a0 perioada dintre \u015fedin\u0163ele Consiliului raional.<\/strong><\/p>\n<p><em>\u00a0\u00a0\u00a0\u00a0 Raportor: Piotr Pu\u015fcari, pre\u015fedinte al raionului<\/em><\/p>\n<ol start=\"9\">\n<li><strong> Cu privire la aprobarea \u00een redac\u0163ie nou\u0103 a statelor de personal ale IMSP <\/strong><\/li>\n<\/ol>\n<p><strong>\u00a0\u00a0\u00a0\u00a0 Spitalul Raional Basarabeasca.<\/strong><\/p>\n<p><em>\u00a0\u00a0\u00a0\u00a0 Raportor: Andrei Mihailov, vicepre\u015fedinte al raionului pe probleme sociale<\/em><\/p>\n<p><em>\u00a0\u00a0\u00a0 Coraportor: Dorina Belous, director al IMSP Spitalul raional <\/em><\/p>\n<ol start=\"10\">\n<li><strong> Cu privire la unele modific\u0103ri \u00een decizia Consiliului raional nr. 01\/07 din <\/strong><\/li>\n<\/ol>\n<p><strong>\u00a0\u00a0\u00a0\u00a0\u00a0 23 martie 2018 cu privire la salarizarea personalului de conducere din <\/strong><\/p>\n<p><strong>\u00a0\u00a0\u00a0\u00a0\u00a0 institu\u0163iile medicale din raion.<\/strong><\/p>\n<p><em>\u00a0\u00a0\u00a0 Raportor: Andrei Mihailov, vicepre\u015fedinte al raionului pe probleme sociale<\/em><\/p>\n<ol start=\"11\">\n<li><strong> Cu privire la operarea modific\u0103rilor \u015fi complet\u0103rilor \u00een unele decizii ale <\/strong><\/li>\n<\/ol>\n<p><strong>\u00a0\u00a0\u00a0\u00a0 Consiliului raional Basarabeasca. <\/strong><\/p>\n<p><em>\u00a0\u00a0\u00a0\u00a0 Raportor: Mihail Mart\u00eenov, \u015fef interimar al Direc\u0163iei asisten\u0163\u0103 social\u0103 \u015fi <\/em><\/p>\n<p><em>\u00a0\u00a0\u00a0\u00a0\u00a0\u00a0\u00a0\u00a0\u00a0\u00a0\u00a0\u00a0\u00a0\u00a0\u00a0\u00a0\u00a0\u00a0\u00a0 protec\u0163ie a familiei\u00a0\u00a0\u00a0\u00a0\u00a0\u00a0\u00a0\u00a0\u00a0\u00a0\u00a0\u00a0\u00a0\u00a0\u00a0\u00a0\u00a0 <\/em><\/p>\n<ol start=\"12\">\n<li><strong> Cu privire la aprobarea Regulamentului cu privire la gestionarea <\/strong><\/li>\n<\/ol>\n<p><strong>\u00a0\u00a0\u00a0\u00a0 veniturilor colectate de institu\u0163iile publice finan\u0163ate de la bugetul raional. <\/strong><\/p>\n<p><em>\u00a0\u00a0\u00a0\u00a0\u00a0 Raportor: Ina Manciu, \u015fef interimar al Direc\u0163iei finan\u0163e<\/em><\/p>\n<p>&nbsp;<\/p>\n<p>&nbsp;<\/p>\n<p>&nbsp;<\/p>\n<p>&nbsp;<\/p>\n<p>&nbsp;<\/p>\n<p>&nbsp;<\/p>\n<p>&nbsp;<\/p>\n<p>&nbsp;<\/p>\n<p>&nbsp;<\/p>\n<p>&nbsp;<\/p>\n<p>&nbsp;<\/p>\n<p>&nbsp;<\/p>\n<p>&nbsp;<\/p>","protected":false},"excerpt":{"rendered":"<p>&nbsp; \u00a0Disp nr.58 din 5 iunie Cu privire la convocarea Consiliului Raional Basarabeasca \u00een \u0219edin\u021b\u0103 ordinar\u0103\u00a0 \u00a0\u00a0\u00a0\u00a0 Se convoac\u0103 Consiliul Raional Basarabeasca \u00een \u015fedin\u0163\u0103 ordinar\u0103 la 21 iunie 2018, ora 10.00, \u00een incinta Consiliului raional, etajul II, cu urm\u0103torul proiect al\u00a0 ordinii de zi (proiectul se anexeaz\u0103). &nbsp; PROIECTUL ORDINEI DE ZI a \u015fedin\u0163ei ordinare [&hellip;]<\/p>\n","protected":false},"author":2,"featured_media":5523,"comment_status":"open","ping_status":"open","sticky":false,"template":"","format":"standard","meta":{"footnotes":""},"categories":[8],"tags":[],"class_list":["post-5521","post","type-post","status-publish","format-standard","has-post-thumbnail","hentry","category-anunturi"],"_links":{"self":[{"href":"https:\/\/basarabeasca.md\/ro\/wp-json\/wp\/v2\/posts\/5521","targetHints":{"allow":["GET"]}}],"collection":[{"href":"https:\/\/basarabeasca.md\/ro\/wp-json\/wp\/v2\/posts"}],"about":[{"href":"https:\/\/basarabeasca.md\/ro\/wp-json\/wp\/v2\/types\/post"}],"author":[{"embeddable":true,"href":"https:\/\/basarabeasca.md\/ro\/wp-json\/wp\/v2\/users\/2"}],"replies":[{"embeddable":true,"href":"https:\/\/basarabeasca.md\/ro\/wp-json\/wp\/v2\/comments?post=5521"}],"version-history":[{"count":1,"href":"https:\/\/basarabeasca.md\/ro\/wp-json\/wp\/v2\/posts\/5521\/revisions"}],"predecessor-version":[{"id":5524,"href":"https:\/\/basarabeasca.md\/ro\/wp-json\/wp\/v2\/posts\/5521\/revisions\/5524"}],"wp:featuredmedia":[{"embeddable":true,"href":"https:\/\/basarabeasca.md\/ro\/wp-json\/wp\/v2\/media\/5523"}],"wp:attachment":[{"href":"https:\/\/basarabeasca.md\/ro\/wp-json\/wp\/v2\/media?parent=5521"}],"wp:term":[{"taxonomy":"category","embeddable":true,"href":"https:\/\/basarabeasca.md\/ro\/wp-json\/wp\/v2\/categories?post=5521"},{"taxonomy":"post_tag","embeddable":true,"href":"https:\/\/basarabeasca.md\/ro\/wp-json\/wp\/v2\/tags?post=5521"}],"curies":[{"name":"wp","href":"https:\/\/api.w.org\/{rel}","templated":true}]}}