{"id":5377,"date":"2018-05-16T16:04:54","date_gmt":"2018-05-16T13:04:54","guid":{"rendered":"http:\/\/basarabeasca.md\/?p=5377"},"modified":"2018-05-16T16:04:54","modified_gmt":"2018-05-16T13:04:54","slug":"%d1%80%d1%83%d1%81%d1%81%d0%ba%d0%b8%d0%b9-%d0%be%d0%b1%d1%8a%d1%8f%d0%b2%d0%bb%d0%b5%d0%bd%d0%b8%d0%b5-%d0%b4%d0%bb%d1%8f-%d0%b6%d0%b8%d1%82%d0%b5%d0%bb%d0%b5%d0%b9-%d1%80%d0%b0%d0%b9%d0%be%d0%bd-3","status":"publish","type":"post","link":"https:\/\/basarabeasca.md\/ro\/2018\/05\/%d1%80%d1%83%d1%81%d1%81%d0%ba%d0%b8%d0%b9-%d0%be%d0%b1%d1%8a%d1%8f%d0%b2%d0%bb%d0%b5%d0%bd%d0%b8%d0%b5-%d0%b4%d0%bb%d1%8f-%d0%b6%d0%b8%d1%82%d0%b5%d0%bb%d0%b5%d0%b9-%d1%80%d0%b0%d0%b9%d0%be%d0%bd-3\/","title":{"rendered":"Anun\u021b\u0103m cet\u0103\u021benilor raionului"},"content":{"rendered":"<p><span style=\"font-family: 'Georgia',serif; color: #333333;\">Despre faptul c\u0103 \u00een contextul pct. 2 din Hot\u0103r\u00eerea Guvernului nr.368 din 18.04.2018 \u201d<em><span style=\"font-family: 'Georgia',serif;\">Privind stabilirea zilei de audien\u0163\u0103 \u015fi de \u00eent\u00eelnire a membrilor Guvernului \u015fi a conduc\u0103torilor autorit\u0103\u0163ilor administrative centrale cu cet\u0103\u0163enii,, ,<\/span><\/em><span class=\"apple-converted-space\"><i>\u00a0<\/i><\/span>la data de<span class=\"apple-converted-space\">\u00a0<\/span><em><b><span style=\"font-family: 'Georgia',serif;\">18 mai 2018<\/span><\/b><\/em>\u00a0ora<span class=\"apple-converted-space\">\u00a0<\/span><strong><span style=\"font-family: 'Georgia',serif;\">10-00<\/span><\/strong>\u00a0urmeaz\u0103 s\u0103 fie efectuat\u0103 vizita la lucru a dl. <strong>Chiril GABURICI<\/strong>, ministrul al economiei \u0219i infrastructuri al Republica Moldova.<\/span><\/p>\n<p>&nbsp;<\/p>","protected":false},"excerpt":{"rendered":"<p>Despre faptul c\u0103 \u00een contextul pct. 2 din Hot\u0103r\u00eerea Guvernului nr.368 din 18.04.2018 \u201dPrivind stabilirea zilei de audien\u0163\u0103 \u015fi de \u00eent\u00eelnire a membrilor Guvernului \u015fi a conduc\u0103torilor autorit\u0103\u0163ilor administrative centrale cu cet\u0103\u0163enii,, ,\u00a0la data de\u00a018 mai 2018\u00a0ora\u00a010-00\u00a0urmeaz\u0103 s\u0103 fie efectuat\u0103 vizita la lucru a dl. Chiril GABURICI, ministrul al economiei \u0219i infrastructuri al Republica Moldova. [&hellip;]<\/p>\n","protected":false},"author":2,"featured_media":5380,"comment_status":"open","ping_status":"open","sticky":false,"template":"","format":"standard","meta":{"footnotes":""},"categories":[8],"tags":[],"class_list":["post-5377","post","type-post","status-publish","format-standard","has-post-thumbnail","hentry","category-anunturi"],"_links":{"self":[{"href":"https:\/\/basarabeasca.md\/ro\/wp-json\/wp\/v2\/posts\/5377","targetHints":{"allow":["GET"]}}],"collection":[{"href":"https:\/\/basarabeasca.md\/ro\/wp-json\/wp\/v2\/posts"}],"about":[{"href":"https:\/\/basarabeasca.md\/ro\/wp-json\/wp\/v2\/types\/post"}],"author":[{"embeddable":true,"href":"https:\/\/basarabeasca.md\/ro\/wp-json\/wp\/v2\/users\/2"}],"replies":[{"embeddable":true,"href":"https:\/\/basarabeasca.md\/ro\/wp-json\/wp\/v2\/comments?post=5377"}],"version-history":[{"count":1,"href":"https:\/\/basarabeasca.md\/ro\/wp-json\/wp\/v2\/posts\/5377\/revisions"}],"predecessor-version":[{"id":5381,"href":"https:\/\/basarabeasca.md\/ro\/wp-json\/wp\/v2\/posts\/5377\/revisions\/5381"}],"wp:featuredmedia":[{"embeddable":true,"href":"https:\/\/basarabeasca.md\/ro\/wp-json\/wp\/v2\/media\/5380"}],"wp:attachment":[{"href":"https:\/\/basarabeasca.md\/ro\/wp-json\/wp\/v2\/media?parent=5377"}],"wp:term":[{"taxonomy":"category","embeddable":true,"href":"https:\/\/basarabeasca.md\/ro\/wp-json\/wp\/v2\/categories?post=5377"},{"taxonomy":"post_tag","embeddable":true,"href":"https:\/\/basarabeasca.md\/ro\/wp-json\/wp\/v2\/tags?post=5377"}],"curies":[{"name":"wp","href":"https:\/\/api.w.org\/{rel}","templated":true}]}}