{"id":5102,"date":"2018-03-14T16:27:09","date_gmt":"2018-03-14T14:27:09","guid":{"rendered":"http:\/\/basarabeasca.md\/?p=5102"},"modified":"2018-03-15T15:41:15","modified_gmt":"2018-03-15T13:41:15","slug":"%d1%80%d1%83%d1%81%d1%81%d0%ba%d0%b8%d0%b9-%d0%be%d0%b1%d1%8a%d1%8f%d0%b2%d0%bb%d0%b5%d0%bd%d0%b8%d0%b5-%d0%be-%d1%81%d0%be%d0%b7%d1%8b%d0%b2%d0%b5-%d0%be%d1%87%d0%b5%d1%80%d0%b5%d0%b4%d0%bd%d0%be-2","status":"publish","type":"post","link":"https:\/\/basarabeasca.md\/ro\/2018\/03\/%d1%80%d1%83%d1%81%d1%81%d0%ba%d0%b8%d0%b9-%d0%be%d0%b1%d1%8a%d1%8f%d0%b2%d0%bb%d0%b5%d0%bd%d0%b8%d0%b5-%d0%be-%d1%81%d0%be%d0%b7%d1%8b%d0%b2%d0%b5-%d0%be%d1%87%d0%b5%d1%80%d0%b5%d0%b4%d0%bd%d0%be-2\/","title":{"rendered":"ANUN\u021a Cu privire la convocarea Consiliului Raional Basarabeasca \u00een \u015fedin\u0163\u0103 ordinar\u0103"},"content":{"rendered":"<p>&nbsp;<\/p>\n<p><strong>\u00a0<\/strong><\/p>\n<p><strong>\u00a0\u00a0\u00a0\u00a0 <\/strong>Se convoac\u0103 Consiliul Raional Basarabeasca \u00een \u015fedin\u0163\u0103 ordinar\u0103 la 23 martie 2018, ora 10.00, \u00een incinta Consiliului raional, etajul II, cu urm\u0103torul proiect al\u00a0 ordinii de zi (proiectul se anexeaz\u0103).<\/p>\n<p style=\"text-align: center;\"><strong>Proiectul ordinei de zi<\/strong><\/p>\n<p style=\"text-align: center;\"><strong>a \u015fedin\u0163ei ordinare a Consiliului Raional Basarabeasca<\/strong><\/p>\n<p style=\"text-align: center;\"><strong>din 23\u00a0 martie\u00a0 201<\/strong><strong>8<\/strong><\/p>\n<p><strong>\u00a0<\/strong><\/p>\n<p><strong>Ora controlului:<\/strong><\/p>\n<ol>\n<li><strong>a) Cu privire la audierea <\/strong><strong>raportului anual privind activitatea economico-<\/strong><\/li>\n<\/ol>\n<p><strong>financiar\u0103 a institu\u0163iilor medicale din raion, fondate de Consiliul raional.<\/strong><\/p>\n<p><em>Raportori: Dorina Belous, director al IMSP Spitalul raional<\/em><\/p>\n<p><em>\u00a0\u00a0\u00a0\u00a0\u00a0\u00a0\u00a0\u00a0\u00a0\u00a0\u00a0\u00a0\u00a0\u00a0\u00a0\u00a0 Natalia Arnaut, \u015fef al IMSP <\/em><em>Centrul de S\u0103n\u0103tate Basarabeasca<\/em><\/p>\n<p><em>\u00a0\u00a0\u00a0\u00a0\u00a0\u00a0\u00a0\u00a0\u00a0\u00a0\u00a0\u00a0\u00a0\u00a0\u00a0\u00a0 Vladimir Diacov, \u015fef al IMSP Centrul de S\u0103n\u0103tate Ba\u015fcalia<\/em><\/p>\n<p><em>\u00a0\u00a0\u00a0\u00a0\u00a0\u00a0\u00a0\u00a0\u00a0\u00a0\u00a0\u00a0\u00a0\u00a0\u00a0\u00a0 Svetlana Niculi\u0163a, \u015fef al IMSP Centrul de S\u0103n\u0103tate Sadaclia<\/em><\/p>\n<p><em>\u00a0\u00a0\u00a0\u00a0\u00a0\u00a0\u00a0\u00a0\u00a0\u00a0\u00a0\u00a0\u00a0\u00a0\u00a0\u00a0 Gheorghe Str\u0103til\u0103, director al <\/em><em>\u00ceM Centrul Stomatologic Raional <\/em><\/p>\n<p><em>\u00a0\u00a0\u00a0\u00a0\u00a0\u00a0\u00a0\u00a0\u00a0\u00a0\u00a0\u00a0\u00a0\u00a0\u00a0\u00a0 Basarabeasca<\/em><\/p>\n<p><em>\u00a0\u00a0\u00a0\u00a0\u00a0\u00a0\u00a0\u00a0\u00a0\u00a0\u00a0\u00a0\u00a0\u00a0\u00a0 <\/em><\/p>\n<ol>\n<li><strong>b<em>)<\/em><\/strong> <strong>Cu privire la mersul realiz\u0103rii Programului de dezvoltare a <\/strong><\/li>\n<\/ol>\n<p><strong>\u00a0\u00eenv\u0103\u0163\u0103m\u00eentului \u00een raionul Basarabeasca aprobat pentru anii 2015-2020.<\/strong><\/p>\n<p><em>Raportor: Ecaterina Pascal, \u015fef interimar al Direc\u0163iei \u00eenv\u0103\u0163\u0103m\u00eent general <\/em><\/p>\n<p><em>\u00a0\u00a0\u00a0\u00a0\u00a0\u00a0\u00a0\u00a0\u00a0\u00a0\u00a0\u00a0\u00a0\u00a0 Basarabeasca<\/em><\/p>\n<p>&nbsp;<\/p>\n<ol>\n<li><strong>Cu privire la executarea bugetului raional Basarabeasca pe anul 2017.<\/strong><\/li>\n<\/ol>\n<p><em>\u00a0\u00a0\u00a0 Raportor: Ina Manciu, \u015fef interimar al Direc\u0163iei\u00a0 finan\u0163e<\/em><\/p>\n<p><em>\u00a0<\/em><\/p>\n<ol start=\"2\">\n<li><strong>Cu privire la aprobarea Programului de activitate al Consiliului Raional <\/strong><\/li>\n<\/ol>\n<p><strong>\u00a0\u00a0\u00a0 Basarabeasca pe trimestrul II al anului 2018.<\/strong><\/p>\n<p><em>\u00a0\u00a0\u00a0 Raportor: Gheorghe Livi\u0163chi, secretar al Consiliului raional<\/em><\/p>\n<p>&nbsp;<\/p>\n<ol start=\"3\">\n<li><strong> Cu privire la aprobarea Planului local anticorup\u0163ie pentru anii 2018-<\/strong><\/li>\n<\/ol>\n<p><strong>\u00a0\u00a0\u00a0\u00a0\u00a0 2020.<\/strong><\/p>\n<p><em>\u00a0\u00a0 Raportor: Gheorghe Livi\u0163chi, secretar al Consiliului raional<\/em><\/p>\n<p><em>\u00a0<\/em><\/p>\n<ol start=\"4\">\n<li><strong> 4<\/strong><strong>. Cu privire la aprobarea Planului de integritate pentru \u00eentreprinderile <\/strong><\/li>\n<\/ol>\n<p><strong>\u00a0\u00a0\u00a0\u00a0\u00a0 municipale, fondate de Consiliul raional.<\/strong><\/p>\n<p><em>\u00a0\u00a0 Raportor: Gheorghe Livi\u0163chi, secretar al Consiliului raional<\/em><\/p>\n<p>&nbsp;<\/p>\n<ol start=\"5\">\n<li><strong> Cu privire la \u00eencorporarea, \u00een aprilie-iulie 2018, \u00een r\u00eendurile <\/strong><\/li>\n<\/ol>\n<p><strong>\u00a0\u00a0 \u00a0For\u0163elor Armate <\/strong><strong>\u015fi \u00een Serviciul Civil (de alternativ\u0103) <\/strong><strong>ale Republicii\u00a0 <\/strong><\/p>\n<p><strong>\u00a0\u00a0\u00a0 Moldova, a\u00a0 cet\u0103\u0163enilor\u00a0 n\u0103scu\u0163i \u00een anii 1991-2000.<\/strong><\/p>\n<p><em>\u00a0\u00a0\u00a0 Raportor: Vitali Aculov, specialist superior al Sec\u0163iei administrativ-militare <\/em><\/p>\n<p><em>\u00a0<\/em><\/p>\n<ol start=\"6\">\n<li><strong>6<\/strong><strong>. Cu privire la aprobarea statelor de personal ale institu\u0163iilor medicale <\/strong><\/li>\n<\/ol>\n<p><strong>\u00a0\u00a0\u00a0\u00a0\u00a0\u00a0\u00a0 din\u00a0\u00a0 raion.<\/strong><\/p>\n<p><strong>\u00a0\u00a0\u00a0\u00a0\u00a0\u00a0\u00a0 <\/strong><em>Raportor: Andrei Mihailov, vicepre\u015fedintele raionului pe probleme sociale<\/em><\/p>\n<p><em>\u00a0\u00a0\u00a0 <\/em>\u00a0\u00a0\u00a0\u00a0<em>Coraportori: Conduc\u0103torii institu\u0163iilor medico-sanitare publice din raion<\/em><\/p>\n<p><strong>\u00a0<\/strong><\/p>\n<p><strong>\u00a0<\/strong><\/p>\n<ol start=\"7\">\n<li><strong>7<\/strong><strong>. Cu privire la salarizarea personalului de conducere din institu\u0163iile <\/strong><\/li>\n<\/ol>\n<p><strong>\u00a0\u00a0\u00a0\u00a0\u00a0\u00a0\u00a0 medicale pentru anul 2018.<\/strong><\/p>\n<p><em>\u00a0\u00a0\u00a0\u00a0\u00a0\u00a0\u00a0 Raportor: Andrei Mihailov, vicepre\u015fedintele raionului pe probleme sociale<\/em><\/p>\n<p><strong>\u00a0<\/strong><\/p>\n<ol start=\"8\">\n<li><strong>8<\/strong><strong>. Cu privire la casarea unor mijloace fixe \u015fi a unor datorii creditoare <\/strong><\/li>\n<\/ol>\n<p><strong>\u00a0\u00a0\u00a0 aflate la balan\u0163a Consiliului raional Basarabeasca.<\/strong><\/p>\n<p><em>\u00a0\u00a0\u00a0 Raportor: Silvia Niculi\u0163a, contabil-\u015fef \u00een cadrul Aparatului pre\u015fedintelui <\/em><\/p>\n<p><em>\u00a0\u00a0\u00a0\u00a0\u00a0\u00a0\u00a0\u00a0\u00a0\u00a0\u00a0\u00a0\u00a0\u00a0\u00a0\u00a0\u00a0\u00a0\u00a0\u00a0\u00a0\u00a0 raionului<\/em><\/p>\n<p><strong>\u00a0<\/strong><\/p>\n<ol start=\"9\">\n<li><strong>Cu privire la organizarea odihnei de var\u0103 a copiilor \u00een anul 2018.<\/strong><\/li>\n<\/ol>\n<p><em>\u00a0\u00a0\u00a0 Raportor: <\/em><em>Ecaterina Pascal, \u015fef interimar al Direc\u0163iei \u00eenv\u0103\u0163\u0103m\u00eent general<\/em><\/p>\n<p><strong>\u00a0<\/strong><\/p>\n<ol start=\"10\">\n<li><strong>Cu privire la repartizarea mijloacelor financiare din componenta <\/strong><\/li>\n<\/ol>\n<p><strong>\u00a0\u00a0\u00a0\u00a0\u00a0\u00a0 raional\u0103.<\/strong><\/p>\n<p><em>\u00a0\u00a0\u00a0 Raportor: <\/em><em>Ecaterina Pascal, \u015fef interimar al Direc\u0163iei \u00eenv\u0103\u0163\u0103m\u00eent general<\/em><\/p>\n<p><strong>\u00a0<\/strong><\/p>\n<ol start=\"11\">\n<li><strong> 1<\/strong><strong>1<\/strong><strong>. Cu privire la aprobarea \u00een redac\u0163ie nou\u0103 a Regulamentului cu privire <\/strong><\/li>\n<\/ol>\n<p><strong>\u00a0\u00a0\u00a0\u00a0\u00a0\u00a0\u00a0\u00a0 la organizarea \u015fi func\u0163ionarea Serviciului social \u201eCasa de copii de tip <\/strong><\/p>\n<p><strong>\u00a0\u00a0\u00a0\u00a0\u00a0\u00a0\u00a0\u00a0 familial\u201d \u015fi a standartelor minime de calitate.<\/strong><\/p>\n<p><em>\u00a0\u00a0\u00a0\u00a0\u00a0\u00a0\u00a0 Raportor: Mihail Mart\u00eenov, \u015fef interimar al Direc\u0163iei asisten\u0163\u0103 social\u0103 \u015fi <\/em><\/p>\n<p><em>\u00a0\u00a0\u00a0\u00a0\u00a0\u00a0\u00a0\u00a0\u00a0\u00a0\u00a0\u00a0\u00a0\u00a0\u00a0\u00a0\u00a0\u00a0\u00a0\u00a0\u00a0\u00a0\u00a0 protec\u0163ie a familiei<\/em><\/p>\n<p><em>\u00a0<\/em><\/p>\n<ol start=\"12\">\n<li><strong>1<\/strong><strong>2<\/strong><strong>. Cu privire la unele complet\u0103ri \u00een Regulamentul Serviciului de \u00eengrijire <\/strong><\/li>\n<\/ol>\n<p><strong>\u00a0\u00a0\u00a0\u00a0\u00a0 social\u0103 la domiciliu.<\/strong><\/p>\n<p><em>\u00a0\u00a0\u00a0\u00a0\u00a0\u00a0\u00a0 Raportor: Mihail Mart\u00eenov, \u015fef interimar al Direc\u0163iei asisten\u0163\u0103 social\u0103 \u015fi <\/em><\/p>\n<p><em>\u00a0\u00a0\u00a0\u00a0\u00a0\u00a0\u00a0\u00a0\u00a0\u00a0\u00a0\u00a0\u00a0\u00a0\u00a0\u00a0\u00a0\u00a0 \u00a0\u00a0\u00a0\u00a0\u00a0protec\u0163ie a familiei<\/em><\/p>\n<p><strong>\u00a0<\/strong><\/p>\n<ol start=\"13\">\n<li><strong>1<\/strong><strong>3<\/strong><strong>. Cu privire la aprobarea unor dispozi\u0163ii cu caracter financiar emise de <\/strong><\/li>\n<\/ol>\n<p><strong>\u00a0\u00a0\u00a0\u00a0\u00a0 pre\u015fedintele raionului.<\/strong><\/p>\n<p><em>\u00a0\u00a0\u00a0\u00a0\u00a0 Raportor: Piotr Pu\u015fcari, pre\u015fedintele raionului<\/em><\/p>\n<p><strong>\u00a0<\/strong><\/p>\n<ol start=\"14\">\n<li><strong> 1<\/strong><strong>4<\/strong><strong>. Cu privire la organizarea \u015fi desf\u0103\u015furarea ac\u0163iunilor de salubrizare \u015fi <\/strong><\/li>\n<\/ol>\n<p><strong>\u00a0\u00a0\u00a0\u00a0 \u00a0amenajare a localit\u0103\u0163ilor.<\/strong><\/p>\n<p><em>\u00a0\u00a0\u00a0\u00a0\u00a0\u00a0 \u00a0\u00a0Raportor: Veaceslav Lupa\u015fcu, \u015fef al Serviciului\u00a0 Inspec\u0163iei ecologice\u00a0 <\/em><\/p>\n<p><strong>\u00a0<\/strong><\/p>\n<ol start=\"15\">\n<li><strong> 1<\/strong><strong>5<\/strong><strong>. Cu privire la modificarea termenului de realizare a Planului de ac\u0163iuni <\/strong><\/li>\n<\/ol>\n<p><strong>\u00a0\u00a0\u00a0\u00a0\u00a0\u00a0\u00a0\u00a0 privind implementarea\u00a0 Strategiei integrate <\/strong><strong>de dezvoltare durabil\u0103 pentru <\/strong><\/p>\n<p><strong>\u00a0\u00a0\u00a0\u00a0\u00a0\u00a0\u00a0\u00a0 anii 2018-2020.<\/strong><\/p>\n<p><em>\u00a0\u00a0\u00a0\u00a0\u00a0\u00a0\u00a0\u00a0 Raportor: Vasile Guzun, vicepre\u015fwedinte al raionului pe probleme\u00a0 <\/em><\/p>\n<p><em>\u00a0\u00a0\u00a0\u00a0\u00a0\u00a0\u00a0\u00a0\u00a0\u00a0\u00a0\u00a0\u00a0\u00a0\u00a0\u00a0\u00a0\u00a0\u00a0\u00a0\u00a0\u00a0\u00a0\u00a0\u00a0 economice<\/em><\/p>\n<p><em>\u00a0\u00a0\u00a0\u00a0\u00a0\u00a0\u00a0\u00a0 Coraportor: Andrei Chircov, \u015fef al Sec\u0163iei economie<\/em><\/p>\n<p><strong>\u00a0<\/strong><\/p>\n<ol start=\"16\">\n<li><strong> 1<\/strong><strong>6<\/strong><strong>. Cu privire la alocarea mijloacelor financiare.<\/strong><\/li>\n<\/ol>\n<p><em>\u00a0\u00a0\u00a0\u00a0\u00a0\u00a0 <\/em><em>Raportor: <\/em><em>Ina Manciu, \u015fef interimar al Direc\u0163iei finan\u0163e<\/em><\/p>\n<p><em>\u00a0<\/em><\/p>\n<p><em>\u00a0<\/em><\/p>\n<p>&nbsp;<\/p>\n<p>&nbsp;<\/p>\n<p>&nbsp;<\/p>\n<p>&nbsp;<\/p>\n<p>&nbsp;<\/p>\n<p>&nbsp;<\/p>\n<p>&nbsp;<\/p>\n<p>&nbsp;<\/p>\n<p>&nbsp;<\/p>\n<p>&nbsp;<\/p>\n<p><em>\u00a0<\/em><\/p>\n<p><em>\u00a0<\/em><\/p>\n<p><em>\u00a0<\/em><\/p>\n<p>&nbsp;<\/p>\n<p>&nbsp;<\/p>\n<p>&nbsp;<\/p>\n<p>&nbsp;<\/p>\n<p>&nbsp;<\/p>\n<p>&nbsp;<\/p>\n<p>&nbsp;<\/p>\n<p>&nbsp;<\/p>\n<p>&nbsp;<\/p>\n<p>&nbsp;<\/p>\n<p>&nbsp;<\/p>\n<p>&nbsp;<\/p>\n<p>&nbsp;<\/p>\n<p>&nbsp;<\/p>\n<p>&nbsp;<\/p>\n<p>&nbsp;<\/p>","protected":false},"excerpt":{"rendered":"<p>&nbsp; \u00a0 \u00a0\u00a0\u00a0\u00a0 Se convoac\u0103 Consiliul Raional Basarabeasca \u00een \u015fedin\u0163\u0103 ordinar\u0103 la 23 martie 2018, ora 10.00, \u00een incinta Consiliului raional, etajul II, cu urm\u0103torul proiect al\u00a0 ordinii de zi (proiectul se anexeaz\u0103). Proiectul ordinei de zi a \u015fedin\u0163ei ordinare a Consiliului Raional Basarabeasca din 23\u00a0 martie\u00a0 2018 \u00a0 Ora controlului: a) Cu privire la [&hellip;]<\/p>\n","protected":false},"author":2,"featured_media":4676,"comment_status":"open","ping_status":"open","sticky":false,"template":"","format":"standard","meta":{"footnotes":""},"categories":[8],"tags":[],"class_list":["post-5102","post","type-post","status-publish","format-standard","has-post-thumbnail","hentry","category-anunturi"],"_links":{"self":[{"href":"https:\/\/basarabeasca.md\/ro\/wp-json\/wp\/v2\/posts\/5102","targetHints":{"allow":["GET"]}}],"collection":[{"href":"https:\/\/basarabeasca.md\/ro\/wp-json\/wp\/v2\/posts"}],"about":[{"href":"https:\/\/basarabeasca.md\/ro\/wp-json\/wp\/v2\/types\/post"}],"author":[{"embeddable":true,"href":"https:\/\/basarabeasca.md\/ro\/wp-json\/wp\/v2\/users\/2"}],"replies":[{"embeddable":true,"href":"https:\/\/basarabeasca.md\/ro\/wp-json\/wp\/v2\/comments?post=5102"}],"version-history":[{"count":2,"href":"https:\/\/basarabeasca.md\/ro\/wp-json\/wp\/v2\/posts\/5102\/revisions"}],"predecessor-version":[{"id":5104,"href":"https:\/\/basarabeasca.md\/ro\/wp-json\/wp\/v2\/posts\/5102\/revisions\/5104"}],"wp:featuredmedia":[{"embeddable":true,"href":"https:\/\/basarabeasca.md\/ro\/wp-json\/wp\/v2\/media\/4676"}],"wp:attachment":[{"href":"https:\/\/basarabeasca.md\/ro\/wp-json\/wp\/v2\/media?parent=5102"}],"wp:term":[{"taxonomy":"category","embeddable":true,"href":"https:\/\/basarabeasca.md\/ro\/wp-json\/wp\/v2\/categories?post=5102"},{"taxonomy":"post_tag","embeddable":true,"href":"https:\/\/basarabeasca.md\/ro\/wp-json\/wp\/v2\/tags?post=5102"}],"curies":[{"name":"wp","href":"https:\/\/api.w.org\/{rel}","templated":true}]}}