{"id":4228,"date":"2017-12-11T14:25:48","date_gmt":"2017-12-11T12:25:48","guid":{"rendered":"http:\/\/basarabeasca.md\/?p=4228"},"modified":"2017-12-11T14:26:04","modified_gmt":"2017-12-11T12:26:04","slug":"%d1%80%d1%83%d1%81%d1%81%d0%ba%d0%b8%d0%b9-%d0%be%d0%b1%d1%8a%d1%8f%d0%b2%d0%bb%d0%b5%d0%bd%d0%b8%d0%b5-%d0%be-%d1%81%d0%be%d0%b7%d1%8b%d0%b2%d0%b5-%d0%be%d1%87%d0%b5%d1%80%d0%b5%d0%b4%d0%bd%d0%be","status":"publish","type":"post","link":"https:\/\/basarabeasca.md\/ro\/2017\/12\/%d1%80%d1%83%d1%81%d1%81%d0%ba%d0%b8%d0%b9-%d0%be%d0%b1%d1%8a%d1%8f%d0%b2%d0%bb%d0%b5%d0%bd%d0%b8%d0%b5-%d0%be-%d1%81%d0%be%d0%b7%d1%8b%d0%b2%d0%b5-%d0%be%d1%87%d0%b5%d1%80%d0%b5%d0%b4%d0%bd%d0%be\/","title":{"rendered":"ANUN\u021a Cu privire la convocarea Consiliului  Raional Basarabeasca \u00een \u015fedin\u0163\u0103 ordinar\u0103"},"content":{"rendered":"<p>&nbsp;<\/p>\n<p>&nbsp;<\/p>\n<p>\u00cen conformitate cu art. 45 alin. (3) al Legii nr. 436-XVI din 28 decembrie 2006 privind administra\u0163ia public\u0103 local\u0103,<\/p>\n<p>&nbsp;<\/p>\n<p><strong>D I S P U N:<\/strong><\/p>\n<p><strong>\u00a0<\/strong><\/p>\n<p><strong>\u00a0\u00a0\u00a0\u00a0 <\/strong>Se convoac\u0103 Consiliul Raional Basarabeasca \u00een \u015fedin\u0163\u0103 ordinar\u0103 la 21 decembrie 2017, ora 10.00, \u00een incinta Consiliului raional, etajul II, cu urm\u0103torul proiect al\u00a0 ordinii de zi (proiectul se anexeaz\u0103).<\/p>\n<p>&nbsp;<\/p>\n<p>Pre\u015fedintele<\/p>\n<p>raionului Basarabeasca\u00a0\u00a0\u00a0\u00a0\u00a0\u00a0\u00a0\u00a0\u00a0\u00a0\u00a0\u00a0\u00a0\u00a0\u00a0\u00a0\u00a0\u00a0\u00a0\u00a0\u00a0\u00a0\u00a0\u00a0\u00a0\u00a0\u00a0\u00a0\u00a0\u00a0\u00a0\u00a0\u00a0\u00a0\u00a0\u00a0\u00a0\u00a0\u00a0\u00a0\u00a0\u00a0\u00a0\u00a0\u00a0\u00a0\u00a0\u00a0 Piotr PU\u015eCARI<\/p>\n<p>&nbsp;<\/p>\n<p>&nbsp;<\/p>\n<p>&nbsp;<\/p>\n<p><strong>PROIECTUL ORDINII DE ZI<\/strong><\/p>\n<p><strong>a \u015fedin\u0163ei ordinare a Consiliului Raional Basarabeasca<\/strong><\/p>\n<p><strong>din 2<\/strong><strong>1<\/strong><strong> decembrie\u00a0 201<\/strong><strong>7<\/strong><\/p>\n<p><strong>\u00a0<\/strong><\/p>\n<ol>\n<li><strong> Cu privire la executarea bugetului raional pe 9 luni ale anului 2017.<\/strong><\/li>\n<\/ol>\n<p><em>\u00a0\u00a0\u00a0 Raportor: Ina Manciu, \u015fef interimar al Direc\u0163iei finan\u0163e<\/em><\/p>\n<ol start=\"2\">\n<li><strong> Cu privire la aprobarea, \u00een prima lectur\u0103, a bugetului raional <\/strong><\/li>\n<\/ol>\n<p><strong>\u00a0\u00a0\u00a0 Basarabeasca pe anul 2018.<\/strong><\/p>\n<p><em>\u00a0\u00a0\u00a0 Raportor: Piotr Pu\u015fcari, pre\u015fedintele raionului Basarabeasca<\/em><\/p>\n<ol start=\"3\">\n<li><strong> Cu privire la aprobarea, \u00een lectura a doua, a bugetului raional <\/strong><\/li>\n<\/ol>\n<p><strong>\u00a0\u00a0\u00a0 Basarabeasca pe\u00a0 anul 2018.<\/strong><\/p>\n<p><em>\u00a0\u00a0\u00a0 Raportor: Ina Manciu, \u015fef interimar al Direc\u0163iei finan\u0163e<\/em><\/p>\n<ol start=\"4\">\n<li><strong> Cu privire la aprobarea Programului de activitate a Consiliului Raional <\/strong><\/li>\n<\/ol>\n<p><strong>\u00a0\u00a0\u00a0\u00a0 Basarabeasca pentru trimestrul I al anului 2018.<\/strong><\/p>\n<p><em>\u00a0\u00a0\u00a0\u00a0 Raportor: Gheorghe Livi\u0163chi, secretar al Consiliului raional<\/em><\/p>\n<ol start=\"5\">\n<li><strong>Cu privire la aprobarea <\/strong><strong>Regulamentului de conduit\u0103 etic\u0103<\/strong><\/li>\n<\/ol>\n<p><strong>\u00a0\u00a0\u00a0 a func\u021bionarului public din cadrul Consiliului raional Basarabeasca.<\/strong><\/p>\n<p><em>\u00a0\u00a0\u00a0\u00a0 Raportor: Gheorghe Livi\u0163chi, secretar al Consiliului raional<\/em><\/p>\n<ol start=\"6\">\n<li><strong>Cu privire la mersul execut\u0103rii deciziilor Consiliului raional, aprobate \u00een <\/strong><\/li>\n<\/ol>\n<p><strong>\u00a0\u00a0\u00a0\u00a0\u00a0 primul semestru al anului 2017.<\/strong><\/p>\n<p><em>\u00a0 \u00a0\u00a0\u00a0Raportor: Gheorghe Livi\u0163chi, secretar al Consiliului raional<\/em><\/p>\n<ol start=\"7\">\n<li><strong> Cu privire la aprobarea graficului concediilor de odihn\u0103\u00a0 pentru anul <\/strong><\/li>\n<\/ol>\n<p><strong>\u00a0\u00a0\u00a0\u00a0 2018.<\/strong><\/p>\n<p><em>Raportor: Gheorghe Livi\u0163chi, secretar al Consiliului raional<\/em><\/p>\n<ol start=\"8\">\n<li><strong> Cu privire la unele modific\u0103ri \u00een decizia Consiliului raional nr. 01\/17 din <\/strong><\/li>\n<\/ol>\n<p><strong>\u00a0\u00a0\u00a0\u00a0 23.03.2017.<\/strong><\/p>\n<p><em>\u00a0\u00a0\u00a0 Raportor: Gheorghe Livi\u0163chi, secretar al Consiliului raional<\/em><\/p>\n<ol start=\"9\">\n<li><strong> Cu privire la starea arhivisticii \u00een raion.<\/strong><\/li>\n<\/ol>\n<p><em>\u00a0\u00a0\u00a0\u00a0\u00a0 Raportor: Maria Tetrioglo, \u015fef al Serviciului arhiv\u0103<\/em><\/p>\n<ol start=\"10\">\n<li><strong> Cu privire la stabilirea cotelor de antrenare a \u015fomerilor la efectuarea unor <\/strong><\/li>\n<\/ol>\n<p><strong>\u00a0\u00a0 \u00a0\u00a0\u00a0lucr\u0103ri publice remunerate.<\/strong><\/p>\n<p><em>\u00a0\u00a0 \u00a0\u00a0\u00a0Raportor: Snejana Volo\u015fiuc, \u015fef al <\/em><em>Agen\u0163iei pentru ocuparea for\u0163ei de munc\u0103<\/em><\/p>\n<ol start=\"11\">\n<li><strong> Cu privire la aprobarea dispozi\u0163iei pre\u015fedintelui raionului nr.129 din <\/strong><\/li>\n<\/ol>\n<p><strong>\u00a0\u00a0\u00a0\u00a0\u00a0 06.12.17\u00a0 <\/strong><\/p>\n<p><em>\u00a0\u00a0\u00a0\u00a0\u00a0 Raportor: Piotr Pu\u015fcari, pre\u015fedinte al raionului<\/em><\/p>\n<ol start=\"12\">\n<li><strong>Cu privire la problemele legate de restan\u0163ele salariale a cadrelor didactice <\/strong><\/li>\n<\/ol>\n<p><strong>\u00a0\u00a0\u00a0\u00a0\u00a0 din gimnaziul Iordanovca.<\/strong><\/p>\n<p><em>\u00a0\u00a0\u00a0\u00a0\u00a0 Raportor: Ecaterina Pascal, \u015fef interimar al Direc\u0163iei \u00eenv\u0103\u0163\u0103m\u00eent general<\/em><\/p>\n<p><em>\u00a0\u00a0\u00a0\u00a0\u00a0\u00a0\u00a0\u00a0\u00a0\u00a0\u00a0 <\/em><em>\u00a0\u00a0Coraportor: Parascovia Panaid, director interimar al gimnaziului din s. \u00a0\u00a0<\/em><\/p>\n<p><em>\u00a0\u00a0\u00a0\u00a0\u00a0\u00a0\u00a0\u00a0\u00a0\u00a0\u00a0\u00a0\u00a0\u00a0\u00a0\u00a0\u00a0\u00a0\u00a0\u00a0\u00a0\u00a0\u00a0\u00a0\u00a0 Iordanovca<\/em><\/p>\n<p><em>\u00a0<\/em><\/p>\n<p>&nbsp;<\/p>","protected":false},"excerpt":{"rendered":"<p>&nbsp; &nbsp; \u00cen conformitate cu art. 45 alin. (3) al Legii nr. 436-XVI din 28 decembrie 2006 privind administra\u0163ia public\u0103 local\u0103, &nbsp; D I S P U N: \u00a0 \u00a0\u00a0\u00a0\u00a0 Se convoac\u0103 Consiliul Raional Basarabeasca \u00een \u015fedin\u0163\u0103 ordinar\u0103 la 21 decembrie 2017, ora 10.00, \u00een incinta Consiliului raional, etajul II, cu urm\u0103torul proiect al\u00a0 ordinii [&hellip;]<\/p>\n","protected":false},"author":2,"featured_media":0,"comment_status":"open","ping_status":"open","sticky":false,"template":"","format":"standard","meta":{"footnotes":""},"categories":[8],"tags":[],"class_list":["post-4228","post","type-post","status-publish","format-standard","hentry","category-anunturi"],"_links":{"self":[{"href":"https:\/\/basarabeasca.md\/ro\/wp-json\/wp\/v2\/posts\/4228","targetHints":{"allow":["GET"]}}],"collection":[{"href":"https:\/\/basarabeasca.md\/ro\/wp-json\/wp\/v2\/posts"}],"about":[{"href":"https:\/\/basarabeasca.md\/ro\/wp-json\/wp\/v2\/types\/post"}],"author":[{"embeddable":true,"href":"https:\/\/basarabeasca.md\/ro\/wp-json\/wp\/v2\/users\/2"}],"replies":[{"embeddable":true,"href":"https:\/\/basarabeasca.md\/ro\/wp-json\/wp\/v2\/comments?post=4228"}],"version-history":[{"count":1,"href":"https:\/\/basarabeasca.md\/ro\/wp-json\/wp\/v2\/posts\/4228\/revisions"}],"predecessor-version":[{"id":4229,"href":"https:\/\/basarabeasca.md\/ro\/wp-json\/wp\/v2\/posts\/4228\/revisions\/4229"}],"wp:attachment":[{"href":"https:\/\/basarabeasca.md\/ro\/wp-json\/wp\/v2\/media?parent=4228"}],"wp:term":[{"taxonomy":"category","embeddable":true,"href":"https:\/\/basarabeasca.md\/ro\/wp-json\/wp\/v2\/categories?post=4228"},{"taxonomy":"post_tag","embeddable":true,"href":"https:\/\/basarabeasca.md\/ro\/wp-json\/wp\/v2\/tags?post=4228"}],"curies":[{"name":"wp","href":"https:\/\/api.w.org\/{rel}","templated":true}]}}