{"id":4146,"date":"2017-11-27T15:21:59","date_gmt":"2017-11-27T13:21:59","guid":{"rendered":"http:\/\/basarabeasca.md\/?p=4146"},"modified":"2017-11-27T15:24:37","modified_gmt":"2017-11-27T13:24:37","slug":"%d1%80%d1%83%d1%81%d1%81%d0%ba%d0%b8%d0%b9-%d0%be%d0%b1%d1%8a%d1%8f%d0%b2%d0%bb%d0%b5%d0%bd%d0%b8%d0%b5-%d0%be-%d1%81%d0%be%d0%b7%d1%8b%d0%b2%d0%b5-%d0%b7%d0%b0%d1%81%d0%b5%d0%b4%d0%b0%d0%bd%d0%b8-3","status":"publish","type":"post","link":"https:\/\/basarabeasca.md\/ro\/2017\/11\/%d1%80%d1%83%d1%81%d1%81%d0%ba%d0%b8%d0%b9-%d0%be%d0%b1%d1%8a%d1%8f%d0%b2%d0%bb%d0%b5%d0%bd%d0%b8%d0%b5-%d0%be-%d1%81%d0%be%d0%b7%d1%8b%d0%b2%d0%b5-%d0%b7%d0%b0%d1%81%d0%b5%d0%b4%d0%b0%d0%bd%d0%b8-3\/","title":{"rendered":"Anun\u021b! cu privire la convocarea Consiliului  Raional Basarabeasca \u00een \u015fedin\u0163\u0103 extraordinar\u0103"},"content":{"rendered":"<p>&nbsp;<\/p>\n<p>\u00cen conformitate cu art. 45 alin. (2) \u015fi alin. (3) al Legii nr. 436-XVI din 28 decembrie 2006 privind administra\u0163ia public\u0103 local\u0103,<\/p>\n<p>&nbsp;<\/p>\n<p><strong>D I S P U N:<\/strong><\/p>\n<p><strong>\u00a0<\/strong><\/p>\n<p><strong>\u00a0\u00a0\u00a0\u00a0 <\/strong>Se convoac\u0103 Consiliul Raional Basarabeasca \u00een \u015fedin\u0163\u0103 extraordinar\u0103 la\u00a0 01 decembrie 2017, ora 10.00, \u00een incinta Consiliului raional, etajul II, cu urm\u0103torul proiect al\u00a0 ordinii de zi:<\/p>\n<p>&nbsp;<\/p>\n<ol>\n<li><strong>Cu privire la corelarea bugetului raional pe anul curent cu Legea bigetului de stat pe anul 2017.<\/strong><\/li>\n<\/ol>\n<p><em>Raportor: Ina Manciu, \u015fef interimar al Direc\u0163iei finan\u0163e<\/em><\/p>\n<ol start=\"2\">\n<li><strong>Cu privire la modificarea bugetului raional pe anul 2017.<\/strong><\/li>\n<\/ol>\n<p><em>\u00a0\u00a0\u00a0\u00a0\u00a0\u00a0\u00a0\u00a0\u00a0\u00a0\u00a0\u00a0\u00a0 Raportor: Ina Manciu, \u015fef interimar al Direc\u0163iei finan\u0163e<\/em><\/p>\n<ol start=\"3\">\n<li><strong>Cu privire la aprobarea dispozi\u0163iei pre\u015fedintelui raionului nr. 33p din 15 noiembrie 2017.<\/strong><\/li>\n<\/ol>\n<p><em>Raportor: Piotr Pu\u015fcari, pre\u015fedinte al raionului Basarabeasca<\/em><\/p>\n<p><em>\u00a0<\/em><\/p>\n<p><em>\u00a0<\/em><\/p>\n<p>&nbsp;<\/p>\n<p>Pre\u015fedinte al<\/p>\n<p>raionului Basarabeasca\u00a0\u00a0\u00a0\u00a0\u00a0\u00a0\u00a0\u00a0\u00a0\u00a0\u00a0\u00a0\u00a0\u00a0\u00a0\u00a0\u00a0\u00a0\u00a0\u00a0\u00a0\u00a0\u00a0\u00a0\u00a0\u00a0\u00a0\u00a0\u00a0\u00a0\u00a0\u00a0\u00a0\u00a0\u00a0\u00a0\u00a0\u00a0\u00a0\u00a0\u00a0\u00a0\u00a0\u00a0\u00a0\u00a0\u00a0\u00a0 Piotr PU\u015eCARI<\/p>","protected":false},"excerpt":{"rendered":"<p>&nbsp; \u00cen conformitate cu art. 45 alin. (2) \u015fi alin. (3) al Legii nr. 436-XVI din 28 decembrie 2006 privind administra\u0163ia public\u0103 local\u0103, &nbsp; D I S P U N: \u00a0 \u00a0\u00a0\u00a0\u00a0 Se convoac\u0103 Consiliul Raional Basarabeasca \u00een \u015fedin\u0163\u0103 extraordinar\u0103 la\u00a0 01 decembrie 2017, ora 10.00, \u00een incinta Consiliului raional, etajul II, cu urm\u0103torul proiect [&hellip;]<\/p>\n","protected":false},"author":2,"featured_media":0,"comment_status":"open","ping_status":"open","sticky":false,"template":"","format":"standard","meta":{"footnotes":""},"categories":[8],"tags":[],"class_list":["post-4146","post","type-post","status-publish","format-standard","hentry","category-anunturi"],"_links":{"self":[{"href":"https:\/\/basarabeasca.md\/ro\/wp-json\/wp\/v2\/posts\/4146","targetHints":{"allow":["GET"]}}],"collection":[{"href":"https:\/\/basarabeasca.md\/ro\/wp-json\/wp\/v2\/posts"}],"about":[{"href":"https:\/\/basarabeasca.md\/ro\/wp-json\/wp\/v2\/types\/post"}],"author":[{"embeddable":true,"href":"https:\/\/basarabeasca.md\/ro\/wp-json\/wp\/v2\/users\/2"}],"replies":[{"embeddable":true,"href":"https:\/\/basarabeasca.md\/ro\/wp-json\/wp\/v2\/comments?post=4146"}],"version-history":[{"count":3,"href":"https:\/\/basarabeasca.md\/ro\/wp-json\/wp\/v2\/posts\/4146\/revisions"}],"predecessor-version":[{"id":4152,"href":"https:\/\/basarabeasca.md\/ro\/wp-json\/wp\/v2\/posts\/4146\/revisions\/4152"}],"wp:attachment":[{"href":"https:\/\/basarabeasca.md\/ro\/wp-json\/wp\/v2\/media?parent=4146"}],"wp:term":[{"taxonomy":"category","embeddable":true,"href":"https:\/\/basarabeasca.md\/ro\/wp-json\/wp\/v2\/categories?post=4146"},{"taxonomy":"post_tag","embeddable":true,"href":"https:\/\/basarabeasca.md\/ro\/wp-json\/wp\/v2\/tags?post=4146"}],"curies":[{"name":"wp","href":"https:\/\/api.w.org\/{rel}","templated":true}]}}