{"id":3905,"date":"2017-10-10T16:39:49","date_gmt":"2017-10-10T13:39:49","guid":{"rendered":"http:\/\/basarabeasca.md\/?p=3905"},"modified":"2017-10-10T16:41:05","modified_gmt":"2017-10-10T13:41:05","slug":"%d1%80%d1%83%d1%81%d1%81%d0%ba%d0%b8%d0%b9-%d0%be%d0%b1%d1%8a%d1%8f%d0%b2%d0%bb%d0%b5%d0%bd%d0%b8%d0%b5-%d0%be-%d1%81%d0%be%d0%b7%d1%8b%d0%b2%d0%b5-%d0%b7%d0%b0%d1%81%d0%b5%d0%b4%d0%b0%d0%bd%d0%b8-2","status":"publish","type":"post","link":"https:\/\/basarabeasca.md\/ro\/2017\/10\/%d1%80%d1%83%d1%81%d1%81%d0%ba%d0%b8%d0%b9-%d0%be%d0%b1%d1%8a%d1%8f%d0%b2%d0%bb%d0%b5%d0%bd%d0%b8%d0%b5-%d0%be-%d1%81%d0%be%d0%b7%d1%8b%d0%b2%d0%b5-%d0%b7%d0%b0%d1%81%d0%b5%d0%b4%d0%b0%d0%bd%d0%b8-2\/","title":{"rendered":"\u041e\u0431\u044a\u044f\u0432\u043b\u0435\u043d\u0438\u0435 \u043e \u0441\u043e\u0437\u044b\u0432\u0435 \u0437\u0430\u0441\u0435\u0434\u0430\u043d\u0438\u044f \u0432\u043d\u0435\u043e\u0447\u0435\u0440\u0435\u0434\u043d\u043e\u0439 \u0441\u0435\u0441\u0441\u0438\u0438 \u0420\u0430\u0439\u043e\u043d\u043d\u043e\u0433\u043e \u0421\u043e\u0432\u0435\u0442\u0430 \u0411\u0430\u0441\u0430\u0440\u0430\u0431\u044f\u0441\u043a\u0430"},"content":{"rendered":"<p>Anun\u021b<\/p>\n<p>Cu privire la convocarea Consiliului<\/p>\n<p>Raional Basarabeasca \u00een \u015fedin\u0163\u0103 extraordinar\u0103<\/p>\n<p>&nbsp;<\/p>\n<p>&nbsp;<\/p>\n<p>D\u00eend curs cererii colective semnate de 9 consilieri \u00een Consiliul raional Basarabeasca din 06 octombrie 2017, \u00een conformitate cu art. 45 alin. (2) \u015fi alin. (3) al Legii nr. 436-XVI din 28 decembrie 2006 privind administra\u0163ia public\u0103 local\u0103,<\/p>\n<p>&nbsp;<\/p>\n<p><strong>D I S P U N:<\/strong><\/p>\n<p><strong>\u00a0<\/strong><\/p>\n<p><strong>\u00a0\u00a0\u00a0\u00a0 <\/strong>Se convoac\u0103 Consiliul Raional Basarabeasca \u00een \u015fedin\u0163\u0103 extraordinar\u0103 la\u00a0 13 octombrie 2017, ora 10.00, \u00een incinta Consiliului raional, etajul II, cu urm\u0103torul proiect al\u00a0 ordinii de zi:<\/p>\n<p>&nbsp;<\/p>\n<p><strong>\u00a0\u00a0\u00a0\u00a0Cu privire la \u00eencetarea \u00eenainte de termen a mandatului de consilier.<\/strong><\/p>\n<p><em>Raportor: Nicolae Chendighilean, consilier \u00een Consiliul raional<\/em><\/p>","protected":false},"excerpt":{"rendered":"<p>Anun\u021b Cu privire la convocarea Consiliului Raional Basarabeasca \u00een \u015fedin\u0163\u0103 extraordinar\u0103 &nbsp; &nbsp; D\u00eend curs cererii colective semnate de 9 consilieri \u00een Consiliul raional Basarabeasca din 06 octombrie 2017, \u00een conformitate cu art. 45 alin. (2) \u015fi alin. (3) al Legii nr. 436-XVI din 28 decembrie 2006 privind administra\u0163ia public\u0103 local\u0103, &nbsp; D I S [&hellip;]<\/p>\n","protected":false},"author":2,"featured_media":0,"comment_status":"open","ping_status":"open","sticky":false,"template":"","format":"standard","meta":{"footnotes":""},"categories":[8],"tags":[],"class_list":["post-3905","post","type-post","status-publish","format-standard","hentry","category-anunturi"],"_links":{"self":[{"href":"https:\/\/basarabeasca.md\/ro\/wp-json\/wp\/v2\/posts\/3905","targetHints":{"allow":["GET"]}}],"collection":[{"href":"https:\/\/basarabeasca.md\/ro\/wp-json\/wp\/v2\/posts"}],"about":[{"href":"https:\/\/basarabeasca.md\/ro\/wp-json\/wp\/v2\/types\/post"}],"author":[{"embeddable":true,"href":"https:\/\/basarabeasca.md\/ro\/wp-json\/wp\/v2\/users\/2"}],"replies":[{"embeddable":true,"href":"https:\/\/basarabeasca.md\/ro\/wp-json\/wp\/v2\/comments?post=3905"}],"version-history":[{"count":2,"href":"https:\/\/basarabeasca.md\/ro\/wp-json\/wp\/v2\/posts\/3905\/revisions"}],"predecessor-version":[{"id":3907,"href":"https:\/\/basarabeasca.md\/ro\/wp-json\/wp\/v2\/posts\/3905\/revisions\/3907"}],"wp:attachment":[{"href":"https:\/\/basarabeasca.md\/ro\/wp-json\/wp\/v2\/media?parent=3905"}],"wp:term":[{"taxonomy":"category","embeddable":true,"href":"https:\/\/basarabeasca.md\/ro\/wp-json\/wp\/v2\/categories?post=3905"},{"taxonomy":"post_tag","embeddable":true,"href":"https:\/\/basarabeasca.md\/ro\/wp-json\/wp\/v2\/tags?post=3905"}],"curies":[{"name":"wp","href":"https:\/\/api.w.org\/{rel}","templated":true}]}}