{"id":3840,"date":"2017-09-26T10:39:28","date_gmt":"2017-09-26T07:39:28","guid":{"rendered":"http:\/\/basarabeasca.md\/?p=3840"},"modified":"2017-09-26T10:39:28","modified_gmt":"2017-09-26T07:39:28","slug":"saptamana-nationala-a-voluntariatului-snv-2017-hai-in-gasca-voluntarilor","status":"publish","type":"post","link":"https:\/\/basarabeasca.md\/ro\/2017\/09\/saptamana-nationala-a-voluntariatului-snv-2017-hai-in-gasca-voluntarilor\/","title":{"rendered":"S\u0103pt\u0103m\u00e2na Na\u021bional\u0103 a Voluntariatului (SNV) 2017 \u201cHai \u00een ga\u015fca voluntarilor!\u201d"},"content":{"rendered":"<p><img loading=\"lazy\" decoding=\"async\" class=\"aligncenter size-full wp-image-3841\" src=\"http:\/\/basarabeasca.md\/wp-content\/uploads\/2017\/09\/20689593_10155561078892521_860247672258308797_o-e1503482196912.jpg\" alt=\"\" width=\"1576\" height=\"563\" srcset=\"https:\/\/basarabeasca.md\/wp-content\/uploads\/2017\/09\/20689593_10155561078892521_860247672258308797_o-e1503482196912.jpg 1576w, https:\/\/basarabeasca.md\/wp-content\/uploads\/2017\/09\/20689593_10155561078892521_860247672258308797_o-e1503482196912-150x54.jpg 150w, https:\/\/basarabeasca.md\/wp-content\/uploads\/2017\/09\/20689593_10155561078892521_860247672258308797_o-e1503482196912-900x322.jpg 900w\" sizes=\"auto, (max-width: 1576px) 100vw, 1576px\" \/>\u00cen perioada 2 \u2013 8 octombrie 2017 se va desf\u0103\u0219ura\u00a0<strong>S\u0103pt\u0103m\u00e2na Na\u021bional\u0103 a Voluntariatului (SNV) 2017 \u201cHai \u00een ga\u015fca voluntarilor!\u201d,<\/strong>\u00a0<strong>edi\u021bia a XI-a,\u00a0<\/strong>cel mai mare eveniment de promovare a voluntariatului la nivel republican.<strong>\u00a0<\/strong><\/p>\n<p><strong>SNV<\/strong>\u00a0este evenimentul care mobilizeaz\u0103 un num\u0103r mare de organiza\u0163ii \u015fi cet\u0103\u021beni din toat\u0103 \u021bara pentru a promova voluntariatul \u015fi implicarea civic\u0103 a comunit\u0103\u0163ii. Evenimentul este inclus \u00een\u00a0<strong>art. 15 pct. (2) lit. a) din Legea Voluntariatului Nr. 121 din 18.06.2010.\u00a0<\/strong>Pe parcursul unei s\u0103pt\u0103m\u00e2ni autorit\u0103\u0163ile publice, institu\u0163iile publice, organiza\u0163iile societ\u0103\u0163ii civile \u0219i grupuri de ini\u021biativ\u0103 \u00een parteneriat cu mass-media, business-ul, persoane publice etc. realizeaz\u0103 campanii de sensibilizare, dezbateri pe tema voluntariatului, ac\u0163iuni de caritate, salubrizare, \u015fez\u0103tori, instruiri etc. Pentru mai multe informa\u021bii vede\u0163i ultimele rapoarte:\u00a0<a href=\"https:\/\/tdvmoldova.files.wordpress.com\/2009\/02\/final_raport-snv-2013.pdf\">Raport SNV 2013,<\/a>\u00a0<a href=\"https:\/\/tdvmoldova.files.wordpress.com\/2009\/03\/final_raport-snv-2014.pdf\">Raport SNV 2014<\/a>,\u00a0<a href=\"https:\/\/tdvmoldova.files.wordpress.com\/2009\/02\/raport-snv-2015.pdf\">Raport SNV 2015,<\/a>\u00a0<a href=\"https:\/\/tdvmoldova.files.wordpress.com\/2009\/02\/raport-snv-2016.pdf\">Raport SNV 2016.<\/a><\/p>\n<p>Invit\u0103m autorit\u0103\u0163ile publice centrale, raionale, prim\u0103riile, alte institu\u0163ii publice necomerciale, organiza\u0163iile societ\u0103\u0163ii civile \u0219i grupurile de ini\u021biativ\u0103, s\u0103 descarce\u00a0<a href=\"https:\/\/tdvmoldova.wordpress.com\/2017\/08\/23\/invitatie-la-implicare-in-snv-2017\/formular-de-participare-snv-2017\/\" rel=\"attachment wp-att-4713\">Formularul de participare SNV 2017<\/a>\u00a0, s\u0103-l completeze \u015fi s\u0103-l trimit\u0103 p\u00e2n\u0103 la data de\u00a0<strong>27\u00a0septembrie<\/strong>\u00a0pe adresa de e-mail a coordonatorului din zona respectiv\u0103 sau pe adresa\u00a0<a href=\"https:\/\/%3Ca%20href%3D\/\">\/\/tdvmoldova.wordpress.com\/page\/2\/tdv_secretariat@yahoo.com<\/a>&#8221; style=&#8221;text-decoration-line: underline; color: rgb(16, 92, 182);&#8221;&gt;tdv_secretariat@yahoo.com\u00a0(\u00een cazul \u00een care nu exist\u0103 un coordonator desemnat). Datele de contact ale persoanelor care de\u0163in pozi\u0163ia de coordonator sunt:<\/p>\n<ol>\n<li><strong>Anenii Noi \u2013<em>\u00a0Olesea GHEREG,<\/em><\/strong>\u00a0Coordonatoare Raional\u0103 SNV Anenii Noi, Specialist, Direc\u021bia Asisten\u021b\u0103 Social\u0103 \u0219i Protec\u021bia Familiei,\u00a0<a href=\"mailto:consiliul_aneni@mail.ru\">consiliul_aneni@mail.ru<\/a>, 067 488 130<\/li>\n<li><strong>Basarabeasca<\/strong>\u00a0<strong>\u2013\u00a0<em>Victoria NICOLAEVA<\/em>,<\/strong>\u00a0Coordonatoare Raional\u0103 SNV<strong>\u00a0<\/strong>Basarabeasca,<strong>\u00a0<\/strong>Specialist, Consiliul Raional Basarabeasca,\u00a0<a href=\"mailto:nicolaevavictoria@mail.ru\">nicolaevavictoria@mail.ru<\/a>, 029 721043<\/li>\n<li><strong>Briceni<\/strong>\u00a0<strong>\u2013\u00a0<em>Victor GONCIAR<\/em>,\u00a0<\/strong>Coordonator Raional SNV Briceni, Specialist principal, Direc\u021bia \u00cenv\u0103\u021b\u0103m\u00eent Briceni,\u00a0<a href=\"mailto:\">dgritsbriceni@mail.ru<\/a>,\u00a0024 723856<\/li>\n<li><strong>Cahul \u2013\u00a0<em>Alexandru POPOV,<\/em>\u00a0<\/strong>Coordonator Raional SNV Cahul,\u00a0\u0218ef serviciu Tineret \u0219i Sport, Consiliul Raional Cahul,\u00a0<a href=\"mailto:sts.cahul@gmail.com\">sts.cahul@gmail.com<\/a>, 079 140 389<\/li>\n<li><strong>Cantemir<\/strong>\u00a0<strong>\u2013\u00a0<em>Tatiana BARANOV<\/em>,\u00a0<\/strong>Coordonatoare Raional\u0103 SNV Cantemir, Consiliul Raional Cantemir, Specialist principal, Serviciul Cultur\u0103 \u0219i Turism Cantemir,\u00a0<a href=\"mailto:cultura.cantemir@gmail.com\">cultura.cantemir@gmail.com<\/a>, 079 018 955<\/li>\n<li><strong>C\u0103l\u0103ra\u0219i<\/strong>\u00a0<strong>\u2013\u00a0<em>Zinaida B\u0102D\u0102R\u0102U<\/em>,\u00a0<\/strong>Coordonatoare Raional\u0103 SNV C\u0103l\u0103ra\u0219i, Consiliul Raional C\u0103l\u0103ra\u0219i,Vicepre\u015fedint\u0103,\u00a0<a href=\"mailto:ztulbu@mail.ru\">ztulbu@mail.ru<\/a><strong>,<\/strong>\u00a0067 663 078<\/li>\n<li><strong>C\u0103u\u015feni \u2013\u00a0<em>Vera CIUCHITU<\/em>,<\/strong>\u00a0Coordonatoare Raional\u0103 SNV C\u0103u\u0219eni, Asocia\u0163ia Psihologilor Tighina,\u00a0Pre\u015fedint\u0103,\u00a0<a href=\"mailto:v_ciuchitu@yahoo.com\">v_ciuchitu@yahoo.com<\/a>, 069 086 731<\/li>\n<li><strong>Cimi\u015flia\u00a0\u2013\u00a0<em>Natalia R\u0103ileanu,\u00a0<\/em><\/strong>Coordonatoare Raional\u0103 SNV Cimi\u0219lia,\u00a0A.O \u201ePro Cimi\u015flia\u201d\u00a0<a href=\"mailto:raileanu_n@yahoo.com\">raileanu_n@yahoo.com<\/a>,\u00a0069 525 705<\/li>\n<li><strong>Criuleni \u2013\u00a0<em>Renata UNGUREANU,<\/em><\/strong>\u00a0Coordonatoare Raional\u0103 SNV Criuleni,\u00a0Specialist pe tineret, Consiliul Raional Criuleni,\u00a0<a href=\"mailto:renataungureanu@mail.ru\">renataungureanu@mail.ru<\/a>,\u00a0060 099 916<\/li>\n<li><strong>Dondu\u0219eni<\/strong>\u00a0<strong>\u2013\u00a0<em>Victoria COJOCARU<\/em><\/strong>, Coordonatoare Raional\u0103 SNV Dondu\u0219eni, A.O. Tinerele Femei Cernoleuca,\u00a0<a href=\"mailto:cojocarus.vi@gmail.com\">cojocarus.vi@gmail.com<\/a>, 079 383 388<\/li>\n<li><strong>Drochia<\/strong>\u00a0<strong>\u2013\u00a0<em>Vera FLOCEA<\/em><\/strong>, Coordonatoare Raional\u0103 SNV Drochia,<strong>\u00a0<\/strong>Consiliul Raional Drochia,\u00a0Direc\u021bia \u00cenv\u0103\u021b\u0103m\u00e2nt Drochia, Responsabil activitate educativ\u0103,\u00a0<a href=\"mailto:adwarddis@mail.ru\">vflocea@gmail.com<\/a>, 068 954 340<\/li>\n<li><strong>Dub\u0103sari \u2013\u00a0<em>Svetlana ISAICUL<\/em>,\u00a0<\/strong>Coordonatoare Raional\u0103 SNV Dub\u0103sari, Consiliul Raional Dub\u0103sari, Specialist-coordonator, metodist, Direc\u021bia \u00eenv\u0103\u021b\u0103m\u00e2nt general,\u00a0<a href=\"mailto:luminisaicul@gmail.com\">luminisaicul@gmail.com<\/a><strong>,\u00a0<\/strong>068 921 379<\/li>\n<li><strong>Edine\u0163\u00a0\u2013\u00a0<em>Diana FRUNZ\u0102<\/em><\/strong>, Coordonatoare Raional\u0103 SNV Cimi\u0219lia,\u00a0Consiliul Raional Edine\u021b, Specialist principal, Direc\u021bia de asisten\u021b\u0103 social\u0103 \u0219i protec\u021bia familiei,\u00a0\u00a0<a href=\"mailto:adwarddis@mail.ru\">dyana2408@mail.ru<\/a>,\u00a0060 483 185<\/li>\n<li><strong>F\u0103le\u0219ti<\/strong>\u00a0<strong>\u2013\u00a0<em>Viorica HAREA<\/em>,\u00a0<\/strong>Coordonatoare Raional\u0103 SNV F\u0103le\u0219ti, Consiliul Raional F\u0103le\u0219ti, Centrul de Crea\u021bie \u0219i Agreement pentru Copii \u0219i Tineri \u201dL. G\u0103in\u0103\u201d,\u00a0<a href=\"mailto:crrtfalesti@mail.ru\">crrtfalesti@mail.ru<\/a>, 067 131 674<\/li>\n<li><strong>Flore\u0219ti<\/strong>\u00a0<strong>\u2013\u00a0<em>Victoria BEIU<\/em>,\u00a0<\/strong>Coordonatoare Raional\u0103 SNV Flore\u0219ti, Consiliul Raional Flore\u0219ti, Specialist de tineret,\u00a0<a href=\"mailto:cultura.floresti@mail.ru\">cultura.floresti@mail.ru<\/a><strong>,\u00a0<\/strong>069 172 169<\/li>\n<li><strong>Glodeni<\/strong>\u00a0<strong>\u2013\u00a0<em>Petru TCACI<\/em>,\u00a0<\/strong>Coordonator Raional SNV Glodeni, Consiliul Raional Glodeni, Specialist \u00een problemele rela\u021bii cu publicul,\u00a0<a href=\"mailto:tcacipetru.ok@mail.ru\">tcacipetru.ok@mail.ru<\/a>, 060 186 772<\/li>\n<li><strong>H\u00eence\u015fti \u2013<\/strong>\u00a0<strong><em>Stela BUCUR<\/em><\/strong>, Coordonatoare Raional\u0103 SNV H\u00eence\u0219ti, NGO \u201cAlways Together\u201d,\u00a0<a href=\"mailto:aoat@mail.com\">aoat@mail.com<\/a>, 079 258 625<\/li>\n<li><strong>Ialoveni \u2013\u00a0<em>Victor PLETOSU<\/em>,\u00a0<\/strong>Coordonator Raional SNV Ialoveni, Consiliul Raional Ialoveni, Specialist principal \u00een domeniul tineretului,\u00a0<a href=\"mailto:victor.pletosu@gmail.com\">victor.pletosu@gmail.com<\/a>, 068 230 922<\/li>\n<li><strong>Leova \u2013\u00a0<em>Valeriu LUPAN,\u00a0<\/em><\/strong><em>Coordonator Raional SNV Leova, Specialist Principal Tineret,\u00a0<\/em><a href=\"mailto:sectiaculturaleova@gmail.com\">sectiaculturaleova@gmail.com<\/a>, 079 909 391<\/li>\n<li><strong>Nisporeni \u2013\u00a0<em>Ion ECHIM,\u00a0<\/em><\/strong>Coordonator Raional SNV Nisporeni,\u00a0Specialist cultur\u0103, tineret \u0219i sport, Prim\u0103ria Nisporeni,\u00a0<a href=\"mailto:nisprim@mail.ru\">nisprim@mail.ru<\/a>, 069 745 340<\/li>\n<li><strong>Ocni\u021ba<\/strong>\u00a0<strong>\u2013 V<em>ictor URSAN ,\u00a0<\/em><\/strong>Coordonator Raional SNV Ocni\u021ba, Specialist principal tineret \u0219i sport, 0 78882202\u00a0<a href=\"mailto:ursan.victor@mail.ru\">ursan.victor@mail.ru<\/a><\/li>\n<li><strong>Orhei \u2013\u00a0<em>Svetlana TARAS<\/em>,<\/strong>\u00a0Coordonatoare Raional\u0103 SNV Orhei, Centrul de S\u0103n\u0103tate Prietenos Tinerilor Orhei,\u00a0<a href=\"mailto:staras.irp@gmail.com\">staras.irp@gmail.com<\/a>, 069 957 700<\/li>\n<li><strong>Rezina \u2013\u00a0<em>Liuba STAVINSCHI<\/em>,<\/strong>\u00a0Coordonatoare Raional\u0103 SNV Rezina, A.O. \u201eNuf\u0103rul\u201d,\u00a0<a href=\"mailto:Istavinschi@mail.ru\">lstavinschi@mail.ru<\/a>, 079 779 411<\/li>\n<li><strong>R\u00ee\u0219cani<\/strong>\u00a0<strong>\u2013\u00a0<em>Igor GORODEA<\/em><\/strong>,\u00a0Coordonator Raional SNV R\u00ee\u0219cani, Consiliul Raional R\u00ee\u0219cani, Specialist, Direc\u021bia \u00cenv\u0103\u021b\u0103m\u00e2nt, Tineret, Sport,\u00a0<a href=\"mailto:sgtineret79@mail.ru\">gorodea_igor@mail.ru<\/a>, 069 33 80 30<\/li>\n<li><strong>S\u00eengerei \u2013\u00a0<em>Onceanu VIOREL<\/em><\/strong>, Coordonator Raional SNV S\u00eengerei, Consiliul Raional S\u00eengerei, Specialist de tineret \u0219i sport,\u00a0<a href=\"mailto:sgtineret79@mail.ru\">sgtineret79@mail.ru<\/a>, 069 026 758<\/li>\n<li><strong>Soroca<\/strong>\u00a0<strong>\u2013\u00a0<em>Natalia COJOCARI,\u00a0<\/em><\/strong>Specialist \u00een probleme de tineret,\u00a0Prim\u0103ria Soroca,\u00a0<a href=\"mailto:msoroca@mtc.md\">msoroca@mtc.md<\/a>,\u00a0069 344 403<\/li>\n<li><strong>Str\u0103\u015feni \u2013\u00a0<em>Ecaterina BULICANU<\/em><\/strong>, Coordonatoare Raional\u0103 SNV Str\u0103\u0219eni, Asocia\u0163ia pentru Educa\u0163ie Neoumanist,\u00a0<a href=\"mailto:bulicanuecaterina@gmail.com\">bulicanuecaterina@gmail.com<\/a>, 079 630 619<\/li>\n<li><strong>\u015eold\u0103ne\u015fti\u00a0\u2013\u00a0<em>Marina CUCEREANU<\/em><\/strong>,\u00a0Coordonatoare Raional\u0103 SNV \u0218old\u0103ne\u0219ti,\u00a0A.O. Prudens,\u00a0<a href=\"mailto:directiaculturasv@mail.ru\">marina.cucereanu@mail.ru<\/a><\/li>\n<li><strong>\u015etefan Vod\u0103 \u2013\u00a0<em>Valentina U\u021aA<\/em>,\u00a0<\/strong>Coordonatoare Raional\u0103 SNV \u0218tefan Vod\u0103, Consiliul Raional \u0218tefan Vod\u0103, Direc\u0163ia Cultur\u0103, Tineret, Sport \u015fi Turism,\u00a0<a href=\"mailto:directiaculturasv@mail.ru\">directiaculturasv@mail.ru<\/a>,\u00a0024 222648<\/li>\n<li><strong>Taraclia<\/strong>\u00a0<strong>\u2013\u00a0<em>Victoria VOITOVICI<\/em><\/strong>,\u00a0Coordonatoare Raional SNV Taraclia,\u00a0Consiliul Raional Taraclia, Specialist de tineret, Direc\u021bia de \u00cenv\u0103\u021b\u0103m\u00e2nt,\u00a0<a href=\"mailto:voitovichviktoria@gmail.com\">voitovichviktoria@gmail.com<\/a>,\u00a0079385977<\/li>\n<li><strong>Telene\u0219ti<\/strong>\u00a0<strong>\u2013 Valeriu LAZARENCO,\u00a0<\/strong>Coordonator Raional SNV Telene\u0219ti, Jurist,\u00a0<a href=\"mailto:jurist@telenesti.md\">jurist@telenesti.md<\/a>\u00a0069 364 807<\/li>\n<li><strong>Ungheni \u2013\u00a0<em>Tatiana LAZAR<\/em><\/strong>, Coordonatoare Raional\u0103 SNV Ungheni, Consiliul Raional Ungheni, Specialist principal D\u00ceTS,\u00a0<a href=\"mailto:lazar-tatiana@mail.ru\">lazar-tatiana@mail.ru<\/a>, 068 062 504<\/li>\n<li><strong>Mun. B\u0103l\u0163i \u2013\u00a0<em>Rodica FRECAUTEANU<\/em><\/strong><em>,<\/em>\u00a0Coordonatoare Municipal\u0103 SNV B\u0103l\u021bi, Pre\u0219edint\u0103, A.O. \u201eCaroma Nord\u201d,\u00a0<a href=\"mailto:frecauteanu.r@gmail.com\">frecauteanu.r@gmail.com<\/a>, 079 124 353<\/li>\n<li><strong>Mun. Chi\u015fin\u0103u \u2013\u00a0<em>loc vacant\u00a0<\/em><\/strong><\/li>\n<li><strong>Mun. Bender\u00a0\u2013\u00a0<\/strong><em><strong>loc vacant\u00a0<\/strong><\/em><\/li>\n<li><strong>Mun. Comrat<\/strong>\u00a0<strong>\u2013\u00a0<\/strong><em><strong>\u00a0loc vacant\u00a0<\/strong><\/em><\/li>\n<li><strong>Mun. Tiraspol<\/strong>\u00a0<strong>\u2013\u00a0\u00a0<\/strong><em><strong>loc vacant<\/strong><\/em><\/li>\n<li><strong>Raioanele Transnistriei<\/strong>\u00a0(Camenca<strong>,<\/strong>\u00a0R\u00eebni\u021ba, Dub\u0103sari, Grigoriopol \u0219i Slobozia)\u00a0<strong>\u2013<em>\u00a0<\/em><\/strong><em><strong>loc vacant<\/strong><\/em><\/li>\n<li><strong>Raioanele UTA G\u0103g\u0103uziei<\/strong>\u00a0(Comrat, Cead\u00eer-Lunga \u0219i Vulc\u0103ne\u0219ti)\u00a0<strong>\u2013<\/strong>\u00a0<strong>Iana RUSU,<\/strong>\u0218ef serviciul de dezvoltare a politicii de tineret, Comrat,\u00a0<a href=\"mailto:irusu81@gmail.com\">irusu81@gmail.com<\/a>, 079532940<\/li>\n<\/ol>\n<p>V\u0103 inform\u0103m c\u0103 toate activit\u0103\u0163ile de voluntariat vor fi incluse \u00een\u00a0<strong>Calendarul de activit\u0103\u0163i SNV 2017<\/strong>\u00a0care va fi prezentat mass mediei na\u0163ionale \u00eencep\u00e2nd cu data de\u00a0<strong>29\u00a0septembrie 2017<\/strong>. Dup\u0103 \u00eencheierea evenimentului TDV va elabora<strong>\u00a0Raportul SNV 2017\u00a0<\/strong>care va fi postat pe internet.<\/p>\n<p>Men\u021bion\u0103m c\u0103 toate pozele de la activit\u0103\u021bile de voluntariat organizate \u00een SNV 2017, care vor fi distribuite pe rele\u021bele de socializare folosind hashtag-ul \u201e#SNV2017\u201d vor participa automat la concursul celor mai interesante poze din SNV 2017, iar c\u00e2\u0219tig\u0103torii\u00a0vor primi premii de la Coali\u021bia Voluntariat.<\/p>\n<p>Evenimentul este organizat de\u00a0<strong>Coali\u0163ia pentru promovarea legii \u015fi activit\u0103\u0163ilor de voluntariat<\/strong>\u00a0\u015fi sus\u0163inut prin proiectul \u201e<em>SNV 2017 \u2013 Hai \u00een ga\u0219ca voluntarilor<\/em>\u201d din cadrul Programului de Granturi 2017 al Ministerului Tineretului \u015fi Sportului al Republicii Moldova.<\/p>\n<p><strong><em>Pentru mai multe informa\u0163ii contacta\u0163i:<\/em><\/strong><\/p>\n<p><strong>Andrei GAIU,\u00a0<\/strong>Coordonator de Proiect SNV 2017<strong><br \/>\n<\/strong>Asocia\u0163ia Ob\u0219teasc\u0103 \u201dTinerii pentru dreptul la via\u0163\u0103\u201d (TDV)<br \/>\n<em>Secretariatul Coali\u0163iei pentru promovarea legii \u015fi activit\u0103\u0163ilor de voluntariat<\/em><br \/>\n<strong>Tel:<\/strong>\u00a0022 567 551; 079 45 00 27<br \/>\n<strong>E-mail:<\/strong>\u00a0<a href=\"mailto:tdv_secretariat@yahoo.com\">tdv_secretariat@yahoo.com<\/a><\/p>","protected":false},"excerpt":{"rendered":"<p>\u00cen perioada 2 \u2013 8 octombrie 2017 se va desf\u0103\u0219ura\u00a0S\u0103pt\u0103m\u00e2na Na\u021bional\u0103 a Voluntariatului (SNV) 2017 \u201cHai \u00een ga\u015fca voluntarilor!\u201d,\u00a0edi\u021bia a XI-a,\u00a0cel mai mare eveniment de promovare a voluntariatului la nivel republican.\u00a0 SNV\u00a0este evenimentul care mobilizeaz\u0103 un num\u0103r mare de organiza\u0163ii \u015fi cet\u0103\u021beni din toat\u0103 \u021bara pentru a promova voluntariatul \u015fi implicarea civic\u0103 a comunit\u0103\u0163ii. Evenimentul [&hellip;]<\/p>\n","protected":false},"author":2,"featured_media":3841,"comment_status":"open","ping_status":"open","sticky":false,"template":"","format":"standard","meta":{"footnotes":""},"categories":[8],"tags":[],"class_list":["post-3840","post","type-post","status-publish","format-standard","has-post-thumbnail","hentry","category-anunturi"],"_links":{"self":[{"href":"https:\/\/basarabeasca.md\/ro\/wp-json\/wp\/v2\/posts\/3840","targetHints":{"allow":["GET"]}}],"collection":[{"href":"https:\/\/basarabeasca.md\/ro\/wp-json\/wp\/v2\/posts"}],"about":[{"href":"https:\/\/basarabeasca.md\/ro\/wp-json\/wp\/v2\/types\/post"}],"author":[{"embeddable":true,"href":"https:\/\/basarabeasca.md\/ro\/wp-json\/wp\/v2\/users\/2"}],"replies":[{"embeddable":true,"href":"https:\/\/basarabeasca.md\/ro\/wp-json\/wp\/v2\/comments?post=3840"}],"version-history":[{"count":1,"href":"https:\/\/basarabeasca.md\/ro\/wp-json\/wp\/v2\/posts\/3840\/revisions"}],"predecessor-version":[{"id":3842,"href":"https:\/\/basarabeasca.md\/ro\/wp-json\/wp\/v2\/posts\/3840\/revisions\/3842"}],"wp:featuredmedia":[{"embeddable":true,"href":"https:\/\/basarabeasca.md\/ro\/wp-json\/wp\/v2\/media\/3841"}],"wp:attachment":[{"href":"https:\/\/basarabeasca.md\/ro\/wp-json\/wp\/v2\/media?parent=3840"}],"wp:term":[{"taxonomy":"category","embeddable":true,"href":"https:\/\/basarabeasca.md\/ro\/wp-json\/wp\/v2\/categories?post=3840"},{"taxonomy":"post_tag","embeddable":true,"href":"https:\/\/basarabeasca.md\/ro\/wp-json\/wp\/v2\/tags?post=3840"}],"curies":[{"name":"wp","href":"https:\/\/api.w.org\/{rel}","templated":true}]}}