{"id":3167,"date":"2017-05-16T10:34:58","date_gmt":"2017-05-16T07:34:58","guid":{"rendered":"http:\/\/basarabeasca.md\/?p=3167"},"modified":"2017-05-16T10:34:58","modified_gmt":"2017-05-16T07:34:58","slug":"%d1%80%d1%83%d1%81%d1%81%d0%ba%d0%b8%d0%b9-%d0%be%d0%b1%d1%8a%d1%8f%d0%b2%d0%bb%d0%b5%d0%bd%d0%b8%d0%b5-%d0%be-%d1%81%d0%be%d0%b7%d1%8b%d0%b2%d0%b5-%d0%b7%d0%b0%d1%81%d0%b5%d0%b4%d0%b0%d0%bd%d0%b8","status":"publish","type":"post","link":"https:\/\/basarabeasca.md\/ro\/2017\/05\/%d1%80%d1%83%d1%81%d1%81%d0%ba%d0%b8%d0%b9-%d0%be%d0%b1%d1%8a%d1%8f%d0%b2%d0%bb%d0%b5%d0%bd%d0%b8%d0%b5-%d0%be-%d1%81%d0%be%d0%b7%d1%8b%d0%b2%d0%b5-%d0%b7%d0%b0%d1%81%d0%b5%d0%b4%d0%b0%d0%bd%d0%b8\/","title":{"rendered":"ANUN\u021a Cu privire la convocarea Consiliului  Raional Basarabeasca \u00een \u015fedin\u0163\u0103 ordinar\u0103"},"content":{"rendered":"<p><\/p>\n<p style=\"text-align: center;\"><strong>D I S P O Z I \u0162 I E<\/strong><\/p>\n<p style=\"text-align: center;\"><strong>\u00a0 \u00a0<\/strong>\u0420\u0410\u0421\u041f\u041e\u0420\u042f\u0416\u0415\u041d\u0418\u0415<\/p>\n<p>Cu privire la convocarea Consiliului<\/p>\n<p>Raional Basarabeasca \u00een \u015fedin\u0163\u0103 ordinar\u0103<\/p>\n<p>\u00cen conformitate cu art. 45 alin. (1) \u015fi alin. (3) al Legii nr. 436-XVI din 28 decembrie 2006 privind administra\u0163ia public\u0103 local\u0103,<\/p>\n<p style=\"text-align: center;\"><strong>D I S P U N:<\/strong><\/p>\n<p><strong>\u00a0<\/strong>Se convoac\u0103 Consiliul Raional Basarabeasca \u00een \u015fedin\u0163\u0103 ordinar\u0103 la 26 mai 2016, ora 10.00, \u00een incinta Consiliului raional, etajul II, cu urm\u0103torul proiect al\u00a0 ordinii de zi (proiectul se anexeaz\u0103).<\/p>\n<p>Pre\u015fedintele<\/p>\n<p>raionului Basarabeasca\u00a0\u00a0\u00a0\u00a0\u00a0\u00a0\u00a0\u00a0\u00a0\u00a0\u00a0\u00a0\u00a0\u00a0\u00a0\u00a0\u00a0 \u00a0\u00a0\u00a0\u00a0\u00a0\u00a0\u00a0\u00a0\u00a0\u00a0\u00a0\u00a0\u00a0\u00a0\u00a0\u00a0\u00a0\u00a0\u00a0\u00a0\u00a0\u00a0\u00a0\u00a0\u00a0\u00a0\u00a0\u00a0\u00a0\u00a0\u00a0Piotr PU\u015eCARI<strong>\u00a0 \u00a0 \u00a0 \u00a0 \u00a0 \u00a0 \u00a0 \u00a0 \u00a0 \u00a0 \u00a0 \u00a0 \u00a0 \u00a0 \u00a0 \u00a0 \u00a0 \u00a0 \u00a0 \u00a0 \u00a0 \u00a0 \u00a0 \u00a0 \u00a0 \u00a0 \u00a0 \u00a0 \u00a0 \u00a0 \u00a0 \u00a0 \u00a0 \u00a0 \u00a0 \u00a0 \u00a0 \u00a0\u00a0<\/strong><\/p>\n<p><strong>PROIECTUL ORDINEI DE ZI<\/strong><\/p>\n<p><strong>a \u015fedin\u0163ei ordinare a Consiliului Raional Basarabeasca din 26 mai\u00a0 2017<\/strong><\/p>\n<p><strong>\u00a0<\/strong><\/p>\n<p><strong><u>Ora controlului:<\/u><\/strong><\/p>\n<ol start=\"2017\">\n<li><strong>a) Cu privire la totalizarea rezultatelor bilunarului ecologic desf\u0103\u015furat \u00een raion, \u00een prim\u0103vara anului 2017.<\/strong><\/li>\n<\/ol>\n<p><em>\u00a0\u00a0\u00a0\u00a0 Raportor: Vasile Guzun, vicepre\u015fedintele raionului pe probleme economice<\/em><\/p>\n<ol>\n<li><strong>Cu privire la organizarea odihnei de var\u0103 a copiilor \u00een sezonul estival 2017.<\/strong><\/li>\n<\/ol>\n<p><em>\u00a0\u00a0\u00a0\u00a0 Raportor: Veronica Garaba, \u015fef al Direc\u0163iei \u00eenv\u0103\u0163\u0103m\u00eent general<\/em><\/p>\n<ol start=\"2\">\n<li><strong>Cu privire la <\/strong><strong>m\u0103surile de<\/strong> <strong>preg\u0103tire a institu\u0163iilor educa\u0163ionale c\u0103tre noul an<\/strong><\/li>\n<\/ol>\n<p><strong>\u00a0\u00a0\u00a0 <\/strong><strong>de studii 2017-2018.<\/strong><\/p>\n<p><em>\u00a0\u00a0\u00a0\u00a0 Raportor: Veronica Garaba, \u015fef al Direc\u0163iei \u00eenv\u0103\u0163\u0103m\u00eent general<\/em><\/p>\n<ol start=\"3\">\n<li><strong>Cu privire la mersul execut\u0103rii deciziilor Consiliului raional Basarabeasca,<\/strong><\/li>\n<\/ol>\n<p><strong>\u00a0\u00a0\u00a0\u00a0 adoptate \u00een semestrul II al anului 2016.<\/strong><\/p>\n<p><em>\u00a0\u00a0\u00a0\u00a0 Raportor: Gheorghe Livi\u0163chi, secretar interimar al Consiliului raional<\/em><\/p>\n<ol start=\"4\">\n<li><strong>Cu privire la aprobarea Programului de activitate al Consiliului Raional<\/strong><\/li>\n<\/ol>\n<p><strong>\u00a0\u00a0\u00a0\u00a0 Basarabeasca pe trimestrul III al anului 2017.<\/strong><\/p>\n<p><em>\u00a0\u00a0\u00a0\u00a0 Raportor: Gheorghe Livi\u0163chi, secretar interimar al Consiliului raional<\/em><\/p>\n<ol start=\"5\">\n<li><strong>Cu privire la coordonarea regulamentelor de organizare \u015fi func\u0163ionare a<\/strong><\/li>\n<\/ol>\n<p><strong>\u00a0\u00a0\u00a0 institu\u0163iilor medicale din raion.<\/strong><\/p>\n<p><strong>\u00a0\u00a0\u00a0\u00a0 <\/strong><em>Raportor: Andrei Mihailov, vicepre\u015fedinte al raionului pe probleme sociale<\/em><\/p>\n<ol start=\"6\">\n<li><strong>Cu privire la aprobarea consiliilor administrative ale institu\u0163iilor medico-<\/strong><\/li>\n<\/ol>\n<p><strong>\u00a0\u00a0\u00a0 <\/strong><strong>sanitare publice din raion.<\/strong><\/p>\n<p><em>\u00a0\u00a0\u00a0 Raportor: Andrei Mihailov, vicepre\u015fedinte al raionului pe probleme sociale<\/em><\/p>\n<ol start=\"7\">\n<li><strong>Cu privire la modificarea deciziei Consiliului raional nr. 06\/13 din 19<\/strong><\/li>\n<\/ol>\n<p><strong>\u00a0\u00a0\u00a0 <\/strong><strong>noiembrie 2015.<\/strong><\/p>\n<p><em>\u00a0\u00a0\u00a0 Raportor: Mihail Mart\u00eenov, \u015fef interimar al Direc\u0163iei asisten\u0163\u0103 social\u0103 \u015fi protec\u0163ie <\/em><em>\u00a0<\/em><\/p>\n<p><em>\u00a0\u00a0\u00a0\u00a0\u00a0\u00a0\u00a0\u00a0\u00a0\u00a0\u00a0\u00a0\u00a0\u00a0\u00a0\u00a0\u00a0 <\/em><em>a familiei<\/em><\/p>\n<ol start=\"8\">\n<li><strong>Cu privire la alocarea mijloacelor financiare.<\/strong><\/li>\n<\/ol>\n<p><em>\u00a0\u00a0\u00a0\u00a0\u00a0 Raportor: Ina Manciu, \u015fef interimar al Direc\u0163iei finan\u0163e<\/em><\/p>","protected":false},"excerpt":{"rendered":"<p>D I S P O Z I \u0162 I E \u00a0 \u00a0\u0420\u0410\u0421\u041f\u041e\u0420\u042f\u0416\u0415\u041d\u0418\u0415 Cu privire la convocarea Consiliului Raional Basarabeasca \u00een \u015fedin\u0163\u0103 ordinar\u0103 \u00cen conformitate cu art. 45 alin. (1) \u015fi alin. (3) al Legii nr. 436-XVI din 28 decembrie 2006 privind administra\u0163ia public\u0103 local\u0103, D I S P U N: \u00a0Se convoac\u0103 Consiliul Raional Basarabeasca [&hellip;]<\/p>\n","protected":false},"author":2,"featured_media":0,"comment_status":"open","ping_status":"open","sticky":false,"template":"","format":"standard","meta":{"footnotes":""},"categories":[8],"tags":[],"class_list":["post-3167","post","type-post","status-publish","format-standard","hentry","category-anunturi"],"_links":{"self":[{"href":"https:\/\/basarabeasca.md\/ro\/wp-json\/wp\/v2\/posts\/3167","targetHints":{"allow":["GET"]}}],"collection":[{"href":"https:\/\/basarabeasca.md\/ro\/wp-json\/wp\/v2\/posts"}],"about":[{"href":"https:\/\/basarabeasca.md\/ro\/wp-json\/wp\/v2\/types\/post"}],"author":[{"embeddable":true,"href":"https:\/\/basarabeasca.md\/ro\/wp-json\/wp\/v2\/users\/2"}],"replies":[{"embeddable":true,"href":"https:\/\/basarabeasca.md\/ro\/wp-json\/wp\/v2\/comments?post=3167"}],"version-history":[{"count":3,"href":"https:\/\/basarabeasca.md\/ro\/wp-json\/wp\/v2\/posts\/3167\/revisions"}],"predecessor-version":[{"id":3170,"href":"https:\/\/basarabeasca.md\/ro\/wp-json\/wp\/v2\/posts\/3167\/revisions\/3170"}],"wp:attachment":[{"href":"https:\/\/basarabeasca.md\/ro\/wp-json\/wp\/v2\/media?parent=3167"}],"wp:term":[{"taxonomy":"category","embeddable":true,"href":"https:\/\/basarabeasca.md\/ro\/wp-json\/wp\/v2\/categories?post=3167"},{"taxonomy":"post_tag","embeddable":true,"href":"https:\/\/basarabeasca.md\/ro\/wp-json\/wp\/v2\/tags?post=3167"}],"curies":[{"name":"wp","href":"https:\/\/api.w.org\/{rel}","templated":true}]}}