{"id":2923,"date":"2017-04-11T10:27:22","date_gmt":"2017-04-11T07:27:22","guid":{"rendered":"http:\/\/basarabeasca.md\/?p=2923"},"modified":"2017-04-11T11:50:14","modified_gmt":"2017-04-11T08:50:14","slug":"%d1%80%d1%83%d1%81%d1%81%d0%ba%d0%b8%d0%b9-%d0%be%d0%b1%d1%8a%d1%8f%d0%b2%d0%bb%d0%b5%d0%bd%d0%b8%d0%b5-%d0%b4%d0%bb%d1%8f-%d0%b2%d1%81%d0%b5%d1%85-%d0%b6%d0%b8%d1%82%d0%b5%d0%bb%d0%b5%d0%b9-%d1%80","status":"publish","type":"post","link":"https:\/\/basarabeasca.md\/ro\/2017\/04\/%d1%80%d1%83%d1%81%d1%81%d0%ba%d0%b8%d0%b9-%d0%be%d0%b1%d1%8a%d1%8f%d0%b2%d0%bb%d0%b5%d0%bd%d0%b8%d0%b5-%d0%b4%d0%bb%d1%8f-%d0%b2%d1%81%d0%b5%d1%85-%d0%b6%d0%b8%d1%82%d0%b5%d0%bb%d0%b5%d0%b9-%d1%80\/","title":{"rendered":"Anun\u021b\u0103m cet\u0103\u021benilor raionului"},"content":{"rendered":"<p>Despre faptul c\u0103 \u00een contextul Hot\u0103r\u00eerii Guvernului nr.78 din 12.02.2010 \u201d<em>Privind stabilirea zilei de audien\u0163\u0103 \u015fi de \u00eent\u00eelnire a membrilor Guvernului \u015fi a conduc\u0103torilor autorit\u0103\u0163ilor administrative centrale cu cet\u0103\u0163enii,, , <\/em>la data de <strong><em>19 aprilie 2017<\/em><\/strong>\u00a0ora <strong>10-00<\/strong>\u00a0urmeaz\u0103 s\u0103 fie efectuat\u0103 vizita la lucru a dl. Anatolie Zolotcov, viceministrul dezvolt\u0103rii regionale \u0219i construc\u021biilor\u00a0al Republica Moldova.<\/p>\n<p>Conform agendei de lucru, pentru ora 11-00 \u2013 11-30\u00een incinta Consiliului rational, etajul- II, este preconizat audierea cet\u0103\u021b\u0103nilor.<\/p>","protected":false},"excerpt":{"rendered":"<p>Despre faptul c\u0103 \u00een contextul Hot\u0103r\u00eerii Guvernului nr.78 din 12.02.2010 \u201dPrivind stabilirea zilei de audien\u0163\u0103 \u015fi de \u00eent\u00eelnire a membrilor Guvernului \u015fi a conduc\u0103torilor autorit\u0103\u0163ilor administrative centrale cu cet\u0103\u0163enii,, , la data de 19 aprilie 2017\u00a0ora 10-00\u00a0urmeaz\u0103 s\u0103 fie efectuat\u0103 vizita la lucru a dl. Anatolie Zolotcov, viceministrul dezvolt\u0103rii regionale \u0219i construc\u021biilor\u00a0al Republica Moldova. Conform [&hellip;]<\/p>\n","protected":false},"author":2,"featured_media":0,"comment_status":"open","ping_status":"open","sticky":false,"template":"","format":"standard","meta":{"footnotes":""},"categories":[8],"tags":[],"class_list":["post-2923","post","type-post","status-publish","format-standard","hentry","category-anunturi"],"_links":{"self":[{"href":"https:\/\/basarabeasca.md\/ro\/wp-json\/wp\/v2\/posts\/2923","targetHints":{"allow":["GET"]}}],"collection":[{"href":"https:\/\/basarabeasca.md\/ro\/wp-json\/wp\/v2\/posts"}],"about":[{"href":"https:\/\/basarabeasca.md\/ro\/wp-json\/wp\/v2\/types\/post"}],"author":[{"embeddable":true,"href":"https:\/\/basarabeasca.md\/ro\/wp-json\/wp\/v2\/users\/2"}],"replies":[{"embeddable":true,"href":"https:\/\/basarabeasca.md\/ro\/wp-json\/wp\/v2\/comments?post=2923"}],"version-history":[{"count":4,"href":"https:\/\/basarabeasca.md\/ro\/wp-json\/wp\/v2\/posts\/2923\/revisions"}],"predecessor-version":[{"id":2932,"href":"https:\/\/basarabeasca.md\/ro\/wp-json\/wp\/v2\/posts\/2923\/revisions\/2932"}],"wp:attachment":[{"href":"https:\/\/basarabeasca.md\/ro\/wp-json\/wp\/v2\/media?parent=2923"}],"wp:term":[{"taxonomy":"category","embeddable":true,"href":"https:\/\/basarabeasca.md\/ro\/wp-json\/wp\/v2\/categories?post=2923"},{"taxonomy":"post_tag","embeddable":true,"href":"https:\/\/basarabeasca.md\/ro\/wp-json\/wp\/v2\/tags?post=2923"}],"curies":[{"name":"wp","href":"https:\/\/api.w.org\/{rel}","templated":true}]}}