{"id":11741,"date":"2023-12-29T14:45:42","date_gmt":"2023-12-29T12:45:42","guid":{"rendered":"http:\/\/basarabeasca.md\/?p=11741"},"modified":"2024-01-03T15:35:25","modified_gmt":"2024-01-03T13:35:25","slug":"anunt-cu-privire-la-convocarea-consiliului-raional-basarabeasca-in-sedinta-extraordinara-8","status":"publish","type":"post","link":"https:\/\/basarabeasca.md\/ro\/2023\/12\/anunt-cu-privire-la-convocarea-consiliului-raional-basarabeasca-in-sedinta-extraordinara-8\/","title":{"rendered":"Anun\u021b. Cu privire la convocarea Consiliului raional  Basarabeasca \u00een \u015fedin\u0163\u0103 extraordinar\u0103"},"content":{"rendered":"<p><a href=\"http:\/\/basarabeasca.md\/wp-content\/uploads\/2023\/12\/dispozitie-nr.-100-1.pdf\">Dispozi\u0163ie nr. 100 (PDF)\u00a0<\/a> Cu privire la convocarea<\/p>\n<p>&nbsp;<\/p>\n<p>\u00cen conformitate cu art. 45 alin. (2) \u015fi (3) al Legii nr. 436\/2006 privind administra\u0163ia public\u0103 local\u0103 <em>(MO nr. 32-35\/2007 art.116)<\/em>,<\/p>\n<p>Se convoac\u0103 Consiliul raional Basarabeasca \u00een \u015fedin\u0163\u0103 extraordinar\u0103 la <strong>04 <\/strong><strong>ianuarie 2024, ora 10.00,<\/strong> \u00een incinta Consiliului raional Basarabeasca, str. Karl Marx, 55, sala de \u015fedin\u0163e, etajul II, cu urm\u0103torul proiect al\u00a0 ordinii de zi:<\/p>\n<ol>\n<li><strong>Cu privire la atribuirea unor mandate de consilier raional.<\/strong><\/li>\n<\/ol>\n<p><em>\u00a0\u00a0\u00a0 Raportor: Gheorghe Livi\u0163chi, secretar al Consiliului raional<\/em><\/p>\n<ol start=\"2\">\n<li><strong> Cu privire la aprobarea componen\u0163ei nominale a comisiilor consultative de <\/strong><\/li>\n<\/ol>\n<p><strong>\u00a0\u00a0\u00a0 specialitate ale Consiliului raional Basarabeasca.<\/strong><\/p>\n<p><em>\u00a0\u00a0 Raportor: Gheorghe Livi\u0163chi, secretar al Consiliului rational<\/em><\/p>\n<ol start=\"3\">\n<li><strong> Cu privire la aprobarea, \u00een prima lectur\u0103, a bugetului raional Basarabeasca <\/strong><\/li>\n<\/ol>\n<p><strong>\u00a0\u00a0\u00a0\u00a0 pe anul 2024.<\/strong><\/p>\n<p><strong><em>\u00a0\u00a0\u00a0 <\/em><\/strong><em>Raportor<\/em><em>: Petru Scutari, pre\u015fedinte interimar al raionului Basarabeasca<\/em><\/p>\n<ol start=\"4\">\n<li><strong> Cu privire la aprobarea, \u00een lectura a doua, a bugetului raional <\/strong><\/li>\n<\/ol>\n<p><strong>\u00a0\u00a0\u00a0 Basarabeasca pe anul 2024.<\/strong><\/p>\n<p><em>\u00a0\u00a0\u00a0 Raportor<\/em><em>: Maria Muntean, \u015fef adjunct al Direc\u0163iei finan\u0163e<\/em><\/p>\n<ol start=\"5\">\n<li><strong> Cu privire la delegarea atribu\u021biilor.<\/strong><\/li>\n<\/ol>\n<p><em>\u00a0\u00a0\u00a0 Raportor: <\/em><em>Petru Scutari, pre\u015fedinte interimar al raionului Basarabeasca<\/em><\/p>\n<ol start=\"6\">\n<li><strong> Cu privire la acordarea premiului annual persoanelor cu func\u0163ii de <\/strong><\/li>\n<\/ol>\n<p><strong>\u00a0\u00a0\u00a0 demnitate public\u0103.<\/strong><\/p>\n<p><em>\u00a0\u00a0\u00a0\u00a0 Raportor: Gheorghe Livi\u0163chi, secretar al Consiliului raional<\/em><\/p>\n<p>Responsabilitatea pentru organizarea \u015fi desf\u0103\u015furarea \u015fedin\u0163ei Consiliului raional mi-o asum.<\/p>\n<p>&nbsp;<\/p>\n<p>Pre\u015fedinte interimar al raionului Basarabeasca\u00a0\u00a0\u00a0\u00a0\u00a0\u00a0\u00a0\u00a0\u00a0\u00a0\u00a0\u00a0\u00a0\u00a0\u00a0\u00a0\u00a0\u00a0\u00a0\u00a0\u00a0\u00a0\u00a0\u00a0\u00a0 \u00a0\u00a0\u00a0\u00a0\u00a0\u00a0\u00a0\u00a0\u00a0\u00a0\u00a0\u00a0\u00a0\u00a0\u00a0\u00a0\u00a0\u00a0\u00a0\u00a0\u00a0\u00a0\u00a0\u00a0\u00a0\u00a0\u00a0\u00a0\u00a0\u00a0\u00a0\u00a0\u00a0\u00a0\u00a0\u00a0\u00a0\u00a0\u00a0\u00a0\u00a0\u00a0\u00a0Petru SCUTARI<\/p>\n<p>&nbsp;<\/p>","protected":false},"excerpt":{"rendered":"<p>Dispozi\u0163ie nr. 100 (PDF)\u00a0 Cu privire la convocarea &nbsp; \u00cen conformitate cu art. 45 alin. (2) \u015fi (3) al Legii nr. 436\/2006 privind administra\u0163ia public\u0103 local\u0103 (MO nr. 32-35\/2007 art.116), Se convoac\u0103 Consiliul raional Basarabeasca \u00een \u015fedin\u0163\u0103 extraordinar\u0103 la 04 ianuarie 2024, ora 10.00, \u00een incinta Consiliului raional Basarabeasca, str. Karl Marx, 55, sala de [&hellip;]<\/p>\n","protected":false},"author":6,"featured_media":11692,"comment_status":"open","ping_status":"open","sticky":false,"template":"","format":"standard","meta":{"footnotes":""},"categories":[8],"tags":[],"class_list":["post-11741","post","type-post","status-publish","format-standard","has-post-thumbnail","hentry","category-anunturi"],"_links":{"self":[{"href":"https:\/\/basarabeasca.md\/ro\/wp-json\/wp\/v2\/posts\/11741","targetHints":{"allow":["GET"]}}],"collection":[{"href":"https:\/\/basarabeasca.md\/ro\/wp-json\/wp\/v2\/posts"}],"about":[{"href":"https:\/\/basarabeasca.md\/ro\/wp-json\/wp\/v2\/types\/post"}],"author":[{"embeddable":true,"href":"https:\/\/basarabeasca.md\/ro\/wp-json\/wp\/v2\/users\/6"}],"replies":[{"embeddable":true,"href":"https:\/\/basarabeasca.md\/ro\/wp-json\/wp\/v2\/comments?post=11741"}],"version-history":[{"count":2,"href":"https:\/\/basarabeasca.md\/ro\/wp-json\/wp\/v2\/posts\/11741\/revisions"}],"predecessor-version":[{"id":11747,"href":"https:\/\/basarabeasca.md\/ro\/wp-json\/wp\/v2\/posts\/11741\/revisions\/11747"}],"wp:featuredmedia":[{"embeddable":true,"href":"https:\/\/basarabeasca.md\/ro\/wp-json\/wp\/v2\/media\/11692"}],"wp:attachment":[{"href":"https:\/\/basarabeasca.md\/ro\/wp-json\/wp\/v2\/media?parent=11741"}],"wp:term":[{"taxonomy":"category","embeddable":true,"href":"https:\/\/basarabeasca.md\/ro\/wp-json\/wp\/v2\/categories?post=11741"},{"taxonomy":"post_tag","embeddable":true,"href":"https:\/\/basarabeasca.md\/ro\/wp-json\/wp\/v2\/tags?post=11741"}],"curies":[{"name":"wp","href":"https:\/\/api.w.org\/{rel}","templated":true}]}}