{"id":11707,"date":"2023-12-12T16:30:28","date_gmt":"2023-12-12T14:30:28","guid":{"rendered":"http:\/\/basarabeasca.md\/?p=11707"},"modified":"2023-12-12T11:21:13","modified_gmt":"2023-12-12T09:21:13","slug":"%d1%80%d1%83%d1%81%d1%81%d0%ba%d0%b8%d0%b9-anunt-cu-privire-la-convocarea-consiliului-raional-basarabeasca-in-sedinta-extraordinara-2","status":"publish","type":"post","link":"https:\/\/basarabeasca.md\/ro\/2023\/12\/%d1%80%d1%83%d1%81%d1%81%d0%ba%d0%b8%d0%b9-anunt-cu-privire-la-convocarea-consiliului-raional-basarabeasca-in-sedinta-extraordinara-2\/","title":{"rendered":"ANUN\u021a.Cu privire la convocarea Consiliului raional Basarabeasca \u00een \u015fedin\u0163\u0103 extraordinar\u0103"},"content":{"rendered":"<p>Av\u00e2nd la baz\u0103 cererea colectiv\u0103 din 11 decembrie 2023, semnat\u0103 de o treime din consilierii raionali ale\u0219i, \u00een temeiul art. 45 alin. (2) \u0219i (4) lit. a) din Legea privind administra\u0163ia public\u0103 local\u0103 nr. 436-XVI din 28.12.2006, <strong>Consiliul raional Basarabeasca se convoac\u0103<\/strong> <strong>\u00een \u015fedin\u0163\u0103 extraordinar\u0103 la 15 decembrie 2023, ora 10.00, \u00een sala de \u015fedin\u0163e a Consiliului, etajul II,\u00a0 <\/strong>pe adresa: <em>or.Basarabeasca, str. Karl Mar\u0103, 55<\/em><\/p>\n<p style=\"text-align: center;\"><u>Proiectul ordinii de zi:<\/u><\/p>\n<p style=\"text-align: center;\"><u>\u00a0<\/u><\/p>\n<ol>\n<li><strong>Cu privire la \u00eencetarea mandatului pre\u0219edintelui \u0219i vicepre\u0219edin\u021bilor raionului Basarabeasca.<\/strong><\/li>\n<\/ol>\n<p><em>\u00a0\u00a0\u00a0\u00a0 Raportor: Gheorghe Livi\u0163chi, secretar al Consiliului rational<\/em><\/p>\n<p><em>\u00a0<\/em><\/p>\n<ol start=\"2\">\n<li><strong>Cu privire la alegerea pre\u015fedintelui raionului Basarabeasca.<\/strong><\/li>\n<\/ol>\n<p><em>\u00a0\u00a0\u00a0 Raportor: consilierii grupului de initiativ\u0103<\/em><\/p>\n<p><em>\u00a0<\/em><\/p>\n<ol start=\"3\">\n<li><strong>Cu privire la stabilirea num\u0103rului de vicepre\u0219edin\u021bi ai raionului Basarabeasca<\/strong><\/li>\n<\/ol>\n<p><em>Raportor: <\/em><em>pre\u015fedintele raionului<\/em><\/p>\n<p><strong>\u00a0<\/strong><\/p>\n<ol start=\"4\">\n<li><strong>Cu privire la alegerea vicepre\u015fedin\u021bilor raionului Basarabeasca<\/strong><\/li>\n<\/ol>\n<p><em>Raportor: <\/em><em>pre\u015fedintele raionului<\/em><\/p>\n<p><u>\u00a0<\/u><\/p>\n<ol start=\"5\">\n<li><strong>Cu privire la aprobarea componen\u0163ei nominale a comisiilor consultative de specialitate ale Consiliului raional Basarabeasca.<\/strong><\/li>\n<\/ol>\n<p><em>\u00a0\u00a0\u00a0 Raportor: Gheorghe Livi\u0163chi, secretar al Consiliului raional<\/em><\/p>\n<p>&nbsp;<\/p>\n","protected":false},"excerpt":{"rendered":"<p>Av\u00e2nd la baz\u0103 cererea colectiv\u0103 din 11 decembrie 2023, semnat\u0103 de o treime din consilierii raionali ale\u0219i, \u00een temeiul art. 45 alin. (2) \u0219i (4) lit. a) din Legea privind administra\u0163ia public\u0103 local\u0103 nr. 436-XVI din 28.12.2006, Consiliul raional Basarabeasca se convoac\u0103 \u00een \u015fedin\u0163\u0103 extraordinar\u0103 la 15 decembrie 2023, ora 10.00, \u00een sala de \u015fedin\u0163e [&hellip;]<\/p>\n","protected":false},"author":6,"featured_media":11692,"comment_status":"open","ping_status":"open","sticky":false,"template":"","format":"standard","meta":{"footnotes":""},"categories":[8],"tags":[],"class_list":["post-11707","post","type-post","status-publish","format-standard","has-post-thumbnail","hentry","category-anunturi"],"_links":{"self":[{"href":"https:\/\/basarabeasca.md\/ro\/wp-json\/wp\/v2\/posts\/11707","targetHints":{"allow":["GET"]}}],"collection":[{"href":"https:\/\/basarabeasca.md\/ro\/wp-json\/wp\/v2\/posts"}],"about":[{"href":"https:\/\/basarabeasca.md\/ro\/wp-json\/wp\/v2\/types\/post"}],"author":[{"embeddable":true,"href":"https:\/\/basarabeasca.md\/ro\/wp-json\/wp\/v2\/users\/6"}],"replies":[{"embeddable":true,"href":"https:\/\/basarabeasca.md\/ro\/wp-json\/wp\/v2\/comments?post=11707"}],"version-history":[{"count":2,"href":"https:\/\/basarabeasca.md\/ro\/wp-json\/wp\/v2\/posts\/11707\/revisions"}],"predecessor-version":[{"id":11709,"href":"https:\/\/basarabeasca.md\/ro\/wp-json\/wp\/v2\/posts\/11707\/revisions\/11709"}],"wp:featuredmedia":[{"embeddable":true,"href":"https:\/\/basarabeasca.md\/ro\/wp-json\/wp\/v2\/media\/11692"}],"wp:attachment":[{"href":"https:\/\/basarabeasca.md\/ro\/wp-json\/wp\/v2\/media?parent=11707"}],"wp:term":[{"taxonomy":"category","embeddable":true,"href":"https:\/\/basarabeasca.md\/ro\/wp-json\/wp\/v2\/categories?post=11707"},{"taxonomy":"post_tag","embeddable":true,"href":"https:\/\/basarabeasca.md\/ro\/wp-json\/wp\/v2\/tags?post=11707"}],"curies":[{"name":"wp","href":"https:\/\/api.w.org\/{rel}","templated":true}]}}