{"id":11674,"date":"2023-11-08T10:11:29","date_gmt":"2023-11-08T08:11:29","guid":{"rendered":"http:\/\/basarabeasca.md\/?p=11674"},"modified":"2023-11-08T10:11:41","modified_gmt":"2023-11-08T08:11:41","slug":"anunt-cu-privire-la-convocarea-consiliului-raional-basarabeasca-in-sedinta-extraordinara-4","status":"publish","type":"post","link":"https:\/\/basarabeasca.md\/ro\/2023\/11\/anunt-cu-privire-la-convocarea-consiliului-raional-basarabeasca-in-sedinta-extraordinara-4\/","title":{"rendered":"ANUN\u021a.Cu privire la convocarea Consiliului raional  Basarabeasca \u00een \u015fedin\u0163\u0103 extraordinar\u0103"},"content":{"rendered":"<ol>\n<li>Se convoac\u0103 Consiliul raional Basarabeasca \u00een \u015fedin\u0163\u0103 extraordinar\u0103 la <strong>10 <\/strong><strong>noiembrie 2023, ora 10.00,<\/strong> \u00een incinta Consiliului raional Basarabeasca, str. Karl Marx, 55, sala de \u015fedin\u0163e, etajul II, cu urm\u0103torul proiect al\u00a0 ordinii de zi:<\/li>\n<\/ol>\n<ul>\n<li><strong>Cu privire la corelarea bugetului raional cu Legea bugetului de stat pe anul 2023.<\/strong><\/li>\n<\/ul>\n<p><em>\u00a0\u00a0\u00a0\u00a0\u00a0 Raportor: Maria Muntean, \u015fef adjunct al Direc\u0163iei\u00a0 finan\u0163e<\/em><\/p>\n<ul>\n<li><strong>Cu privire la m\u0103surile necesare pentru punerea \u00een aplicare a prevederilor Legii nr. 256\/2023.<\/strong><\/li>\n<\/ul>\n<p><em>Raportor: Gheorghe Livi\u021bchi, secretar al Consiliului raional Basarabeasca<\/em><\/p>\n<ol start=\"2\">\n<li>Responsabilitatea pentru organizarea \u015fi desf\u0103\u015furarea \u015fedin\u0163ei Consiliului raional mi-o asum.<\/li>\n<\/ol>\n<p>&nbsp;<\/p>\n<p>Pre\u015fedinte interimar al raionului Basarabeasca\u00a0 \u00a0 \u00a0 \u00a0 \u00a0 \u00a0 \u00a0 \u00a0 \u00a0 \u00a0 \u00a0 \u00a0 \u00a0 \u00a0 \u00a0 Gheorghe LIVI\u021aCHI<\/p>\n<p>&nbsp;<\/p>\n","protected":false},"excerpt":{"rendered":"<p>Se convoac\u0103 Consiliul raional Basarabeasca \u00een \u015fedin\u0163\u0103 extraordinar\u0103 la 10 noiembrie 2023, ora 10.00, \u00een incinta Consiliului raional Basarabeasca, str. Karl Marx, 55, sala de \u015fedin\u0163e, etajul II, cu urm\u0103torul proiect al\u00a0 ordinii de zi: Cu privire la corelarea bugetului raional cu Legea bugetului de stat pe anul 2023. \u00a0\u00a0\u00a0\u00a0\u00a0 Raportor: Maria Muntean, \u015fef adjunct [&hellip;]<\/p>\n","protected":false},"author":6,"featured_media":10646,"comment_status":"open","ping_status":"open","sticky":false,"template":"","format":"standard","meta":{"footnotes":""},"categories":[8,1],"tags":[],"class_list":["post-11674","post","type-post","status-publish","format-standard","has-post-thumbnail","hentry","category-anunturi","category-fara-categorie"],"_links":{"self":[{"href":"https:\/\/basarabeasca.md\/ro\/wp-json\/wp\/v2\/posts\/11674","targetHints":{"allow":["GET"]}}],"collection":[{"href":"https:\/\/basarabeasca.md\/ro\/wp-json\/wp\/v2\/posts"}],"about":[{"href":"https:\/\/basarabeasca.md\/ro\/wp-json\/wp\/v2\/types\/post"}],"author":[{"embeddable":true,"href":"https:\/\/basarabeasca.md\/ro\/wp-json\/wp\/v2\/users\/6"}],"replies":[{"embeddable":true,"href":"https:\/\/basarabeasca.md\/ro\/wp-json\/wp\/v2\/comments?post=11674"}],"version-history":[{"count":1,"href":"https:\/\/basarabeasca.md\/ro\/wp-json\/wp\/v2\/posts\/11674\/revisions"}],"predecessor-version":[{"id":11675,"href":"https:\/\/basarabeasca.md\/ro\/wp-json\/wp\/v2\/posts\/11674\/revisions\/11675"}],"wp:featuredmedia":[{"embeddable":true,"href":"https:\/\/basarabeasca.md\/ro\/wp-json\/wp\/v2\/media\/10646"}],"wp:attachment":[{"href":"https:\/\/basarabeasca.md\/ro\/wp-json\/wp\/v2\/media?parent=11674"}],"wp:term":[{"taxonomy":"category","embeddable":true,"href":"https:\/\/basarabeasca.md\/ro\/wp-json\/wp\/v2\/categories?post=11674"},{"taxonomy":"post_tag","embeddable":true,"href":"https:\/\/basarabeasca.md\/ro\/wp-json\/wp\/v2\/tags?post=11674"}],"curies":[{"name":"wp","href":"https:\/\/api.w.org\/{rel}","templated":true}]}}