{"id":11620,"date":"2023-09-08T13:43:23","date_gmt":"2023-09-08T10:43:23","guid":{"rendered":"http:\/\/basarabeasca.md\/?p=11620"},"modified":"2023-09-08T13:43:33","modified_gmt":"2023-09-08T10:43:33","slug":"anunt-cu-privire-la-convocarea-consiliului-raional-basarabeasca-in-sedinta-ordinara-7","status":"publish","type":"post","link":"https:\/\/basarabeasca.md\/ro\/2023\/09\/anunt-cu-privire-la-convocarea-consiliului-raional-basarabeasca-in-sedinta-ordinara-7\/","title":{"rendered":"ANUN\u021a Cu privire la convocarea Consiliului raional Basarabeasca \u00een \u015fedin\u0163\u0103 ordinar\u0103"},"content":{"rendered":"<p>\u00cen conformitate cu art. 45 alin. (1) \u015fi (3) al Legii nr. 436\/2006 privind administra\u0163ia public\u0103 local\u0103 (MO nr. 32-35\/2007 art.116), cu modific\u0103rile \u015fi complet\u0103rile ulterioare<\/p>\n<p>&nbsp;<\/p>\n<p>1. Se convoac\u0103 Consiliul raional Basarabeasca \u00een \u015fedin\u0163\u0103 ordinar\u0103 la 20 septembrie<br \/>\n2023, ora 10.00, \u00een incinta Consiliului raional Basarabeasca, str. Karl Marx, 55, sala de \u015fedin\u0163e, etajul II, cu urm\u0103torul proiect al ordinii de zi (proiectul se anexeaz\u0103).<\/p>\n<p>2. Responsabilitatea pentru organizarea \u015fi desf\u0103\u015furarea \u015fedin\u0163ei Consiliului raional mi-o asum personal.<\/p>\n<p>3. Prezenta dispozi\u0163ie urmeaz\u0103 a fi publicat\u0103 \u00een Registrul de Stat al Actelor Locale, urmeaz\u0103 a fi adus\u0103 la cuno\u015ftin\u0163a consilierilor raionali, precum \u015fi la cuno\u015ftin\u0163\u0103 public\u0103 prin intermediul paginii oficiale a Consiliului raional: www.basarabeasca.md.<\/p>\n<p>Pre\u015fedintele<br \/>\nraionului Basarabeasca Piotr PU\u015eCARI<\/p>\n","protected":false},"excerpt":{"rendered":"<p>\u00cen conformitate cu art. 45 alin. (1) \u015fi (3) al Legii nr. 436\/2006 privind administra\u0163ia public\u0103 local\u0103 (MO nr. 32-35\/2007 art.116), cu modific\u0103rile \u015fi complet\u0103rile ulterioare &nbsp; 1. Se convoac\u0103 Consiliul raional Basarabeasca \u00een \u015fedin\u0163\u0103 ordinar\u0103 la 20 septembrie 2023, ora 10.00, \u00een incinta Consiliului raional Basarabeasca, str. Karl Marx, 55, sala de \u015fedin\u0163e, etajul [&hellip;]<\/p>\n","protected":false},"author":6,"featured_media":10646,"comment_status":"open","ping_status":"open","sticky":false,"template":"","format":"standard","meta":{"footnotes":""},"categories":[8,1,9],"tags":[],"class_list":["post-11620","post","type-post","status-publish","format-standard","has-post-thumbnail","hentry","category-anunturi","category-fara-categorie","category-noutati-si-evenimente"],"_links":{"self":[{"href":"https:\/\/basarabeasca.md\/ro\/wp-json\/wp\/v2\/posts\/11620","targetHints":{"allow":["GET"]}}],"collection":[{"href":"https:\/\/basarabeasca.md\/ro\/wp-json\/wp\/v2\/posts"}],"about":[{"href":"https:\/\/basarabeasca.md\/ro\/wp-json\/wp\/v2\/types\/post"}],"author":[{"embeddable":true,"href":"https:\/\/basarabeasca.md\/ro\/wp-json\/wp\/v2\/users\/6"}],"replies":[{"embeddable":true,"href":"https:\/\/basarabeasca.md\/ro\/wp-json\/wp\/v2\/comments?post=11620"}],"version-history":[{"count":1,"href":"https:\/\/basarabeasca.md\/ro\/wp-json\/wp\/v2\/posts\/11620\/revisions"}],"predecessor-version":[{"id":11621,"href":"https:\/\/basarabeasca.md\/ro\/wp-json\/wp\/v2\/posts\/11620\/revisions\/11621"}],"wp:featuredmedia":[{"embeddable":true,"href":"https:\/\/basarabeasca.md\/ro\/wp-json\/wp\/v2\/media\/10646"}],"wp:attachment":[{"href":"https:\/\/basarabeasca.md\/ro\/wp-json\/wp\/v2\/media?parent=11620"}],"wp:term":[{"taxonomy":"category","embeddable":true,"href":"https:\/\/basarabeasca.md\/ro\/wp-json\/wp\/v2\/categories?post=11620"},{"taxonomy":"post_tag","embeddable":true,"href":"https:\/\/basarabeasca.md\/ro\/wp-json\/wp\/v2\/tags?post=11620"}],"curies":[{"name":"wp","href":"https:\/\/api.w.org\/{rel}","templated":true}]}}