{"id":11285,"date":"2023-03-20T15:47:54","date_gmt":"2023-03-20T13:47:54","guid":{"rendered":"http:\/\/basarabeasca.md\/?p=11285"},"modified":"2023-03-20T15:53:18","modified_gmt":"2023-03-20T13:53:18","slug":"anunt-cu-privire-la-convocarea-consiliului-raional-basarabeasca-in-sedinta-ordinara-5","status":"publish","type":"post","link":"https:\/\/basarabeasca.md\/ro\/2023\/03\/anunt-cu-privire-la-convocarea-consiliului-raional-basarabeasca-in-sedinta-ordinara-5\/","title":{"rendered":"ANUN\u021a.Cu privire la convocarea Consiliului  raional Basarabeasca \u00een \u015fedin\u0163\u0103 ordinar\u0103"},"content":{"rendered":"<p><a href=\"http:\/\/basarabeasca.md\/wp-content\/uploads\/2023\/03\/dp_640f2cf2ba4d3-1_compressed-1.pdf\">Dispozitia nr. 23 din 13.03.2023 _<em>Cu privire la convocarea Consiliului raional\u00a0 Basarabeasca \u00een \u0219edin\u021b\u0103 ordinar\u0103 <\/em><\/a>(desc\/ PDF)<\/p>\n<p>\u00cen conformitate cu art. 45 alin. (1) \u015fi (3) al Legii nr. 436-XVI din 28 decembrie 2006 privind administra\u0163ia public\u0103 local\u0103,<\/p>\n<p><strong>\u00a0 \u00a0 <\/strong>Se convoac\u0103 Consiliul raional Basarabeasca \u00een \u015fedin\u0163\u0103 ordinar\u0103 la <strong>24 martie 2023, ora 10.00,<\/strong> \u00een incinta Consiliului raional, etajul II, cu urm\u0103torul proiect al\u00a0 ordinii de zi<\/p>\n<p style=\"text-align: center;\">\u00a0 \u00a0<strong>Proiectul ordinii de zi<\/strong><\/p>\n<p style=\"text-align: center;\"><strong>al \u015fedin\u0163ei ordinare a Consiliului raional Basarabeasca<\/strong><\/p>\n<p style=\"text-align: center;\"><strong>din\u00a0 24\u00a0 martie\u00a0 2023<\/strong><\/p>\n<p><strong>\u00a0<\/strong><\/p>\n<ol>\n<li><strong>Cu privire la executarea bugetului raional Basarabeasca pe anul 2022.<\/strong><\/li>\n<\/ol>\n<p><em>\u00a0\u00a0\u00a0 Raportor: Maria Muntean, \u015fef adjunct al Direc\u0163iei\u00a0 finan\u0163e<\/em><\/p>\n<ol start=\"2\">\n<li><strong>Cu privire la modificarea bugetului raional pentru anul 2023 \u015fi alocarea <\/strong><\/li>\n<\/ol>\n<p><strong>\u00a0\u00a0\u00a0 mijloacelor financiare.<\/strong><\/p>\n<p><em>\u00a0\u00a0\u00a0 Raportor: Maria Muntean, \u015fef adjunct al Direc\u0163iei\u00a0 finan\u0163e<\/em><\/p>\n<ol start=\"3\">\n<li><strong>Cu privire la aprobarea unor dispozi\u0163ii ale pre\u015fedintelui raionului emise \u00een perioada dintre \u015fedin\u0163ele Consiliului raional.<\/strong><\/li>\n<\/ol>\n<p><em>\u00a0\u00a0\u00a0 Raportor: Piotr Pu\u015fcari, pre\u015fedinte al raionului <\/em><\/p>\n<ol start=\"4\">\n<li><strong>Cu privire la organizarea odihnei copiilor \u00een sezonul estival 2023.<\/strong><\/li>\n<\/ol>\n<p><em>\u00a0\u00a0\u00a0 Raportor: Ecaterina Pascal, \u015fef adjunct al Direc\u0163iei \u00eenv\u0103\u0163\u0103m\u00e2nt general<\/em><\/p>\n<ol start=\"5\">\n<li><strong>Cu privire la acceptarea \u00een proprietate a unor bunuri materiale.<\/strong><\/li>\n<\/ol>\n<p><em>\u00a0\u00a0\u00a0\u00a0\u00a0 Raportor: <\/em><em>Ecaterina Pascal, \u015fef adjunct al Direc\u0163iei \u00eenv\u0103\u0163\u0103m\u00e2nt general<\/em><\/p>\n<ol start=\"6\">\n<li><strong>Cu privire la acceptarea \u00een proprietate a unor bunuri donate de c\u0103tre UNICEF.<\/strong><\/li>\n<\/ol>\n<p><em>\u00a0\u00a0\u00a0\u00a0\u00a0 Raportor: <\/em><em>Ecaterina Pascal, \u015fef adjunct al Direc\u0163iei \u00eenv\u0103\u0163\u0103m\u00e2nt general<\/em><\/p>\n<ol start=\"7\">\n<li><strong> Cu privire la aprobarea Programului de activitate al Consiliului raional <\/strong><\/li>\n<\/ol>\n<p><strong>\u00a0\u00a0 Basarabeasca pe trimestrul II al anului 2023.<\/strong><\/p>\n<p><em>\u00a0\u00a0 Raportor: Gheorghe Livi\u0163chi, secretar al Consiliului raional<\/em><\/p>\n<ol start=\"8\">\n<li><strong>Cu privire la aprobarea statelor de personal ale institu\u0163iilor medico-sanitare <\/strong><\/li>\n<\/ol>\n<p><strong>\u00a0\u00a0\u00a0 publice din raion.<\/strong><\/p>\n<p><em>\u00a0\u00a0\u00a0 Raportor: Ion Popov, vicepre\u015fedinte al raionului pe probleme sociale<\/em><\/p>\n<ol start=\"9\">\n<li><strong> Cu privire la salarizarea conduc\u0103torilor institu\u0163iilor medico-sanitare <\/strong><\/li>\n<\/ol>\n<p><strong>\u00a0\u00a0\u00a0 publice din raion.<\/strong><\/p>\n<p><em>\u00a0\u00a0\u00a0 Raportor: Ion Popov, vicepre\u015fedinte al raionului pe probleme sociale<\/em><\/p>\n<ol start=\"10\">\n<li><strong> Cu privire la organizarea \u0219i efectuarea recens\u0103m\u00e2ntului popula\u021biei \u0219i <\/strong><\/li>\n<\/ol>\n<p><strong>\u00a0\u00a0\u00a0 locuin\u021belor \u00een raionul Basarabeasca \u00een anul 2024.<\/strong><\/p>\n<p><em>\u00a0\u00a0\u00a0 <\/em><em>Raportor: Natalia Ivanova, specialist principal, Serviciul pentru statistic\u0103 <\/em><\/p>\n<p><em>\u00a0\u00a0\u00a0\u00a0\u00a0\u00a0\u00a0\u00a0\u00a0\u00a0\u00a0\u00a0\u00a0\u00a0\u00a0\u00a0\u00a0\u00a0\u00a0 Basarabeasca<\/em><\/p>\n<ol start=\"11\">\n<li><strong> Cu privire la defri\u015farea unor arbori.<\/strong><\/li>\n<\/ol>\n<p><em>\u00a0\u00a0\u00a0\u00a0\u00a0 Raportor: Petru Scutari, vicepre\u015fedinte al raionului pe probleme economice<\/em><\/p>\n<ol start=\"12\">\n<li><strong>Cu privire la transmiterea unui set de costume sportive.<\/strong><\/li>\n<\/ol>\n<p><em>\u00a0\u00a0\u00a0\u00a0\u00a0 Raportor: Olga Baciu, \u015fef al Sec\u0163iei cultur\u0103<\/em><\/p>\n<ol start=\"13\">\n<li><strong> Cu privire la repartizarea profitului net ob\u0163inut de c\u0103tre \u00ceM \u201eCentrul <\/strong><\/li>\n<\/ol>\n<p><strong>\u00a0\u00a0 \u00a0\u00a0\u00a0Stomatologic Raional Basarabeasca\u201d.<\/strong><\/p>\n<p><em>\u00a0\u00a0 Raportor: Dumitri\u0163a Baciu, administrator al \u00ceM \u201eCentrul Stomatologic Raional\u00a0\u00a0 <\/em><\/p>\n<p><em>\u00a0\u00a0\u00a0\u00a0\u00a0\u00a0\u00a0\u00a0\u00a0\u00a0\u00a0\u00a0\u00a0\u00a0\u00a0\u00a0\u00a0 Basarabeasca\u201d<\/em><\/p>\n<p>&nbsp;<\/p>\n","protected":false},"excerpt":{"rendered":"<p>Dispozitia nr. 23 din 13.03.2023 _Cu privire la convocarea Consiliului raional\u00a0 Basarabeasca \u00een \u0219edin\u021b\u0103 ordinar\u0103 (desc\/ PDF) \u00cen conformitate cu art. 45 alin. (1) \u015fi (3) al Legii nr. 436-XVI din 28 decembrie 2006 privind administra\u0163ia public\u0103 local\u0103, \u00a0 \u00a0 Se convoac\u0103 Consiliul raional Basarabeasca \u00een \u015fedin\u0163\u0103 ordinar\u0103 la 24 martie 2023, ora 10.00, \u00een [&hellip;]<\/p>\n","protected":false},"author":6,"featured_media":10646,"comment_status":"open","ping_status":"open","sticky":false,"template":"","format":"standard","meta":{"footnotes":""},"categories":[8],"tags":[],"class_list":["post-11285","post","type-post","status-publish","format-standard","has-post-thumbnail","hentry","category-anunturi"],"_links":{"self":[{"href":"https:\/\/basarabeasca.md\/ro\/wp-json\/wp\/v2\/posts\/11285","targetHints":{"allow":["GET"]}}],"collection":[{"href":"https:\/\/basarabeasca.md\/ro\/wp-json\/wp\/v2\/posts"}],"about":[{"href":"https:\/\/basarabeasca.md\/ro\/wp-json\/wp\/v2\/types\/post"}],"author":[{"embeddable":true,"href":"https:\/\/basarabeasca.md\/ro\/wp-json\/wp\/v2\/users\/6"}],"replies":[{"embeddable":true,"href":"https:\/\/basarabeasca.md\/ro\/wp-json\/wp\/v2\/comments?post=11285"}],"version-history":[{"count":2,"href":"https:\/\/basarabeasca.md\/ro\/wp-json\/wp\/v2\/posts\/11285\/revisions"}],"predecessor-version":[{"id":11287,"href":"https:\/\/basarabeasca.md\/ro\/wp-json\/wp\/v2\/posts\/11285\/revisions\/11287"}],"wp:featuredmedia":[{"embeddable":true,"href":"https:\/\/basarabeasca.md\/ro\/wp-json\/wp\/v2\/media\/10646"}],"wp:attachment":[{"href":"https:\/\/basarabeasca.md\/ro\/wp-json\/wp\/v2\/media?parent=11285"}],"wp:term":[{"taxonomy":"category","embeddable":true,"href":"https:\/\/basarabeasca.md\/ro\/wp-json\/wp\/v2\/categories?post=11285"},{"taxonomy":"post_tag","embeddable":true,"href":"https:\/\/basarabeasca.md\/ro\/wp-json\/wp\/v2\/tags?post=11285"}],"curies":[{"name":"wp","href":"https:\/\/api.w.org\/{rel}","templated":true}]}}