{"id":11185,"date":"2023-01-23T15:16:48","date_gmt":"2023-01-23T13:16:48","guid":{"rendered":"http:\/\/basarabeasca.md\/?p=11185"},"modified":"2023-01-23T15:29:25","modified_gmt":"2023-01-23T13:29:25","slug":"anunt-cu-privire-la-convocarea-consiliului-raional-basarabeasca-in-sedinta-extraordinara-2","status":"publish","type":"post","link":"https:\/\/basarabeasca.md\/ro\/2023\/01\/anunt-cu-privire-la-convocarea-consiliului-raional-basarabeasca-in-sedinta-extraordinara-2\/","title":{"rendered":"ANUN\u021a. Cu privire la convocarea Consiliului raional Basarabeasca \u00een \u015fedin\u0163\u0103 extraordinar\u0103"},"content":{"rendered":"<p><a href=\"http:\/\/basarabeasca.md\/wp-content\/uploads\/2023\/01\/05Cu-privire-la-convocarea-Consiliului-raional-Basarabeasca-in-sedinta-extraordinara.pdf\">Dispozi\u021bia nr. 05 din 23.01.2022 Cu privire la convocarea Consiliului raional Basarabeasca \u00een \u015fedin\u0163\u0103 extraordinar\u0103<\/a><\/p>\n<p>\u00cen conformitate cu art. 45 alin. (2) \u015fi (3) al Legii nr. 436\/2006 privind administra\u0163ia public\u0103 local\u0103 <em>(MO nr. 32-35\/2007 art.116)<\/em>,<\/p>\n<ol>\n<li>Se convoac\u0103 Consiliul raional Basarabeasca \u00een \u015fedin\u0163\u0103 extraordinar\u0103 la <strong>27<\/strong><\/li>\n<\/ol>\n<p><strong>ianuarie 2023, ora 10.00,<\/strong> \u00een incinta Consiliului raional Basarabeasca, str. Karl Marx, 55, sala de \u015fedin\u0163e, etajul II, cu urm\u0103torul proiect al\u00a0 ordinii de zi:<\/p>\n<p>&nbsp;<\/p>\n<ol>\n<li><strong>Cu privire la modificarea bugetului raional pentru anul 2023 \u015fi alocarea mijloacelor financiare.<\/strong><\/li>\n<\/ol>\n<p><em>\u00a0\u00a0\u00a0\u00a0\u00a0 Raportor: Maria Muntean, \u015fef adjunct al Direc\u0163iei\u00a0 finan\u0163e<\/em><\/p>\n<ol start=\"2\">\n<li><strong>Cu privire la repartizarea mijloacelor financiare din componenta raional\u0103.<\/strong><\/li>\n<\/ol>\n<p><em>\u00a0 \u00a0\u00a0\u00a0\u00a0\u00a0\u00a0\u00a0Raportor: <\/em><em>Ecaterina Pascal, \u015fef adjunct al Direc\u0163iei \u00eenv\u0103\u0163\u0103m\u00e2nt general<\/em><\/p>\n<ol start=\"3\">\n<li><strong>Cu privire la aprobarea Regulamentului de organizare \u015fi func\u0163ionare a Serviciului agricultur\u0103, rela\u0163ii funciare \u015fi cadastru.<\/strong><\/li>\n<\/ol>\n<p><em>\u00a0\u00a0\u00a0\u00a0\u00a0 Raportor: Ivan Catan\u0103,\u015fef al Serviciului agricultur\u0103, rela\u0163ii funciare \u015fi cadastru\u00a0\u00a0\u00a0\u00a0\u00a0\u00a0\u00a0\u00a0\u00a0\u00a0\u00a0\u00a0\u00a0\u00a0\u00a0\u00a0\u00a0\u00a0\u00a0\u00a0\u00a0\u00a0\u00a0\u00a0\u00a0\u00a0 <\/em><\/p>\n<ol start=\"4\">\n<li><strong>Cu privire la transmiterea unor bunuri materiale.<\/strong><\/li>\n<\/ol>\n<p><em>\u00a0\u00a0\u00a0\u00a0\u00a0\u00a0 Raportor: Piotr Pu\u015fcari, pre\u015fedinte al raionului<\/em><\/p>\n<ol start=\"5\">\n<li><strong>Cu privire la arendarea unui spa\u0163iu \u00een incinta cl\u0103dirii administrative a Consiliului raional<\/strong>.<\/li>\n<\/ol>\n<p><em>\u00a0\u00a0\u00a0 Raportor: Vasile Baciu, \u015fef al Sec\u0163iei administra\u0163ie public\u0103<\/em><\/p>\n<ol start=\"6\">\n<li><strong>Cu privire la <\/strong><strong>transmiterea unui bun imobil. <\/strong><\/li>\n<\/ol>\n<p><em>Raportor: Ion Popov, vicepre\u015fedinte al raionului pe probleme sociale<\/em><\/p>\n<ol start=\"2\">\n<li>Responsabilitatea pentru organizarea \u015fi desf\u0103\u015furarea \u015fedin\u0163ei Consiliului raional mi-o asum.<\/li>\n<\/ol>\n<p>&nbsp;<\/p>\n<ol start=\"3\">\n<li>Prezenta dispozi\u0163ie intr\u0103 \u00een vigoare la data public\u0103rii \u00een Registrul de Stat al Actelor Locale, adus\u0103 la cuno\u015ftin\u0163a consilierilor raionali, precum \u015fi la cuno\u015ftin\u0163\u0103 public\u0103 prin intermediul paginii oficiale a Consiliului raional: <a href=\"http:\/\/www.basarabeasca.md\">basarabeasca.md<\/a>.<\/li>\n<\/ol>\n<p>&nbsp;<\/p>\n<p>Pre\u015fedintele<\/p>\n<p>raionului Basarabeasca\u00a0\u00a0\u00a0\u00a0\u00a0\u00a0\u00a0\u00a0\u00a0\u00a0\u00a0\u00a0\u00a0\u00a0\u00a0\u00a0\u00a0\u00a0\u00a0\u00a0\u00a0\u00a0\u00a0\u00a0\u00a0\u00a0\u00a0\u00a0\u00a0\u00a0\u00a0\u00a0\u00a0\u00a0\u00a0 \u00a0\u00a0\u00a0\u00a0\u00a0\u00a0\u00a0\u00a0\u00a0\u00a0\u00a0\u00a0\u00a0\u00a0\u00a0\u00a0\u00a0\u00a0\u00a0\u00a0\u00a0\u00a0\u00a0Piotr PU\u015eCARI<\/p>\n<p><a href=\"http:\/\/basarabeasca.md\/wp-content\/uploads\/2023\/01\/ordinea-de-zi-8.docx\">ordinea de zi (WORD)<\/a><\/p>","protected":false},"excerpt":{"rendered":"<p>Dispozi\u021bia nr. 05 din 23.01.2022 Cu privire la convocarea Consiliului raional Basarabeasca \u00een \u015fedin\u0163\u0103 extraordinar\u0103 \u00cen conformitate cu art. 45 alin. (2) \u015fi (3) al Legii nr. 436\/2006 privind administra\u0163ia public\u0103 local\u0103 (MO nr. 32-35\/2007 art.116), Se convoac\u0103 Consiliul raional Basarabeasca \u00een \u015fedin\u0163\u0103 extraordinar\u0103 la 27 ianuarie 2023, ora 10.00, \u00een incinta Consiliului raional Basarabeasca, [&hellip;]<\/p>\n","protected":false},"author":6,"featured_media":10646,"comment_status":"open","ping_status":"open","sticky":false,"template":"","format":"standard","meta":{"footnotes":""},"categories":[8],"tags":[],"class_list":["post-11185","post","type-post","status-publish","format-standard","has-post-thumbnail","hentry","category-anunturi"],"_links":{"self":[{"href":"https:\/\/basarabeasca.md\/ro\/wp-json\/wp\/v2\/posts\/11185","targetHints":{"allow":["GET"]}}],"collection":[{"href":"https:\/\/basarabeasca.md\/ro\/wp-json\/wp\/v2\/posts"}],"about":[{"href":"https:\/\/basarabeasca.md\/ro\/wp-json\/wp\/v2\/types\/post"}],"author":[{"embeddable":true,"href":"https:\/\/basarabeasca.md\/ro\/wp-json\/wp\/v2\/users\/6"}],"replies":[{"embeddable":true,"href":"https:\/\/basarabeasca.md\/ro\/wp-json\/wp\/v2\/comments?post=11185"}],"version-history":[{"count":2,"href":"https:\/\/basarabeasca.md\/ro\/wp-json\/wp\/v2\/posts\/11185\/revisions"}],"predecessor-version":[{"id":11192,"href":"https:\/\/basarabeasca.md\/ro\/wp-json\/wp\/v2\/posts\/11185\/revisions\/11192"}],"wp:featuredmedia":[{"embeddable":true,"href":"https:\/\/basarabeasca.md\/ro\/wp-json\/wp\/v2\/media\/10646"}],"wp:attachment":[{"href":"https:\/\/basarabeasca.md\/ro\/wp-json\/wp\/v2\/media?parent=11185"}],"wp:term":[{"taxonomy":"category","embeddable":true,"href":"https:\/\/basarabeasca.md\/ro\/wp-json\/wp\/v2\/categories?post=11185"},{"taxonomy":"post_tag","embeddable":true,"href":"https:\/\/basarabeasca.md\/ro\/wp-json\/wp\/v2\/tags?post=11185"}],"curies":[{"name":"wp","href":"https:\/\/api.w.org\/{rel}","templated":true}]}}