{"id":10661,"date":"2022-06-03T09:24:32","date_gmt":"2022-06-03T06:24:32","guid":{"rendered":"http:\/\/basarabeasca.md\/?p=10661"},"modified":"2022-06-03T09:24:32","modified_gmt":"2022-06-03T06:24:32","slug":"anunt-privind-initierea-elaborarii-proiectelor-de-decizii-ale-consiliului-raional-basarabeasca","status":"publish","type":"post","link":"https:\/\/basarabeasca.md\/ro\/2022\/06\/anunt-privind-initierea-elaborarii-proiectelor-de-decizii-ale-consiliului-raional-basarabeasca\/","title":{"rendered":"Anun\u0163  privind ini\u0163ierea elabor\u0103rii proiectelor de decizii  \u00a0ale Consiliului raional Basarabeasca"},"content":{"rendered":"<p>&nbsp;<\/p>\n<p>Pre\u015fedintele raionului Basarabeasca anun\u0163\u0103 despre ini\u0163ierea elabor\u0103rii unor proiecte de decizii ale Consiliului raional, pentru a fi propuse spre aprobare la \u015fedin\u0163a ordinar\u0103, preconizat\u0103 pentru luna <strong>iunie 2022<\/strong>.<\/p>\n<p>&nbsp;<\/p>\n<p>Cet\u0103\u0163enii, asocia\u0163iile, alte p\u0103r\u0163i interesate \u00een procesul de elaborare a proiectelor de decizii pot consulta proiectele \u015fi materialele aferente acestora care vor fi plasate pe pagina web: <a href=\"http:\/\/www.basarabeasca.md\">www.basarabeasca.md<\/a> sau la raportori.<\/p>\n<p>&nbsp;<\/p>\n<p>P\u0103r\u0163ile interesate pot prezenta propuneri \u015fi recomand\u0103ri la actele ini\u0163iate persoanelor responsabile de elaborare pe adresele men\u0163ionate, <strong>nu mai t\u00e2rziu de 06 iunie 2022 inclusiv.<\/strong><\/p>\n<p><strong>\u00a0<\/strong><\/p>\n<ol>\n<li><strong>Cu privire la corelarea bugetului raional pe anul curent cu Legea bugetului<\/strong><\/li>\n<\/ol>\n<p><strong>\u00a0\u00a0\u00a0 de stat pe anul 2022.<\/strong><\/p>\n<p><em>\u00a0\u00a0\u00a0 Raportor: Maria Muntean, \u015fef adjunct al Direc\u0163iei finan\u0163e<\/em><\/p>\n<ol start=\"2\">\n<li><strong> Cu privire la alocarea mijloacelor financiare.<\/strong><\/li>\n<\/ol>\n<p><em>\u00a0\u00a0\u00a0 Raportor: Maria Muntean, \u015fef adjunct al Direc\u0163iei finan\u0163e<\/em><\/p>\n<ol start=\"3\">\n<li><strong> Cu privire la aprobarea cheltuielilor efectuate prin dispozi\u0163iile pre\u015fedintelui <\/strong><\/li>\n<\/ol>\n<p><strong>\u00a0\u00a0\u00a0 raionului.<\/strong><\/p>\n<p><em>\u00a0\u00a0\u00a0 Raportor: Piotr Pu\u015fcari, pre\u015fedinte al raionului<\/em><\/p>\n<ol start=\"4\">\n<li><strong> Cu privire la unele modific\u0103ri \u00een decizia Consiliului raional nr. 01\/08 din <\/strong><\/li>\n<\/ol>\n<p><strong>\u00a0\u00a0\u00a0 04.03.2022.<\/strong><\/p>\n<p><em>\u00a0\u00a0\u00a0 Raportor: Evghenia Jileznaia, specialist principl <\/em><\/p>\n<ol start=\"5\">\n<li><strong> Cu privire la organizarea odihnei copiilor \u00een sezonul estival 2022.<\/strong><\/li>\n<\/ol>\n<p><em>\u00a0\u00a0\u00a0 Raportor: <\/em><em>Ecaterina Pascal, \u015fef adjunct al Direc\u0163iei \u00eenv\u0103\u0163\u0103m\u00e2nt general<\/em><\/p>\n<ol start=\"6\">\n<li><strong> Cu privire la mersul preg\u0103tirii institu\u0163iilor educa\u0163ionale c\u0103tre noul an de <\/strong><\/li>\n<\/ol>\n<p><strong>\u00a0\u00a0\u00a0 studii 2022-2023.<\/strong><\/p>\n<p><em>\u00a0\u00a0\u00a0 Raportor: <\/em><em>Ecaterina Pascal, \u015fef adjunct al Direc\u0163iei \u00eenv\u0103\u0163\u0103m\u00e2nt general<\/em><\/p>\n<ol start=\"7\">\n<li><strong> Cu privire la aprobarea Programului de activitate al Consiliului raional<\/strong><\/li>\n<\/ol>\n<p><strong>\u00a0\u00a0\u00a0 Basarabeasca pe trimestrul III al anului 2022.<\/strong><\/p>\n<p><em>\u00a0\u00a0\u00a0 Raportor: Gheorghe Livi\u0163chi, secretarul Consiliului raional<\/em><\/p>\n<ol start=\"8\">\n<li><strong> Cu privire la mersul execut\u0103rii deciziilor Consiliului raional, adoptate <\/strong><\/li>\n<\/ol>\n<p><strong>\u00a0\u00a0\u00a0\u00a0\u00a0\u00a0 \u00een semestrul II al anului 2021.<\/strong><\/p>\n<p><em>\u00a0\u00a0\u00a0\u00a0\u00a0\u00a0 Raportor: Gheorghe Livi\u0163chi, secretarul Consiliului raional<\/em><\/p>\n<ol start=\"9\">\n<li><strong> Cu privire la operarea unor modific\u0103ri \u00een componen\u0163a comisiilor <\/strong><\/li>\n<\/ol>\n<p><strong>\u00a0\u00a0\u00a0\u00a0\u00a0 consultative de specialitate ale Consiliului raional<\/strong><strong>. <\/strong><\/p>\n<p><em>\u00a0\u00a0\u00a0\u00a0 Raportor: Andrei Chircov, pre\u015fedintele Comisiei consultative de specialitate <\/em><\/p>\n<p><em>\u00a0\u00a0\u00a0\u00a0\u00a0\u00a0\u00a0\u00a0\u00a0\u00a0\u00a0\u00a0\u00a0\u00a0\u00a0\u00a0\u00a0\u00a0\u00a0\u00a0 pentru economie, buget \u015fi finan\u0163e<\/em><\/p>\n<ol start=\"10\">\n<li><strong> Cu privire la acordul de comercializare prin licita\u0163ie a unui mijloc de <\/strong><\/li>\n<\/ol>\n<p><strong>\u00a0\u00a0\u00a0\u00a0 transport.<\/strong><\/p>\n<p><em>\u00a0\u00a0\u00a0\u00a0 Raportor: Ion Popov, vicepre\u015fedinte al raionului pe probleme sociale<\/em><\/p>\n<p><em>\u00a0\u00a0\u00a0 Coraportor: Vladimir Diacov, director interimar al IMSP CS Ba\u015faclia<\/em><\/p>\n<ol start=\"11\">\n<li><strong>Cu privire la trecerea unor bunuri din domeniul public \u00een domeniul privat.<\/strong><\/li>\n<\/ol>\n<p><em>\u00a0\u00a0\u00a0\u00a0 Raportor:<\/em><em> Gheorghe Livi\u0163chi, secretarul Consiliului raional<\/em><\/p>\n<ol start=\"12\">\n<li><strong> Cu privire la expunerea la licita\u0163ie a unor bunuri imobile.<\/strong><\/li>\n<\/ol>\n<p><em>\u00a0\u00a0\u00a0\u00a0 Raportor: Petru Scutari, vicepre\u015fedinte al raionului pe probleme economice<\/em><\/p>\n<p><strong>13.<\/strong><strong>Cu privire la acceptarea demol\u0103rii unei construc\u0163ii.<\/strong><\/p>\n<p><em>\u00a0\u00a0\u00a0\u00a0 Raportor: <\/em><em>Ecaterina Pascal, \u015fef adjunct al Direc\u0163iei \u00eenv\u0103\u0163\u0103m\u00e2nt general<\/em><\/p>\n<p><em>\u00a0\u00a0\u00a0\u00a0 Coraportor: Elena Gurin, director al IP LT \u201eMatei Basarab\u201d or. Basarabeasca<\/em><\/p>\n<ol start=\"14\">\n<li><strong>Cu privire la casarea bunurilor raportate la mijloace fixe.<\/strong><\/li>\n<\/ol>\n<p><em>\u00a0\u00a0\u00a0\u00a0\u00a0 Raportor: <\/em><em>Ecaterina Pascal, \u015fef adjunct al Direc\u0163iei \u00eenv\u0103\u0163\u0103m\u00e2nt general<\/em><\/p>\n<p><em>\u00a0\u00a0\u00a0\u00a0 Coraportor: Elena Gurin, director al IP LT \u201eMatei Basarab\u201d or. Basarabeasca<\/em><\/p>\n<ol start=\"15\">\n<li><strong>Cu privire la aprobarea \u00een redac\u0163ie nou\u0103 a Comisiei raionale pentru <\/strong><\/li>\n<\/ol>\n<p><strong>\u00a0\u00a0\u00a0\u00a0\u00a0 privatizarea fondului de locuin\u0163e.<\/strong><\/p>\n<p><em>\u00a0\u00a0\u00a0\u00a0\u00a0\u00a0 Raportor: Galina \u015eadura, specialist principal<\/em><\/p>\n<ol start=\"16\">\n<li><strong> Cu privire la suspendarea activit\u0103\u0163ii \u00ceM \u201eBiroul de proiect\u0103ri, prospec\u0163iuni \u015fi <\/strong><\/li>\n<\/ol>\n<p><strong>\u00a0\u00a0\u00a0\u00a0\u00a0 servicii\u201d.<\/strong><\/p>\n<p><em>\u00a0\u00a0\u00a0\u00a0\u00a0 Raportor: Petru Scutari, vicepre\u015fedinte al raionului pe probleme economice<\/em><\/p>\n<ol start=\"17\">\n<li><strong>Cu privire la transmiterea \u00een gestiune a dou\u0103 cazane pe gaze naturale.<\/strong><\/li>\n<\/ol>\n<p><em>\u00a0\u00a0\u00a0\u00a0\u00a0 Raportor: Silvia Niculi\u0163a, contabil-\u015fef din cadrul Aparatului pre\u015fedintelui <\/em><\/p>\n<p><em>\u00a0\u00a0\u00a0\u00a0\u00a0\u00a0\u00a0\u00a0\u00a0\u00a0\u00a0\u00a0\u00a0\u00a0\u00a0\u00a0\u00a0\u00a0\u00a0\u00a0\u00a0\u00a0\u00a0 raionului<\/em><\/p>\n<ol start=\"18\">\n<li><strong> Cu privire la unele modific\u0103ri \u00een decizia Consiliului raional nr. 05\/12 din <\/strong><\/li>\n<\/ol>\n<p><strong>\u00a0\u00a0\u00a0\u00a0\u00a0 18.12.2020.<\/strong><\/p>\n<p><em>\u00a0\u00a0\u00a0\u00a0\u00a0 Raportor: Silvia Niculi\u0163a, contabil-\u015fef din cadrul Aparatului pre\u015fedintelui <\/em><\/p>\n<p><em>\u00a0\u00a0\u00a0\u00a0\u00a0\u00a0\u00a0\u00a0\u00a0\u00a0\u00a0\u00a0\u00a0\u00a0\u00a0\u00a0\u00a0\u00a0\u00a0\u00a0\u00a0\u00a0\u00a0 raionului<\/em><\/p>\n<ol start=\"19\">\n<li><strong> Cu privire la arendarea unor spa\u0163ii \u00een incinta cl\u0103dirii administrative a <\/strong><\/li>\n<\/ol>\n<p><strong>\u00a0\u00a0\u00a0\u00a0\u00a0 Consiliului raional.<\/strong><\/p>\n<p><em>\u00a0\u00a0\u00a0\u00a0\u00a0\u00a0 Raportor: Silvia Niculi\u0163a, contabil-\u015fef din cadrul Aparatului pre\u015fedintelui <\/em><\/p>\n<p><em>\u00a0\u00a0\u00a0\u00a0\u00a0\u00a0\u00a0\u00a0\u00a0\u00a0\u00a0\u00a0\u00a0\u00a0\u00a0\u00a0\u00a0\u00a0\u00a0\u00a0\u00a0\u00a0\u00a0 raionului<\/em><\/p>\n<ol start=\"20\">\n<li><strong> Cu privire la numirea \u00een func\u0163ie a administratorului IM <\/strong><\/li>\n<\/ol>\n<p><strong>\u00a0\u00a0\u00a0 \u201eCentrul Stomatologic Raional Basarabeasca\u201d.<\/strong><\/p>\n<p><em>\u00a0\u00a0\u00a0\u00a0\u00a0\u00a0 Raportor: Ion Popov, vicepre\u015fedinte al raionului pe probleme sociale<\/em><\/p>\n<ol start=\"21\">\n<li><strong> Cu privire la transmiterea unui set de costume.<\/strong><\/li>\n<\/ol>\n<p><em>\u00a0\u00a0\u00a0\u00a0\u00a0 Raportor: Olga Baciu, \u015fef al Sec\u0163iei cultur\u0103<\/em><\/p>\n<p><em>\u00a0<\/em><\/p>\n","protected":false},"excerpt":{"rendered":"<p>&nbsp; Pre\u015fedintele raionului Basarabeasca anun\u0163\u0103 despre ini\u0163ierea elabor\u0103rii unor proiecte de decizii ale Consiliului raional, pentru a fi propuse spre aprobare la \u015fedin\u0163a ordinar\u0103, preconizat\u0103 pentru luna iunie 2022. &nbsp; Cet\u0103\u0163enii, asocia\u0163iile, alte p\u0103r\u0163i interesate \u00een procesul de elaborare a proiectelor de decizii pot consulta proiectele \u015fi materialele aferente acestora care vor fi plasate pe [&hellip;]<\/p>\n","protected":false},"author":6,"featured_media":10662,"comment_status":"open","ping_status":"open","sticky":false,"template":"","format":"standard","meta":{"footnotes":""},"categories":[8],"tags":[],"class_list":["post-10661","post","type-post","status-publish","format-standard","has-post-thumbnail","hentry","category-anunturi"],"_links":{"self":[{"href":"https:\/\/basarabeasca.md\/ro\/wp-json\/wp\/v2\/posts\/10661","targetHints":{"allow":["GET"]}}],"collection":[{"href":"https:\/\/basarabeasca.md\/ro\/wp-json\/wp\/v2\/posts"}],"about":[{"href":"https:\/\/basarabeasca.md\/ro\/wp-json\/wp\/v2\/types\/post"}],"author":[{"embeddable":true,"href":"https:\/\/basarabeasca.md\/ro\/wp-json\/wp\/v2\/users\/6"}],"replies":[{"embeddable":true,"href":"https:\/\/basarabeasca.md\/ro\/wp-json\/wp\/v2\/comments?post=10661"}],"version-history":[{"count":1,"href":"https:\/\/basarabeasca.md\/ro\/wp-json\/wp\/v2\/posts\/10661\/revisions"}],"predecessor-version":[{"id":10663,"href":"https:\/\/basarabeasca.md\/ro\/wp-json\/wp\/v2\/posts\/10661\/revisions\/10663"}],"wp:featuredmedia":[{"embeddable":true,"href":"https:\/\/basarabeasca.md\/ro\/wp-json\/wp\/v2\/media\/10662"}],"wp:attachment":[{"href":"https:\/\/basarabeasca.md\/ro\/wp-json\/wp\/v2\/media?parent=10661"}],"wp:term":[{"taxonomy":"category","embeddable":true,"href":"https:\/\/basarabeasca.md\/ro\/wp-json\/wp\/v2\/categories?post=10661"},{"taxonomy":"post_tag","embeddable":true,"href":"https:\/\/basarabeasca.md\/ro\/wp-json\/wp\/v2\/tags?post=10661"}],"curies":[{"name":"wp","href":"https:\/\/api.w.org\/{rel}","templated":true}]}}